{"id":139489,"date":"2025-05-30T15:10:09","date_gmt":"2025-05-30T15:10:09","guid":{"rendered":"https:\/\/www.europesays.com\/fr\/139489\/"},"modified":"2025-05-30T15:10:09","modified_gmt":"2025-05-30T15:10:09","slug":"giorgia-meloni-assure-quelle-na-pas-de-problemes-avec-emmanuel-macron","status":"publish","type":"post","link":"https:\/\/www.europesays.com\/fr\/139489\/","title":{"rendered":"Giorgia Meloni assure qu\u2019elle n\u2019a pas de \u00abprobl\u00e8mes\u00bb avec Emmanuel Macron"},"content":{"rendered":"<p>\u00abL\u2019Italie et la France sont deux nations amies, deux nations alli\u00e9es, deux nations qui ont des positions totalement convergentes sur de tr\u00e8s nombreux dossiers\u00bb, a dit la cheffe d\u2019\u00c9tat italienne \u00e0 la presse \u00e0 Astana (Kazakhstan), o\u00f9 elle effectue une visite officielle.<\/p>\n<p class=\"fig-paragraph\">Politique d\u2019apaisement. La premi\u00e8re ministre italienne\u00a0<a href=\"http:\/\/www.lefigaro.fr\/international\/giorgia-meloni-tente-de-revenir-dans-le-jeu-diplomatique-20250518\" data-fig-type=\"Article\" data-gtm-custom-categorie=\"navigation\" data-gtm-custom-action=\"crossclick\" data-gtm-custom-label=\"Contextuel\" data-gtm-event=\"customEventSPE\" data-fig-domain=\"LEFIGARO\" rel=\"nofollow noopener\" target=\"_blank\">Giorgia Meloni<\/a>\u00a0a assur\u00e9 vendredi 30 mai 2025 qu&rsquo;il n&rsquo;y avait pas de probl\u00e8me entre elle et le pr\u00e9sident fran\u00e7ais\u00a0<a href=\"http:\/\/www.lefigaro.fr\/politique\/referendum-europeen-de-2005-vingt-ans-apres-le-mystere-du-vote-d-emmanuel-macron-20250528\" data-fig-type=\"Article\" data-gtm-custom-categorie=\"navigation\" data-gtm-custom-action=\"crossclick\" data-gtm-custom-label=\"Contextuel\" data-gtm-event=\"customEventSPE\" data-fig-domain=\"LEFIGARO\" rel=\"nofollow noopener\" target=\"_blank\">Emmanuel Macron<\/a>, qu&rsquo;elle rencontrera mardi 3 juin, en d\u00e9pit d&rsquo;ann\u00e9es de relations tendues.<\/p>\n<p class=\"fig-paragraph\">\u00abL&rsquo;Italie et la France sont deux nations amies, deux nations alli\u00e9es, deux nations qui ont des positions totalement convergentes sur de tr\u00e8s nombreux dossiers\u00bb, a-t-elle dit \u00e0 la presse \u00e0 Astana (<a href=\"http:\/\/www.lefigaro.fr\/lyon\/parti-recuperer-ses-enfants-retenus-par-leur-mere-au-kazakhstan-un-pere-francais-empeche-de-quitter-le-pays-20250513\" data-fig-type=\"NewsFlash\" data-gtm-custom-categorie=\"navigation\" data-gtm-custom-action=\"crossclick\" data-gtm-custom-label=\"Contextuel\" data-gtm-event=\"customEventSPE\" data-fig-domain=\"LEFIGARO\" rel=\"nofollow noopener\" target=\"_blank\">Kazakhstan<\/a>), o\u00f9 elle effectuait une visite officielle.<\/p>\n<p class=\"fig-paragraph\">Reconnaissant que les deux pays \u00abont parfois des divergences\u00bb, elle a estim\u00e9 que c&rsquo;\u00e9tait \u00abnormal, cela ne veut pas dire qu&rsquo;il y a des probl\u00e8mes personnels\u00bb avec Emmanuel Macron. \u00abLes chefs d\u2019\u00c9tat discutent, parfois de mani\u00e8re tr\u00e8s vive, mais cela ne compromet pas et ne modifie pas les rapports entre les nations\u00bb, a-t-elle poursuivi.<\/p>\n<p>Le pr\u00e9sident fran\u00e7ais est attendu ce mardi \u00e0 Rome<\/p>\n<p class=\"fig-paragraph\">Concernant ses rapports avec le pr\u00e9sident fran\u00e7ais, elle a assur\u00e9 que \u00abnous nous sommes trouv\u00e9s d&rsquo;accord \u00e0 de tr\u00e8s nombreuses reprises et parfois nous \u00e9tions moins d&rsquo;accord\u00bb. \u00abNous sommes deux dirigeants qui se parlent, nous nous sommes vus tellement de fois (\u2026) Il y a une infinit\u00e9 de sujets desquels discuter et je suis tr\u00e8s contente qu&rsquo;Emmanuel Macron vienne \u00e0 Rome\u00a0: nous aurons ainsi l&rsquo;occasion de s&rsquo;asseoir et de discuter plus calmement ces divers dossiers\u00bb, a conclu Giorgia Meloni.<\/p>\n<p class=\"fig-paragraph\">Le pr\u00e9sident fran\u00e7ais est attendu ce mardi \u00e0\u00a0<a href=\"http:\/\/www.lefigaro.fr\/style\/pour-son-defile-croisiere-dior-maria-grazia-chiuri-declare-son-amour-a-rome-20250528\" data-fig-type=\"Article\" data-gtm-custom-categorie=\"navigation\" data-gtm-custom-action=\"crossclick\" data-gtm-custom-label=\"Contextuel\" data-gtm-event=\"customEventSPE\" data-fig-domain=\"LEFIGARO\" rel=\"nofollow noopener\" target=\"_blank\">Rome\u00a0<\/a>en fin d&rsquo;apr\u00e8s-midi pour une r\u00e9union avec son homologue italienne, suivie d&rsquo;un d\u00eener de travail. La presse italienne interpr\u00e8te cette visite comme une tentative pragmatique d&rsquo;apaisement entre les deux dirigeants.<\/p>\n","protected":false},"excerpt":{"rendered":"\u00abL\u2019Italie et la France sont deux nations amies, deux nations alli\u00e9es, deux nations qui ont des positions totalement&hellip;\n","protected":false},"author":2,"featured_media":139490,"comment_status":"","ping_status":"","sticky":false,"template":"","format":"standard","meta":{"footnotes":""},"categories":[5],"tags":[259,11,260,312,1073,1011,27,3044,14,452,261,12,262,28],"class_list":{"0":"post-139489","1":"post","2":"type-post","3":"status-publish","4":"format-standard","5":"has-post-thumbnail","7":"category-international","8":"tag-actualite-internationale","9":"tag-actualites","10":"tag-affaires-etrangeres","11":"tag-diplomatie","12":"tag-emmanuel-macron","13":"tag-fr","14":"tag-france","15":"tag-giorgia-meloni","16":"tag-international","17":"tag-italie","18":"tag-ministere-des-affaires-etrangeres","19":"tag-news","20":"tag-politique-etrangere","21":"tag-world"},"share_on_mastodon":{"url":"https:\/\/pubeurope.com\/@fr\/114597424211681987","error":""},"_links":{"self":[{"href":"https:\/\/www.europesays.com\/fr\/wp-json\/wp\/v2\/posts\/139489","targetHints":{"allow":["GET"]}}],"collection":[{"href":"https:\/\/www.europesays.com\/fr\/wp-json\/wp\/v2\/posts"}],"about":[{"href":"https:\/\/www.europesays.com\/fr\/wp-json\/wp\/v2\/types\/post"}],"author":[{"embeddable":true,"href":"https:\/\/www.europesays.com\/fr\/wp-json\/wp\/v2\/users\/2"}],"replies":[{"embeddable":true,"href":"https:\/\/www.europesays.com\/fr\/wp-json\/wp\/v2\/comments?post=139489"}],"version-history":[{"count":0,"href":"https:\/\/www.europesays.com\/fr\/wp-json\/wp\/v2\/posts\/139489\/revisions"}],"wp:featuredmedia":[{"embeddable":true,"href":"https:\/\/www.europesays.com\/fr\/wp-json\/wp\/v2\/media\/139490"}],"wp:attachment":[{"href":"https:\/\/www.europesays.com\/fr\/wp-json\/wp\/v2\/media?parent=139489"}],"wp:term":[{"taxonomy":"category","embeddable":true,"href":"https:\/\/www.europesays.com\/fr\/wp-json\/wp\/v2\/categories?post=139489"},{"taxonomy":"post_tag","embeddable":true,"href":"https:\/\/www.europesays.com\/fr\/wp-json\/wp\/v2\/tags?post=139489"}],"curies":[{"name":"wp","href":"https:\/\/api.w.org\/{rel}","templated":true}]}}