{"id":139495,"date":"2025-05-30T15:13:10","date_gmt":"2025-05-30T15:13:10","guid":{"rendered":"https:\/\/www.europesays.com\/fr\/139495\/"},"modified":"2025-05-30T15:13:10","modified_gmt":"2025-05-30T15:13:10","slug":"loire-un-nouveau-dealer-interpelle-mercredi-a-la-ricamarie","status":"publish","type":"post","link":"https:\/\/www.europesays.com\/fr\/139495\/","title":{"rendered":"Loire. Un nouveau dealer interpell\u00e9 mercredi \u00e0 La Ricamarie"},"content":{"rendered":"<p>Depuis quelques mois, la lutte contre les points de deal s\u2019intensifie dans la Loire. Cette volont\u00e9 de ne laisser aucun r\u00e9pit aux trafiquants <a href=\"https:\/\/www.leprogres.fr\/faits-divers-justice\/2025\/03\/21\/un-dealeur-interpelle-au-centre-ville-de-la-ricamarie-avec-cannabis-et-cocaine\" target=\"_blank\" rel=\"noopener\">s\u2019est encore v\u00e9rifi\u00e9e mercredi 28 mai,<\/a> \u00e0 La Ricamarie.<\/p>\n<p>Le stock de coca\u00efne d\u00e9truit<\/p>\n<p>\u00ab On occupe le terrain \u00bb, ont soulign\u00e9 les forces de l\u2019ordre. Aux alentours de 20 heures, place de l\u2019\u00c9glise, la police a rep\u00e9r\u00e9 une personne qui effectuait de nombreux allers et retours. Sous une b\u00e2che, elle dissimulait une douzaine de bombonnes de coca\u00efne.<\/p>\n<p>Interpell\u00e9 par les policiers, le vendeur, \u00e2g\u00e9 de 17 ans, a vu son stock d\u00e9truit sur place et a \u00e9t\u00e9 plac\u00e9 en garde \u00e0 vue. L\u2019argent, environ 400 euros, a \u00e9t\u00e9 plac\u00e9 sous scell\u00e9. L\u2019individu devra r\u00e9pondre de ses actes lors d\u2019une prochaine convocation au tribunal correctionnel.<\/p>\n","protected":false},"excerpt":{"rendered":"Depuis quelques mois, la lutte contre les points de deal s\u2019intensifie dans la Loire. Cette volont\u00e9 de ne&hellip;\n","protected":false},"author":2,"featured_media":139496,"comment_status":"","ping_status":"","sticky":false,"template":"","format":"standard","meta":{"footnotes":""},"categories":[9653],"tags":[1111,11,2430,271,272,7539,1777,674,274,1011,27,11324,11325,3367,12,25,4001],"class_list":{"0":"post-139495","1":"post","2":"type-post","3":"status-publish","4":"format-standard","5":"has-post-thumbnail","7":"category-saint-etienne","8":"tag-actu","9":"tag-actualites","10":"tag-auvergne-rhone-alpes","11":"tag-crime","12":"tag-delit-et-contravention","13":"tag-edition-loire-sud","14":"tag-eu","15":"tag-europe","16":"tag-faits-divers-justice","17":"tag-fr","18":"tag-france","19":"tag-la-ricamarie","20":"tag-la-ricamarie-ville","21":"tag-loire","22":"tag-news","23":"tag-republique-francaise","24":"tag-saint-etienne"},"share_on_mastodon":{"url":"https:\/\/pubeurope.com\/@fr\/114597436002993349","error":""},"_links":{"self":[{"href":"https:\/\/www.europesays.com\/fr\/wp-json\/wp\/v2\/posts\/139495","targetHints":{"allow":["GET"]}}],"collection":[{"href":"https:\/\/www.europesays.com\/fr\/wp-json\/wp\/v2\/posts"}],"about":[{"href":"https:\/\/www.europesays.com\/fr\/wp-json\/wp\/v2\/types\/post"}],"author":[{"embeddable":true,"href":"https:\/\/www.europesays.com\/fr\/wp-json\/wp\/v2\/users\/2"}],"replies":[{"embeddable":true,"href":"https:\/\/www.europesays.com\/fr\/wp-json\/wp\/v2\/comments?post=139495"}],"version-history":[{"count":0,"href":"https:\/\/www.europesays.com\/fr\/wp-json\/wp\/v2\/posts\/139495\/revisions"}],"wp:featuredmedia":[{"embeddable":true,"href":"https:\/\/www.europesays.com\/fr\/wp-json\/wp\/v2\/media\/139496"}],"wp:attachment":[{"href":"https:\/\/www.europesays.com\/fr\/wp-json\/wp\/v2\/media?parent=139495"}],"wp:term":[{"taxonomy":"category","embeddable":true,"href":"https:\/\/www.europesays.com\/fr\/wp-json\/wp\/v2\/categories?post=139495"},{"taxonomy":"post_tag","embeddable":true,"href":"https:\/\/www.europesays.com\/fr\/wp-json\/wp\/v2\/tags?post=139495"}],"curies":[{"name":"wp","href":"https:\/\/api.w.org\/{rel}","templated":true}]}}