{"id":139499,"date":"2025-05-30T15:15:15","date_gmt":"2025-05-30T15:15:15","guid":{"rendered":"https:\/\/www.europesays.com\/fr\/139499\/"},"modified":"2025-05-30T15:15:15","modified_gmt":"2025-05-30T15:15:15","slug":"nancy-la-poste-ferme-son-bureau-au-66-rue-saint-dizier-et-rouvre-ses-boites-au-n-10","status":"publish","type":"post","link":"https:\/\/www.europesays.com\/fr\/139499\/","title":{"rendered":"Nancy. La Poste ferme son bureau au 66, rue Saint-Dizier&#8230; et rouvre ses bo\u00eetes au n\u00b0\u00a010"},"content":{"rendered":"<p>La fermeture des bureaux de La Poste se poursuit m\u00eame si l\u2019op\u00e9rateur historique <a href=\"https:\/\/www.estrepublicain.fr\/economie\/2024\/10\/07\/la-poste-ferme-des-bureaux-mais-cree-des-points-relais\" target=\"_blank\" rel=\"noopener\">tente de compenser par la cr\u00e9ation de points relais<\/a>. Pourtant hyperfr\u00e9quent\u00e9, le bureau situ\u00e9 au n\u00b0\u00a066, rue Saint-Dizier \u00e0 Nancy, face \u00e0 la pharmacie Lafayette, vit ses derni\u00e8res heures.<\/p>\n<p>Ce vendredi 30\u00a0mai, le distributeur automatique de billets a \u00e9t\u00e9 plac\u00e9 hors service tout comme les deux bo\u00eetes aux lettres situ\u00e9es en fa\u00e7ade. Lundi 2\u00a0juin, le bureau sera d\u00e9finitivement ferm\u00e9. Un affichage informe les usagers sur la marche \u00e0 suivre pour le retrait des colis ou d\u2019argent, en renvoyant vers le \u201ccousin survivant\u201d, \u00e0 quelque 600\u00a0m\u00e8tres de l\u00e0, au n\u00b0\u00a010, rue Saint-Dizier. <\/p>\n<p>Dans son affichage informatif, on peut se demander pourquoi La Poste ne mentionne jamais le mot de \u00ab\u00a0fermeture\u00a0\u00bb puisque c\u2019est bien de cela dont il s\u2019agit, non\u00a0?<\/p>\n<p>  Bo\u00eetes aux lettres lib\u00e9r\u00e9es<\/p>\n<p>Au n\u00b0\u00a010, alors qu\u2019une plaque m\u00e9tallique avait \u00e9t\u00e9 <a href=\"https:\/\/www.estrepublicain.fr\/societe\/2025\/05\/28\/boites-aux-lettres-condamnees\" target=\"_blank\" rel=\"noopener\">boulonn\u00e9e sur les deux bo\u00eetes aux lettres en fa\u00e7ade<\/a> lundi 27\u00a0mai, ces deux ouvertures &#8211; l\u2019une destin\u00e9e aux d\u00e9partements 52, 54, 55, 57 et 88 et la deuxi\u00e8me d\u00e9di\u00e9e \u00e0 l\u2019\u00e9tranger\/autres d\u00e9partements &#8211; sont de nouveau accessibles depuis la voie publique, ce vendredi. <\/p>\n<p>La situation \u00e9tait pour le moins ambivalente puisque sur son site internet, La Poste souligne qu\u2019une bo\u00eete aux lettres \u00ab\u00a0doit \u00eatre positionn\u00e9e [\u2026] en bordure de voie ouverte \u00e0 la circulation publique\u00a0\u00bb. <\/p>\n<p>Renseignements pris, le boulonnage au n\u00b0\u00a010 l\u2019a \u00e9t\u00e9 par erreur alors que c\u2019est le n\u00b0\u00a066 qui devait \u00eatre (et a \u00e9t\u00e9) condamn\u00e9.<\/p>\n","protected":false},"excerpt":{"rendered":"La fermeture des bureaux de La Poste se poursuit m\u00eame si l\u2019op\u00e9rateur historique tente de compenser par la&hellip;\n","protected":false},"author":2,"featured_media":139500,"comment_status":"","ping_status":"","sticky":false,"template":"","format":"standard","meta":{"footnotes":""},"categories":[9635],"tags":[1111,11,1704,1777,674,1011,27,775,1702,1703,12,25,104],"class_list":{"0":"post-139499","1":"post","2":"type-post","3":"status-publish","4":"format-standard","5":"has-post-thumbnail","7":"category-nancy","8":"tag-actu","9":"tag-actualites","10":"tag-edition-nancy-et-agglomeration","11":"tag-eu","12":"tag-europe","13":"tag-fr","14":"tag-france","15":"tag-grand-est","16":"tag-nancy","17":"tag-nancy-ville-54b","18":"tag-news","19":"tag-republique-francaise","20":"tag-societe"},"share_on_mastodon":{"url":"https:\/\/pubeurope.com\/@fr\/114597443950510253","error":""},"_links":{"self":[{"href":"https:\/\/www.europesays.com\/fr\/wp-json\/wp\/v2\/posts\/139499","targetHints":{"allow":["GET"]}}],"collection":[{"href":"https:\/\/www.europesays.com\/fr\/wp-json\/wp\/v2\/posts"}],"about":[{"href":"https:\/\/www.europesays.com\/fr\/wp-json\/wp\/v2\/types\/post"}],"author":[{"embeddable":true,"href":"https:\/\/www.europesays.com\/fr\/wp-json\/wp\/v2\/users\/2"}],"replies":[{"embeddable":true,"href":"https:\/\/www.europesays.com\/fr\/wp-json\/wp\/v2\/comments?post=139499"}],"version-history":[{"count":0,"href":"https:\/\/www.europesays.com\/fr\/wp-json\/wp\/v2\/posts\/139499\/revisions"}],"wp:featuredmedia":[{"embeddable":true,"href":"https:\/\/www.europesays.com\/fr\/wp-json\/wp\/v2\/media\/139500"}],"wp:attachment":[{"href":"https:\/\/www.europesays.com\/fr\/wp-json\/wp\/v2\/media?parent=139499"}],"wp:term":[{"taxonomy":"category","embeddable":true,"href":"https:\/\/www.europesays.com\/fr\/wp-json\/wp\/v2\/categories?post=139499"},{"taxonomy":"post_tag","embeddable":true,"href":"https:\/\/www.europesays.com\/fr\/wp-json\/wp\/v2\/tags?post=139499"}],"curies":[{"name":"wp","href":"https:\/\/api.w.org\/{rel}","templated":true}]}}