{"id":139511,"date":"2025-05-30T15:21:08","date_gmt":"2025-05-30T15:21:08","guid":{"rendered":"https:\/\/www.europesays.com\/fr\/139511\/"},"modified":"2025-05-30T15:21:08","modified_gmt":"2025-05-30T15:21:08","slug":"pourquoi-lancien-premier-ministre-edouard-philippe-sera-a-rouen-ce-lundi","status":"publish","type":"post","link":"https:\/\/www.europesays.com\/fr\/139511\/","title":{"rendered":"Pourquoi l&rsquo;ancien Premier ministre \u00c9douard Philippe sera \u00e0 Rouen ce lundi"},"content":{"rendered":"<p>            Par<br \/>\n        <strong><br \/>\n            <a href=\"https:\/\/actu.fr\/auteur\/julien-bouteiller\" title=\"Consulter tous les articles de Julien Bouteiller\" rel=\"nofollow noopener\" target=\"_blank\">Julien Bouteiller<\/a><br \/>\n        <\/strong><\/p>\n<p>        Publi\u00e9 le<\/p>\n<p>            30 mai 2025 \u00e0 16h58        <\/p>\n<p><strong>On est plus habitu\u00e9 \u00e0 le voir au Havre<\/strong>, dont il est le maire. Mais ce lundi 2 juin 2025, c\u2019est bien<strong> \u00e0 Rouen<\/strong> que se rendra l\u2019ancien Premier ministre <a href=\"https:\/\/actu.fr\/tag\/edouard-philippe\" rel=\"nofollow noopener\" target=\"_blank\">\u00c9douard Philippe.<\/a>\u00a0<\/p>\n<p>\u00c9douard Philippe en campagne pour Marine Caron \u00e0 Rouen<\/p>\n<p class=\" wall-content\">Ce n\u2019est pas pour faire la promotion de son nouveau livre, mais plut\u00f4t pour faire celle de <a href=\"https:\/\/actu.fr\/normandie\/rouen_76540\/marine-caron-fait-un-pas-de-plus-vers-les-municipales-a-rouen-avec-quelques-soutiens-connus_62487736.html\" rel=\"nofollow noopener\" target=\"_blank\">Marine Caron, candidate aux \u00e9lections municipales<\/a> \u00e0 Rouen. Membre d\u2019Horizons, le parti fond\u00e9 par \u00c9douard Philippe, elle accueille ce dernier <strong>pour une r\u00e9union publique.<\/strong><\/p>\n<p class=\" wall-content\">\u00ab\u00a0Il vient <strong>pour mat\u00e9rialiser et officialiser le rassemblement<\/strong> que nous portons\u00a0\u00bb, nous indique-t-on dans l\u2019entourage de la candidate malheureuse aux derni\u00e8res municipales. \u00ab\u00a0D\u2019abord, il y aura une prise de parole des chefs de file des partis hors Horizons, puis un discours de Marine Caron et celui d\u2019\u00c9douard Philippe.\u00a0\u00bb<\/p>\n<p>Et bient\u00f4t Jean-Luc M\u00e9lenchon<\/p>\n<p class=\" wall-content\"><a href=\"https:\/\/actu.fr\/normandie\/le-havre_76351\/presidentielle-2027-le-maire-du-havre-edouard-philippe-est-officiellement-candidat_61561798.html\" rel=\"nofollow noopener\" target=\"_blank\">Celui qui ne cache pas ses ambitions pr\u00e9sidentielles<\/a> va s\u00fbrement \u00ab\u00a0pr\u00f4ner \u00e0 Rouen ce qu\u2019il pr\u00f4ne au national, c\u2019est-\u00e0-dire un rassemblement allant des R\u00e9publicains jusqu\u2019\u00e0 Renaissance\u00a0\u00bb. Chez Rouen A\u2019Venir, le collectif port\u00e9 par Marine Caron, on veut \u00ab\u00a0d\u00e9montrer que le rassemblement est fait et en ordre de marche pour 2026 et on va d\u00e9gager des axes prioritaires\u00a0\u00bb.<\/p>\n<p class=\" wall-content\"><strong>D\u00e9j\u00e0 plus de 350 personnes sont inscrites<\/strong> pour cette r\u00e9union \u00e0 la salle Vue sur Seine, dans le Hangar 10.\u00a0<\/p>\n<p>Vid\u00e9os : en ce moment sur Actu<\/p>\n<p class=\" wall-content\">Quelques jours plus tard, ce sera au leader des Insoumis, <a href=\"https:\/\/actu.fr\/normandie\/rouen_76540\/que-va-venir-faire-jean-luc-melenchon-a-rouen-tres-prochainement_62591511.html\" rel=\"nofollow noopener\" target=\"_blank\">Jean-Luc M\u00e9lenchon, de venir faire un tour \u00e0 Rouen<\/a>. Il donnera \u00e0 la Halle aux toiles <strong>un meeting pour la VIe R\u00e9publique et pour la paix.<\/strong><\/p>\n<p>Suivez l\u2019actualit\u00e9 de Rouen <a href=\"https:\/\/www.whatsapp.com\/channel\/0029VaKfnf99hXF2ddApFB1D\" rel=\"nofollow noopener\" target=\"_blank\">sur notre cha\u00eene WhatsApp<\/a> et <a href=\"https:\/\/www.tiktok.com\/@76actu.fr?lang=fr\" rel=\"nofollow noopener\" target=\"_blank\">sur notre compte TikTok<\/a><\/p>\n<p class=\" wall-content\">Suivez toute l\u2019actualit\u00e9 de vos villes et m\u00e9dias favoris en vous inscrivant \u00e0 <a href=\"https:\/\/moncompte.actu.fr\" title=\"D\u00e9couvez Mon Actu\" rel=\"nofollow noopener\" data-trk=\"{&quot;cta&quot;:{&quot;action&quot;:&quot;https:\\\/\\\/moncompte.actu.fr&quot;,&quot;category&quot;:&quot;mon compte&quot;,&quot;from&quot;:&quot;article footer&quot;,&quot;name&quot;:&quot;Mon actu&quot;,&quot;type&quot;:&quot;cta&quot;}}\" target=\"_blank\">Mon Actu<\/a>.<\/p>\n<ul class=\"ac-article-tag wall-content\">\n<li><a href=\"https:\/\/actu.fr\/tag\/edouard-philippe\" data-trk=\"{&quot;cta&quot;:{&quot;action&quot;:&quot;Edouard Philippe&quot;,&quot;category&quot;:&quot;tag&quot;,&quot;from&quot;:&quot;article footer&quot;,&quot;name&quot;:&quot;Edouard Philippe&quot;,&quot;type&quot;:&quot;cta&quot;}}\" rel=\"nofollow noopener\" target=\"_blank\">#Edouard Philippe<\/a><\/li>\n<li><a href=\"https:\/\/actu.fr\/tag\/municipales-2026\" data-trk=\"{&quot;cta&quot;:{&quot;action&quot;:&quot;Municipales 2026&quot;,&quot;category&quot;:&quot;tag&quot;,&quot;from&quot;:&quot;article footer&quot;,&quot;name&quot;:&quot;Municipales 2026&quot;,&quot;type&quot;:&quot;cta&quot;}}\" rel=\"nofollow noopener\" target=\"_blank\">#Municipales 2026<\/a><\/li>\n<\/ul>\n<p>                    <script async src=\"\/\/www.tiktok.com\/embed.js\"><\/script><\/p>\n","protected":false},"excerpt":{"rendered":"Par Julien Bouteiller Publi\u00e9 le 30 mai 2025 \u00e0 16h58 On est plus habitu\u00e9 \u00e0 le voir au&hellip;\n","protected":false},"author":2,"featured_media":139512,"comment_status":"","ping_status":"","sticky":false,"template":"","format":"standard","meta":{"footnotes":""},"categories":[9587],"tags":[1111,11,3080,1777,674,1011,27,3434,12,5161,316,25,9590],"class_list":{"0":"post-139511","1":"post","2":"type-post","3":"status-publish","4":"format-standard","5":"has-post-thumbnail","7":"category-rouen","8":"tag-actu","9":"tag-actualites","10":"tag-edouard-philippe","11":"tag-eu","12":"tag-europe","13":"tag-fr","14":"tag-france","15":"tag-municipales-2026","16":"tag-news","17":"tag-normandie","18":"tag-politique","19":"tag-republique-francaise","20":"tag-rouen"},"share_on_mastodon":{"url":"https:\/\/pubeurope.com\/@fr\/114597467613227134","error":""},"_links":{"self":[{"href":"https:\/\/www.europesays.com\/fr\/wp-json\/wp\/v2\/posts\/139511","targetHints":{"allow":["GET"]}}],"collection":[{"href":"https:\/\/www.europesays.com\/fr\/wp-json\/wp\/v2\/posts"}],"about":[{"href":"https:\/\/www.europesays.com\/fr\/wp-json\/wp\/v2\/types\/post"}],"author":[{"embeddable":true,"href":"https:\/\/www.europesays.com\/fr\/wp-json\/wp\/v2\/users\/2"}],"replies":[{"embeddable":true,"href":"https:\/\/www.europesays.com\/fr\/wp-json\/wp\/v2\/comments?post=139511"}],"version-history":[{"count":0,"href":"https:\/\/www.europesays.com\/fr\/wp-json\/wp\/v2\/posts\/139511\/revisions"}],"wp:featuredmedia":[{"embeddable":true,"href":"https:\/\/www.europesays.com\/fr\/wp-json\/wp\/v2\/media\/139512"}],"wp:attachment":[{"href":"https:\/\/www.europesays.com\/fr\/wp-json\/wp\/v2\/media?parent=139511"}],"wp:term":[{"taxonomy":"category","embeddable":true,"href":"https:\/\/www.europesays.com\/fr\/wp-json\/wp\/v2\/categories?post=139511"},{"taxonomy":"post_tag","embeddable":true,"href":"https:\/\/www.europesays.com\/fr\/wp-json\/wp\/v2\/tags?post=139511"}],"curies":[{"name":"wp","href":"https:\/\/api.w.org\/{rel}","templated":true}]}}