{"id":139525,"date":"2025-05-30T15:28:43","date_gmt":"2025-05-30T15:28:43","guid":{"rendered":"https:\/\/www.europesays.com\/fr\/139525\/"},"modified":"2025-05-30T15:28:43","modified_gmt":"2025-05-30T15:28:43","slug":"on-a-arpente-la-piste-des-forts-autour-de-strasbourg","status":"publish","type":"post","link":"https:\/\/www.europesays.com\/fr\/139525\/","title":{"rendered":"on a arpent\u00e9 la Piste des Forts, autour de Strasbourg"},"content":{"rendered":"<p><strong>Depuis le 19e si\u00e8cle, une ceinture fortifi\u00e9e entoure la ville de Strasbourg. Maintenant qu\u2019avec l\u2019Allemagne on a arr\u00eat\u00e9 de se faire la guerre, on s\u2019est mis au v\u00e9lo. Il \u00e9tait donc bien logique qu\u2019on fasse de cette ceinture un superbe itin\u00e9raire cyclable. Oh, mais serait-ce l\u2019appel du v\u00e9lo que l\u2019on entend au loin ? Allez, montez en selle : on vous emm\u00e8ne sur la Piste des Forts.<\/strong><\/p>\n<p>Les id\u00e9es sorties, c\u2019est bien. <strong>Les balades \u00e0 v\u00e9lo c\u2019est encore mieux<\/strong>. Et lorsque tout \u00e7a tombe pile au moment o\u00f9 le soleil d\u00e9cide de repointer le bout de son nez : c\u2019est v\u00e9ritablement du petit lait.<\/p>\n<p><strong>80 kilom\u00e8tres<\/strong> \u00e0 p\u00e9daler, une boucle qui se rejoint directement depuis Strasbourg, <strong>un trac\u00e9 binational<\/strong> et pour couronner le tout, une belle flop\u00e9e d\u2019anciens forts prussiens\u2026 <strong>On s\u2019attaque aujourd\u2019hui \u00e0 un monument du coin en mati\u00e8re de circuits \u00e0 v\u00e9lo : la Piste des Forts.<\/strong><\/p>\n<p>                <img width=\"375\" height=\"500\" src=\"https:\/\/www.europesays.com\/fr\/wp-content\/uploads\/2025\/05\/image00003-375x500.jpeg\" class=\"attachment-gallery size-gallery\" alt=\"Piste des Forts \u2013 travers\u00e9e du Rhin\" data-full-url=\"https:\/\/pokaa.fr\/wp-content\/uploads\/2025\/04\/26\/image00003-rotated.jpeg\" decoding=\"async\" loading=\"lazy\"  \/>            <\/p>\n<p>                <img width=\"361\" height=\"500\" src=\"https:\/\/www.europesays.com\/fr\/wp-content\/uploads\/2025\/05\/image00016-361x500.jpeg\" class=\"attachment-gallery size-gallery\" alt=\"Piste des Forts \u2013 partie allemande\" data-full-url=\"https:\/\/pokaa.fr\/wp-content\/uploads\/2025\/04\/26\/image00016.jpeg\" decoding=\"async\" loading=\"lazy\"  \/>            <\/p>\n<p>                <img width=\"750\" height=\"500\" src=\"https:\/\/www.europesays.com\/fr\/wp-content\/uploads\/2025\/05\/dsc-0263-750x500.jpg\" class=\"attachment-gallery size-gallery\" alt=\"Piste des Forts \u2013 fort Uhrich, Illkirch\" data-full-url=\"https:\/\/pokaa.fr\/wp-content\/uploads\/2025\/04\/26\/dsc-0263.jpg\" decoding=\"async\" loading=\"lazy\"  \/>            <\/p>\n<p>                    \u00a9 Martin Savail \/ Pokaa<\/p>\n<p>Avec la Piste des Forts, que vous soyez f\u00e9ru(e) de vieilles pierres et d\u2019Histoire, passionn\u00e9(e) de nature et de beaux paysages, ou bien simplement sportif\/ve convaincu(e) en qu\u00eate de sensations, <strong>on est \u00e0 peu pr\u00e8s certain que vous trouverez votre bonheur.<\/strong><\/p>\n<p>On vous d\u00e9crit ici la balade en trois parties. Selon votre niveau ou votre motivation, <strong>vous pouvez parcourir la piste des Forts en une journ\u00e9e ou bien la faire petit bout par petit bout.<\/strong><\/p>\n<p>Petite pr\u00e9cision : c\u2019est bien une boucle ! C\u2019est-\u00e0-dire que vous \u00eates absolument libres de la faire dans un sens ou dans l\u2019autre, et de partir de n\u2019importe quel point jusqu\u2019\u00e0 ce que vous en ayez marre (de toute fa\u00e7on vous faites bien ce que vous voulez, hein).<\/p>\n<p><a href=\"https:\/\/www.souffelweyersheim.fr\/wp-content\/uploads\/2021\/07\/piste-forts.pdf\" target=\"_blank\" rel=\"noopener nofollow\"><strong>LE document \u00e0 avoir en sa possession pour se lancer \u00e0 l\u2019assaut de la Piste des forts<\/strong>, c\u2019est bien celui-ci !<\/a> Une carte parfaitement claire, accompagn\u00e9e de toutes les infos n\u00e9cessaires, \u00e9dit\u00e9e avec brio par la commune de Souffelweyersheim<\/p>\n<p>    <img width=\"800\" height=\"526\" src=\"https:\/\/www.europesays.com\/fr\/wp-content\/uploads\/2025\/05\/dsc-0252-800x526.jpg\" class=\"attachment-image-size-L size-image-size-L\" alt=\"Piste des Forts \u2013 le long d\u2019un bras du Rhin\" decoding=\"async\" loading=\"lazy\"  \/>         \u00a9 Martin Savail \/ Pokaa <\/p>\n<p>Du Pont du Rhin au Fort Uhrich : la campagne allemande<\/p>\n<p><strong>On d\u00e9marre notre p\u00e9riple \u00e0 Strasbourg, au Jardin des Deux-Rives.<\/strong> La premi\u00e8re chose \u00e0 faire, c\u2019est de traverser l\u2019embl\u00e9matique Pont du Rhin pour se retrouver \u00e0 Kehl. Hop, on part \u00e0 l\u2019assaut de l\u2019Allemagne. D\u00e8s le d\u00e9part, <strong>il faut rep\u00e9rer les panneaux vert et blanc.<\/strong> Un pictogramme repr\u00e9sentant un bonhomme sur son v\u00e9lo, une inscription allemande \u00ab\u00a0Radweg zu den Forts\u00a0\u00bb, franchement\u00a0: aucun pi\u00e8ge en vue.<\/p>\n<p>Et la balade d\u00e9marre donc par la travers\u00e9e du centre-ville de Kehl dont on s\u2019\u00e9chappe par la zone commerciale, pour atterrir sur une piste cyclable au bord de l\u2019eau. <strong>De Auenheim \u00e0 Marlen en passant par Neum\u00fchl, on arpente donc la (tr\u00e8s bien rang\u00e9e) campagne allemande.<\/strong> Ils sont comme \u00e7a les allemands\u00a0: les arbres sont align\u00e9s, les routes impec.<\/p>\n<p>                <img width=\"750\" height=\"500\" src=\"https:\/\/www.europesays.com\/fr\/wp-content\/uploads\/2025\/05\/dsc-0235-750x500.jpg\" class=\"attachment-gallery size-gallery\" alt=\"Piste des Forts \u2013 deux rives\" data-full-url=\"https:\/\/pokaa.fr\/wp-content\/uploads\/2025\/04\/26\/dsc-0235.jpg\" decoding=\"async\" loading=\"lazy\"  \/>            <\/p>\n<p>                <img width=\"807\" height=\"500\" src=\"https:\/\/www.europesays.com\/fr\/wp-content\/uploads\/2025\/05\/dsc-0248-807x500.jpg\" class=\"attachment-gallery size-gallery\" alt=\"Piste des Forts \u2013 partie allemande\" data-full-url=\"https:\/\/pokaa.fr\/wp-content\/uploads\/2025\/04\/26\/dsc-0248.jpg\" decoding=\"async\" loading=\"lazy\"  \/>            <\/p>\n<p>                <img width=\"750\" height=\"500\" src=\"https:\/\/www.europesays.com\/fr\/wp-content\/uploads\/2025\/05\/dsc-0254-750x500.jpg\" class=\"attachment-gallery size-gallery\" alt=\"Piste des Forts \u2013 partie allemande\" data-full-url=\"https:\/\/pokaa.fr\/wp-content\/uploads\/2025\/04\/26\/dsc-0254.jpg\" decoding=\"async\" loading=\"lazy\"  \/>            <\/p>\n<p>                    \u00a9 Martin Savail \/ Pokaa<\/p>\n<p>Parfois, au beau milieu d\u2019un champ de colza, vous tomberez sur un panneau de la Piste des Forts qui vous recommande de tourner \u00e0 droite. Vous croiserez aussi pas mal d\u2019animaux, de fermes\u2026 et de groupes de retrait\u00e9(e)s \u00e0 deux doigts de franchir le mur du son sur leurs v\u00e9los \u00e9lectriques.<\/p>\n<p>De retour en France par l\u2019imposant pont Pfimlin, <strong>on d\u00e9passe rapidement le fort Hoche, inaccessible.<\/strong> La piste continue et m\u00e8ne <strong>devant le parc du fort Uhrich, l\u2019occasion de poser un peu son v\u00e9lo<\/strong> et de profiter d\u2019une pause bien m\u00e9rit\u00e9e aux abords de l\u2019ouvrage.<\/p>\n<p>                <a href=\"https:\/\/pokaa.fr\/2025\/03\/01\/anecdotes-zombies-et-balade-a-velo-on-est-parti-a-la-decouverte-des-14-forts-de-strasbourg\/\" rel=\"nofollow noopener\" target=\"_blank\"><br \/>\n                    <img width=\"450\" height=\"270\" src=\"https:\/\/www.europesays.com\/fr\/wp-content\/uploads\/2025\/04\/img-4228-450x270.jpeg\" class=\"attachment-card-horizontal--same-subject size-card-horizontal--same-subject wp-post-image\" alt=\"\" decoding=\"async\" loading=\"lazy\"\/>                <\/a><\/p>\n<p>    <img width=\"800\" height=\"533\" src=\"https:\/\/www.europesays.com\/fr\/wp-content\/uploads\/2025\/05\/dsc-0267-800x533.jpg\" class=\"attachment-image-size-L size-image-size-L\" alt=\"Piste des Forts \u2013 fort Uhrich, Illkirch\" decoding=\"async\" loading=\"lazy\"  \/>         \u00a9 Martin Savail \/ Pokaa <\/p>\n<p><strong>Ce que l\u2019on peut relever sur cette premi\u00e8re \u00e9tape :<\/strong><\/p>\n<ul>\n<li>Chercher les forts en Allemagne, c\u2019est une perte de temps. \u00c9conomisez-le et passez-le plut\u00f4t \u00e0 admirer le paysage plut\u00f4t qu\u2019\u00e0 chercher d\u00e9sesp\u00e9r\u00e9ment des ouvrages du 19e si\u00e8cle : <strong>ceux-ci ont \u00e9t\u00e9 d\u00e9truits dans les ann\u00e9es 30<\/strong>. Si vous aviez pr\u00e9vu des haltes au cours desquelles vous admireriez chaque fort d\u2019un air p\u00e9n\u00e9tr\u00e9 en louant l\u2019efficacit\u00e9 des ma\u00e7ons de l\u2019\u00e8re wilhelminienne, vous risquerez d\u2019\u00eatre d\u00e9\u00e7u(e). Ici vous vous contenterez donc d\u2019un sobre \u00ab Ah tiens, donc l\u00e0 il y avait un fort ? Marrant \u00bb.<\/li>\n<li>En dehors des retrait\u00e9s on fire, votre plus gros danger pourra \u00eatre de vous perdre : on a rep\u00e9r\u00e9 trois-quatre croisements desquels le panneau vert et blanc (auquel on vouait notre salut) semblait avoir d\u00e9sert\u00e9. <strong>On vous recommande donc de garder l\u2019itin\u00e9raire sur votre t\u00e9l\u00e9phone<\/strong> si vous ne voulez pas finir vos jours perdu(e)s et affam\u00e9(e)s dans les champs de colza du Bade-Wurtemberg.<\/li>\n<li>Distance parcourue sur cette premi\u00e8re \u00e9tape : <strong><strong>environ 30 kilom\u00e8tres<\/strong><\/strong>\u00a0<\/li>\n<li>Dur\u00e9e estim\u00e9e\u00a0:<strong> approximativement 2h30-3h<\/strong> (le temps de se tromper de chemin une fois ou deux et de rectifier le tir \u00e0 l\u2019aide de son t\u00e9l\u00e9phone).<\/li>\n<\/ul>\n<p>    <img width=\"800\" height=\"535\" src=\"https:\/\/www.europesays.com\/fr\/wp-content\/uploads\/2025\/05\/image00001-800x535.jpeg\" class=\"attachment-image-size-L size-image-size-L\" alt=\"Piste des Forts \u2013 partie allemande\" decoding=\"async\" loading=\"lazy\"  \/>         \u00a9 Martin Savail \/ Pokaa <\/p>\n<p>Du fort Uhrich au fort Kl\u00e9ber<\/p>\n<p>On remonte en selle \u00e0 la poursuite de nos fameux panneaux vert et blanc. Tranquillement, <strong>on se laisse guider \u00e0 travers Illkirch, Ostwald, Lingolsheim et Eckbolsheim.<\/strong> Le parcours s\u2019\u00e9tale sur des voies vertes, pistes cyclables et parfois sur routes, toujours bien indiqu\u00e9es.<\/p>\n<p>\u00c0\u00a0la sortie d\u2019Eckbolsheim, <strong>on rejoint l\u2019ind\u00e9tr\u00f4nable canal de la Bruche<\/strong>, fid\u00e8le alli\u00e9 de nos sorties v\u00e9lo. Cal\u00e9 entre un \u00e9tang de p\u00eache et le canal, ne manquez pas de vous arr\u00eater le temps d\u2019une pause bien m\u00e9rit\u00e9e <strong>Chez Gaby<\/strong>. Resto sans pr\u00e9tention, terrasse fleurie et agr\u00e9able, c\u2019est l\u2019endroit id\u00e9al pour reprendre des forces apr\u00e8s avoir d\u00e9roul\u00e9 du bitume. <strong>La patronne propose une cuisine g\u00e9n\u00e9reuse \u00e0 un prix abordable, de quoi aborder la suite de la balade dans les meilleures conditions.<\/strong><\/p>\n<p>                <img width=\"742\" height=\"500\" src=\"https:\/\/www.europesays.com\/fr\/wp-content\/uploads\/2025\/05\/dsc-0277-742x500.jpg\" class=\"attachment-gallery size-gallery\" alt=\"Piste des Forts \u2013 Eckbolsheim\" data-full-url=\"https:\/\/pokaa.fr\/wp-content\/uploads\/2025\/04\/26\/dsc-0277.jpg\" decoding=\"async\" loading=\"lazy\"  \/>            <\/p>\n<p>                <img width=\"787\" height=\"500\" src=\"https:\/\/www.europesays.com\/fr\/wp-content\/uploads\/2025\/05\/dsc-0281-787x500.jpg\" class=\"attachment-gallery size-gallery\" alt=\"Piste des Forts \u2013 Eckbolsheim\" data-full-url=\"https:\/\/pokaa.fr\/wp-content\/uploads\/2025\/04\/26\/dsc-0281.jpg\" decoding=\"async\" loading=\"lazy\"  \/>            <\/p>\n<p>                <img width=\"750\" height=\"500\" src=\"https:\/\/www.europesays.com\/fr\/wp-content\/uploads\/2025\/05\/dsc-0111-750x500.jpg\" class=\"attachment-gallery size-gallery\" alt=\"Le Ravito Des Cyclos\" data-full-url=\"https:\/\/pokaa.fr\/wp-content\/uploads\/2025\/04\/05\/dsc-0111.jpg\" decoding=\"async\" loading=\"lazy\"  \/>            <\/p>\n<p>                    \u00a9 Martin Savail \/ Pokaa<\/p>\n<p>Rapidement apr\u00e8s le petit tron\u00e7on en bord de Bruche, <strong>on arrive au fort Kl\u00e9ber de Wolfisheim<\/strong>.<\/p>\n<p>Gardons simplement \u00e0 l\u2019esprit que comme pour la majorit\u00e9 des forts, la piste ne vous d\u00e9pose pas directement devant\u00a0: il faut donc s\u2019\u00e9carter un peu du trac\u00e9 sur quelques minutes juste avant la sortie de Wolfisheim. Ici, le fort est ouvert \u00e0 tous\/tes\u00a0: airs de jeux, ferme p\u00e9dagogiques\u2026 il y a de la vie\u00a0!<\/p>\n<p>                <img width=\"750\" height=\"500\" src=\"https:\/\/www.europesays.com\/fr\/wp-content\/uploads\/2025\/05\/dsc-0272-750x500.jpg\" class=\"attachment-gallery size-gallery\" alt=\"Piste des Forts \u2013 Fort Kl\u00e9ber, Wolfisheim\" data-full-url=\"https:\/\/pokaa.fr\/wp-content\/uploads\/2025\/04\/26\/dsc-0272.jpg\" decoding=\"async\" loading=\"lazy\"  \/>            <\/p>\n<p>                <img width=\"750\" height=\"500\" src=\"https:\/\/www.europesays.com\/fr\/wp-content\/uploads\/2025\/05\/dsc-0276-750x500.jpg\" class=\"attachment-gallery size-gallery\" alt=\"Piste des Forts \u2013 Fort Kl\u00e9ber, Wolfisheim\" data-full-url=\"https:\/\/pokaa.fr\/wp-content\/uploads\/2025\/04\/26\/dsc-0276.jpg\" decoding=\"async\" loading=\"lazy\"  \/>            <\/p>\n<p>                    \u00a9 Martin Savail \/ Pokaa<\/p>\n<p><strong>Ce que l\u2019on peut relever sur cette seconde \u00e9tape :<\/strong><\/p>\n<ul>\n<li><strong>D\u00e9part du Fort Uhrich<\/strong> (accessible par le canal du Rh\u00f4ne au Rhin) <strong>et arriv\u00e9e au fort Kl\u00e9ber.<\/strong> Depuis Wolfisheim, possibilit\u00e9 de revenir sur ses pas jusqu\u2019au canal de la Bruche pour rejoindre Strasbourg facilement. <strong>C\u2019est le plus petit des tron\u00e7ons qu\u2019on a choisi de vous proposer.<br \/><\/strong><\/li>\n<li>Distance parcourue :<strong><strong> 13 kilom\u00e8tres<\/strong><\/strong>\u00a0<\/li>\n<li>Dur\u00e9e estim\u00e9e\u00a0:<strong> 1h30 en prenant son temps<\/strong><\/li>\n<\/ul>\n<p>                <a href=\"https:\/\/pokaa.fr\/2025\/04\/18\/au-fil-de-leau-et-des-saisons-evasion-poetique-le-long-du-canal-de-la-bruche-a-strasbourg\/\" rel=\"nofollow noopener\" target=\"_blank\"><br \/>\n                    <img width=\"450\" height=\"270\" src=\"https:\/\/www.europesays.com\/fr\/wp-content\/uploads\/2025\/05\/1-2-450x270.png\" class=\"attachment-card-horizontal--same-subject size-card-horizontal--same-subject wp-post-image\" alt=\"\" decoding=\"async\" loading=\"lazy\"\/>                <\/a><\/p>\n<p>Du fort Kl\u00e9ber \u00e0 la Robertsau<\/p>\n<p>On arrive sur du lourd, <strong>le grand chelem des forts strasbourgeois.<\/strong> Portion la plus importante de cette Piste des Forts, elle nous permet de relier Wolfisheim \u00e0 Strasbourg en passant par cinq forts.<\/p>\n<p>Depuis Wolfisheim, on traverse les champs <strong>pour arriver \u00e0 Oberhausbergen o\u00f9 on longe le fort Fr\u00e8re<\/strong>. Celui-ci est situ\u00e9 en terrain militaire, ce qui implique que sa visite n\u2019est possible qu\u2019\u00e0 l\u2019occasion de visites guid\u00e9es. <a href=\"https:\/\/www.fort-frere.eu\/\" target=\"_blank\" rel=\"noopener nofollow\">Toutes les infos \u00e0 ce propos sont juste ici<\/a>. Petit point d\u2019attention : <strong>la visite est longue (au moins 2h30)<\/strong> et est donc difficilement compatible avec un parcours complet de la piste des forts en une journ\u00e9e.<\/p>\n<p>La balade se poursuit en for\u00eat et <strong>on passe rapidement devant le fort Foch<\/strong>. Pas de visite \u00e0 l\u2019horizon\u00a0: depuis plusieurs d\u00e9cennies, le fort abrite un centre de primatologie. On se contente d\u2019un panneau explicatif et on poursuit son petit bonhomme de chemin.<\/p>\n<p>                <img width=\"750\" height=\"500\" src=\"https:\/\/www.europesays.com\/fr\/wp-content\/uploads\/2025\/05\/dsc-0243-750x500.jpg\" class=\"attachment-gallery size-gallery\" alt=\"Piste des Forts \u2013 partie allemande\" data-full-url=\"https:\/\/pokaa.fr\/wp-content\/uploads\/2025\/04\/26\/dsc-0243.jpg\" decoding=\"async\" loading=\"lazy\"  \/>            <\/p>\n<p>                <img width=\"333\" height=\"500\" src=\"https:\/\/www.europesays.com\/fr\/wp-content\/uploads\/2025\/05\/dsc-0250-333x500.jpg\" class=\"attachment-gallery size-gallery\" alt=\"Piste des Forts \u2013 partie allemande\" data-full-url=\"https:\/\/pokaa.fr\/wp-content\/uploads\/2025\/04\/26\/dsc-0250.jpg\" decoding=\"async\" loading=\"lazy\"  \/>            <\/p>\n<p>                <img width=\"779\" height=\"500\" src=\"https:\/\/www.europesays.com\/fr\/wp-content\/uploads\/2025\/05\/dsc-0237-779x500.jpg\" class=\"attachment-gallery size-gallery\" alt=\"Piste des Forts \u2013 partie allemande\" data-full-url=\"https:\/\/pokaa.fr\/wp-content\/uploads\/2025\/04\/26\/dsc-0237.jpg\" decoding=\"async\" loading=\"lazy\"  \/>            <\/p>\n<p>                    \u00a9 Martin Savail \/ Pokaa<\/p>\n<p>Quelques minutes \u00e0 travers les champs (et un panorama superbe) suffisent \u00e0 arriver au <strong>fort Ducrot<\/strong>. On lui a r\u00e9cemment d\u00e9di\u00e9 un article : le fort Ducrot est restaur\u00e9 par une petite asso qui f\u00eate ses quinze ans cette ann\u00e9e. Des visites sont possibles, mais elles sont \u00e9galement guid\u00e9es. <strong>Il convient donc de se renseigner auparavant :\u00a0<a href=\"https:\/\/www.fortpodbielski-ducrot-mundolsheim.fr\/\" target=\"_blank\" rel=\"noopener nofollow\">toutes les infos de visites se trouvent ici<\/a>.<\/strong><\/p>\n<p>En deux-trois coups de p\u00e9dales, <strong>on d\u00e9passe le fort Desaix<\/strong> (stand de tir ferm\u00e9 au public) et on se dirige \u00e0 toute berzingue vers Reichstett. <strong>L\u00e0 encore, il faut s\u2019\u00e9carter du trac\u00e9 pour pouvoir admirer le fort Rapp<\/strong>. Et encore une fois, si vous souhaitez voir davantage que la fa\u00e7ade ext\u00e9rieure, il faut s\u2019organiser pour prendre part \u00e0 une visite guid\u00e9e : <a href=\"https:\/\/fort-rapp-moltke.fr\/horaires\" target=\"_blank\" rel=\"noopener nofollow\">toutes les infos ici<\/a>.<\/p>\n<p>                <a href=\"https:\/\/pokaa.fr\/2025\/04\/19\/histoire-depuis-15-ans-des-benevoles-restaurent-le-fort-ducrot-a-cote-de-strasbourg\/\" rel=\"nofollow noopener\" target=\"_blank\"><br \/>\n                    <img width=\"450\" height=\"270\" src=\"https:\/\/www.europesays.com\/fr\/wp-content\/uploads\/2025\/05\/dsc-0061-450x270.jpg\" class=\"attachment-card-horizontal--same-subject size-card-horizontal--same-subject wp-post-image\" alt=\"\" decoding=\"async\" loading=\"lazy\"\/>                <\/a><\/p>\n<p>                <img width=\"750\" height=\"500\" src=\"https:\/\/www.europesays.com\/fr\/wp-content\/uploads\/2025\/04\/dsc-2777-750x500.jpg\" class=\"attachment-gallery size-gallery\" alt=\"Fort Ducrot \u2013 v\u00e9los Piste des forts\" data-full-url=\"https:\/\/pokaa.fr\/wp-content\/uploads\/2025\/03\/10\/dsc-2777.jpg\" decoding=\"async\" loading=\"lazy\"  \/>            <\/p>\n<p>                <img width=\"667\" height=\"500\" src=\"https:\/\/www.europesays.com\/fr\/wp-content\/uploads\/2025\/04\/image00060-667x500.jpeg\" class=\"attachment-gallery size-gallery\" alt=\"Fort Ducrot \u2013 entr\u00e9e\" data-full-url=\"https:\/\/pokaa.fr\/wp-content\/uploads\/2025\/03\/10\/image00060.jpeg\" decoding=\"async\" loading=\"lazy\"  \/>            <\/p>\n<p>                    \u00a9 Martin Savail \/ Pokaa<\/p>\n<p>Si \u00e0 ce moment-l\u00e0, on commence s\u00e9rieusement \u00e0 sentir les cuisses entrer en \u00e9bullition, on se motive encore un peu et on pousse jusqu\u2019\u00e0<strong> la Ballasti\u00e8re, lieu id\u00e9al pour une derni\u00e8re pause<\/strong>. Sur le chemin, on passe devant un b\u00e2timent surprenant : il s\u2019agit de la pagode Wat Simoungkhoune, lieu de culte bouddhiste.<\/p>\n<p>On termine cet itin\u00e9raire en longeant le fort Ney (inaccessible) et en arpentant les champs wantzenauviens avant de se plonger dans la for\u00eat de la Robertsau.<\/p>\n<p>                <img width=\"375\" height=\"500\" src=\"https:\/\/www.europesays.com\/fr\/wp-content\/uploads\/2025\/05\/img-5771-375x500.jpg\" class=\"attachment-gallery size-gallery\" alt=\"Pagode Wat Simoungkhoune\" data-full-url=\"https:\/\/pokaa.fr\/wp-content\/uploads\/2024\/07\/18\/img-5771.jpg\" decoding=\"async\" loading=\"lazy\"  \/>            <\/p>\n<p>                <img width=\"375\" height=\"500\" src=\"https:\/\/www.europesays.com\/fr\/wp-content\/uploads\/2025\/05\/img-5797-375x500.jpg\" class=\"attachment-gallery size-gallery\" alt=\"Piste des forts Wantzenau\" data-full-url=\"https:\/\/pokaa.fr\/wp-content\/uploads\/2024\/07\/18\/img-5797.jpg\" decoding=\"async\" loading=\"lazy\"  \/>            <\/p>\n<p>                    \u00a9 Baptiste Kocher \/ Pokaa<\/p>\n<p>    <img width=\"800\" height=\"400\" src=\"https:\/\/www.europesays.com\/fr\/wp-content\/uploads\/2025\/05\/dsc-0113-800x400.jpg\" class=\"attachment-image-size-L size-image-size-L\" alt=\"Le Ravito Des Cyclos\" decoding=\"async\" loading=\"lazy\"  \/>         \u00a9 Martin Savail \/ Pokaa <\/p>\n<p><strong>Ce que l\u2019on peut relever sur cette troisi\u00e8me \u00e9tape :<\/strong><\/p>\n<ul>\n<li><strong>D\u00e9part de Wolfisheim<\/strong> (accessible par le canal de la Bruche) <strong>et arriv\u00e9e \u00e0 la Robertsau\u00a0<\/strong> (\u00e0 partir de l\u00e0, possibilit\u00e9 de rejoindre les autres quartiers par le quartier europ\u00e9en).<\/li>\n<li>Distance parcourue :<strong><strong> 35 kilom\u00e8tres<\/strong><\/strong>\u00a0<\/li>\n<li>Dur\u00e9e estim\u00e9e :<strong> 3h30<\/strong><\/li>\n<\/ul>\n<p>                <a href=\"https:\/\/pokaa.fr\/2024\/07\/22\/reserve-naturelle-pagode-et-pourtales-2h-de-balade-a-velo-entre-strasbourg-et-la-wantzenau\/\" rel=\"nofollow noopener\" target=\"_blank\"><br \/>\n                    <img width=\"450\" height=\"270\" src=\"https:\/\/www.europesays.com\/fr\/wp-content\/uploads\/2025\/05\/canal-de-la-bruche-julia-wencker-1-1-450x270.jpg\" class=\"attachment-card-horizontal--same-subject size-card-horizontal--same-subject wp-post-image\" alt=\"\" decoding=\"async\" loading=\"lazy\"\/>                <\/a><\/p>\n<p>    <img width=\"800\" height=\"400\" src=\"https:\/\/www.europesays.com\/fr\/wp-content\/uploads\/2025\/05\/dsc-0256-800x400.jpg\" class=\"attachment-image-size-L size-image-size-L\" alt=\"Piste des Forts \u2013 partie allemande\" decoding=\"async\" loading=\"lazy\"  \/>         \u00a9 Martin Savail \/ Pokaa <\/p>\n","protected":false},"excerpt":{"rendered":"Depuis le 19e si\u00e8cle, une ceinture fortifi\u00e9e entoure la ville de Strasbourg. Maintenant qu\u2019avec l\u2019Allemagne on a arr\u00eat\u00e9&hellip;\n","protected":false},"author":2,"featured_media":139526,"comment_status":"","ping_status":"","sticky":false,"template":"","format":"standard","meta":{"footnotes":""},"categories":[2820],"tags":[1111,11,1777,674,1011,27,775,12,2895,26618,25,640,208],"class_list":{"0":"post-139525","1":"post","2":"type-post","3":"status-publish","4":"format-standard","5":"has-post-thumbnail","7":"category-strasbourg","8":"tag-actu","9":"tag-actualites","10":"tag-eu","11":"tag-europe","12":"tag-fr","13":"tag-france","14":"tag-grand-est","15":"tag-news","16":"tag-piste-cyclable","17":"tag-piste-fort","18":"tag-republique-francaise","19":"tag-strasbourg","20":"tag-velo"},"share_on_mastodon":{"url":"https:\/\/pubeurope.com\/@fr\/114597496169143981","error":""},"_links":{"self":[{"href":"https:\/\/www.europesays.com\/fr\/wp-json\/wp\/v2\/posts\/139525","targetHints":{"allow":["GET"]}}],"collection":[{"href":"https:\/\/www.europesays.com\/fr\/wp-json\/wp\/v2\/posts"}],"about":[{"href":"https:\/\/www.europesays.com\/fr\/wp-json\/wp\/v2\/types\/post"}],"author":[{"embeddable":true,"href":"https:\/\/www.europesays.com\/fr\/wp-json\/wp\/v2\/users\/2"}],"replies":[{"embeddable":true,"href":"https:\/\/www.europesays.com\/fr\/wp-json\/wp\/v2\/comments?post=139525"}],"version-history":[{"count":0,"href":"https:\/\/www.europesays.com\/fr\/wp-json\/wp\/v2\/posts\/139525\/revisions"}],"wp:featuredmedia":[{"embeddable":true,"href":"https:\/\/www.europesays.com\/fr\/wp-json\/wp\/v2\/media\/139526"}],"wp:attachment":[{"href":"https:\/\/www.europesays.com\/fr\/wp-json\/wp\/v2\/media?parent=139525"}],"wp:term":[{"taxonomy":"category","embeddable":true,"href":"https:\/\/www.europesays.com\/fr\/wp-json\/wp\/v2\/categories?post=139525"},{"taxonomy":"post_tag","embeddable":true,"href":"https:\/\/www.europesays.com\/fr\/wp-json\/wp\/v2\/tags?post=139525"}],"curies":[{"name":"wp","href":"https:\/\/api.w.org\/{rel}","templated":true}]}}