{"id":139538,"date":"2025-05-30T15:35:12","date_gmt":"2025-05-30T15:35:12","guid":{"rendered":"https:\/\/www.europesays.com\/fr\/139538\/"},"modified":"2025-05-30T15:35:12","modified_gmt":"2025-05-30T15:35:12","slug":"ces-cinq-villages-memorables-a-visiter-a-moins-de-2h-de-toulouse","status":"publish","type":"post","link":"https:\/\/www.europesays.com\/fr\/139538\/","title":{"rendered":"ces cinq villages m\u00e9morables \u00e0 visiter \u00e0 moins de 2h de Toulouse"},"content":{"rendered":"<p>            Par<br \/>\n        <strong><br \/>\n            <a href=\"https:\/\/actu.fr\/auteur\/david-saint-sernin\" title=\"Consulter tous les articles de David Saint-Sernin\" rel=\"nofollow noopener\" target=\"_blank\">David Saint-Sernin<\/a><br \/>\n        <\/strong><\/p>\n<p>        Publi\u00e9 le<\/p>\n<p>            30 mai 2025 \u00e0 17h02        <\/p>\n<p>Ce sont des \u00ab\u2009mus\u00e9es \u00e0 ciel ouvert\u2009\u00bb\u2009: <strong>cinq villages m\u00e9morables \u00e0 visiter<\/strong> \u00e0 moins de 2h de <a href=\"https:\/\/actu.fr\/toulouse\/\" rel=\"nofollow noopener\" target=\"_blank\">Toulouse<\/a>. Par leurs vestiges, leur patrimoine et leurs positions g\u00e9ographiques privil\u00e9gi\u00e9s, ce sont des destinations \u00e0 ne pas manquer en Occitanie. \u00c0 moins de deux heures de la Ville rose, ils valent le d\u00e9tour\u2009! Nous avons choisi cinq villages. Des endroits privil\u00e9gi\u00e9s qui constituent des visites id\u00e9ales en ce week-end de pont de l\u2019Ascension.<\/p>\n<p>#1 Belcastel, mus\u00e9e \u00e0 ciel ouvert<\/p>\n<p>    <img   decoding=\"async\" loading=\"lazy\" src=\"https:\/\/www.europesays.com\/fr\/wp-content\/uploads\/2025\/05\/belcastel-960x512-960x640-1-960x640.jpg\" alt=\"Belcastel est l\u2019une des merveilles de l\u2019Aveyron et de l\u2019Occitanie. Il fait partie des \u00ab Plus Beaux Villages de France \u00bb\" width=\"960\" height=\"640\"\/><br \/>\n    Belcastel est l\u2019une des merveilles de l\u2019Aveyron et de l\u2019Occitanie. Il fait partie des \u00ab\u2009Plus Beaux Villages de France\u2009\u00bb (\u00a9Tourisme Aveyron)<\/p>\n<p class=\" wall-content\"><strong>Belcastel<\/strong> est l\u2019une des merveilles de l\u2019Aveyron et de l\u2019Occitanie. Il fait partie des \u00ab\u2009Plus Beaux Villages de France\u2009\u00bb. V\u00e9ritable mus\u00e9e \u00e0 ciel ouvert, Belcastel\u00a0est une \u00e9tape incontournable des rives de\u00a0l\u2019Aveyron.<\/p>\n<p class=\" wall-content\">La forteresse du XIe\u00a0si\u00e8cle qui surplombe fi\u00e8rement la cit\u00e9 m\u00e9rite son surnom de \u00ab\u2009miracle architectural\u2009\u00bb. Ses rues pav\u00e9es et la lauze utilis\u00e9e pour les toitures sont tout bonnement sublimes. Particuli\u00e8rement anim\u00e9 l\u2019\u00e9t\u00e9, le village se d\u00e9guste aussi par son patrimoine gastronomique et notamment le restaurant \u00e9toil\u00e9 du Vieux pont. Un vrai village de carte postale.<\/p>\n<p>#2 Grenade et son fabuleux plan en damier<br \/>\n    <img   decoding=\"async\" loading=\"lazy\" src=\"https:\/\/www.europesays.com\/fr\/wp-content\/uploads\/2025\/05\/grenade-960x630-1-960x640.jpg\" alt=\"La ville de Grenade-sur-Garonne, pr\u00e8s de Toulouse, arbore le plan caract\u00e9ristique des bastides, ces villes nouvelles construites au Moyen-\u00c2ge.\" width=\"960\" height=\"640\"\/><br \/>\n    La ville de Grenade-sur-Garonne, pr\u00e8s de Toulouse, arbore le plan caract\u00e9ristique des bastides, ces villes nouvelles construites au Moyen-\u00c2ge. (\u00a9Ville de Grenade)<\/p>\n<p class=\" wall-content\">Il faut la survoler pour en contempler toute la structure. Vue du ciel, la ville de\u00a0<strong>Grenade-sur-Garonne<\/strong> pr\u00e9sente une physionomie toute particuli\u00e8re.<\/p>\n<p class=\" wall-content\">Celle d\u2019un spectaculaire plan \u00e0 damier qui est caract\u00e9ristique des\u00a0bastides, ces villes neuves construites au Moyen-\u00c2ge. Grenade figure parmi celles <strong>les mieux conserv\u00e9es de France<\/strong> d\u2019un point de vue architectural.<\/p>\n<p class=\" wall-content\">Pour rappel, la bastide de Grenade a \u00e9t\u00e9 fond\u00e9e par une abbaye cistercienne en 1290.<\/p>\n<p class=\" wall-content\">Pour d\u00e9couvrir Grenade, rien de tel qu\u2019une matin\u00e9e \u00e0 fl\u00e2ner dans les rues de la vieille ville.<\/p>\n<p class=\" wall-content\">\u00ab\u2009On y d\u00e9couvre quelques maisons anciennes \u00e0 pans de bois comme l\u2019Office de tourisme Hauts Tolosans. La plupart des maisons traditionnelles sont faites de briques roses avec de beaux d\u00e9cors de briques moul\u00e9es. On admire aussi les fa\u00e7ades d\u2019\u00e9l\u00e9gants h\u00f4tels particuliers du XVIIIe si\u00e8cle, le plus majestueux \u00e9tant celui du Fermier g\u00e9n\u00e9ral. On traverse aussi un pont m\u00e9di\u00e9val magnifiquement pr\u00e9serv\u00e9, puis on se prom\u00e8ne sur les bords de la Save\u2009\u00bb, d\u00e9taille l\u2019office de tourisme des Hauts Tolosans.<\/p>\n<p class=\" wall-content\">Journ\u00e9e particuli\u00e8rement int\u00e9ressante pour d\u00e9couvrir les charmes de cette cit\u00e9\u2009: le samedi, jour du march\u00e9 sous la halle. \u00ab\u2009La plus grande halle m\u00e9di\u00e9vale de France \u00bb, annonce fi\u00e8rement l\u2019office de tourisme.<\/p>\n<p>#3 Rieux-Volvestre, poumon vert \u00e0 50\u00a0km de Toulouse<br \/>\n    <img   decoding=\"async\" loading=\"lazy\" src=\"https:\/\/www.europesays.com\/fr\/wp-content\/uploads\/2025\/05\/rieuxvolvestre-2253hor-1920x1435-960x640-1-960x640.jpg\" alt=\"Pour atteindre la cath\u00e9drale de Rieux-Volvestre, il faut traverser l\u2019Arize sur un pont pittoresque.\" width=\"960\" height=\"640\"\/><br \/>\n    Pour atteindre la cath\u00e9drale de Rieux-Volvestre, il faut traverser l\u2019Arize sur un pont pittoresque. (\u00a9Office de tourisme intercommunal)<\/p>\n<p class=\" wall-content\">C\u2019est une jolie bourgade situ\u00e9e au sud-ouest de\u00a0Toulouse, dans le Volvestre, un coin de Haute-Garonne, riche de belles choses \u00e0 voir.<\/p>\n<p class=\" wall-content\">\u00ab\u2009Lov\u00e9e \u00e0 l\u2019int\u00e9rieur d\u2019une boucle de l\u2019Arize, Rieux-Volvestre\u00a0est une ville pleine de charme\u2009\u00bb, indique le Guide Vert Michelin.<\/p>\n<p class=\" wall-content\">Le tout situ\u00e9 dans le \u00ab\u2009poumon vert\u2009\u00bb du Volvestre, un territoire parsem\u00e9 de petits cours d\u2019eau et o\u00f9 il fait bon se ressourcer en face des Pyr\u00e9n\u00e9es.<\/p>\n<p class=\" wall-content\">Et c\u2019est vrai que cette commune d\u2019environ 2600 habitants, domin\u00e9e par l\u2019une des plus jolies cath\u00e9drales du midi toulousain, m\u00e9rite le d\u00e9tour.<\/p>\n<p class=\" wall-content\">\n<p>#4 Artigue, belv\u00e9d\u00e8re sur les Pyr\u00e9n\u00e9es<\/p>\n<p>    <img   decoding=\"async\" loading=\"lazy\" src=\"https:\/\/www.europesays.com\/fr\/wp-content\/uploads\/2025\/05\/panorama-depuis-artigue-1-960x640-1-960x640.jpg\" alt=\"Depuis Artigue, la vue sur Bagn\u00e8res-de-Luchon, sur Superbagn\u00e8res, juste en face et sur les plus hauts sommets de la Haute-Garonne, est assez fabuleuse. \" width=\"960\" height=\"640\"\/><br \/>\n    Depuis Artigue, la vue sur Bagn\u00e8res-de-Luchon, juste en face et sur les plus hauts sommets de la Haute-Garonne, est assez fabuleuse. (\u00a9Wikipedia\/CC BY-SA 3.0\/P\u00e8re Igor)<\/p>\n<p class=\" wall-content\">Ce n\u2019est pas le site le plus connu du Luchonnais, et pourtant, il offre<strong> l\u2019un des plus beaux points de vue<\/strong> sur la vall\u00e9e de Pique, sur la ville de Bagn\u00e8res-de-Luchon, mais aussi sur Superbagn\u00e8res et les plus hauts sommets de la Haute-Garonne. Le tout \u00e0 deux heures de Toulouse.<\/p>\n<p class=\" wall-content\">Le petit village d\u2019Artigue, 32\u00a0habitants, est l\u2019un des plus petits villages du d\u00e9partement et \u00e0 flanc de montagne, il offre un point de vue \u00e0 couper le souffle sur Bagn\u00e8res-de-Luchon, sa vall\u00e9e, le plateau de Superbagn\u00e8res, et l\u2019ensemble des sommets \u00e0 plus de 3000 m\u00e8tres des Pyr\u00e9n\u00e9es. Ici, l\u2019on tutoie la Tr\u00e8s Haute-Garonne.<\/p>\n<p class=\" wall-content\">Et l\u2019on remonte dans le temps, avec ce village-t\u00e9moin de la rudesse de la vie montagnarde.<\/p>\n<p>#5 Bruniquel, le village d\u2019un film m\u00e9morable<br \/>\n    <img   decoding=\"async\" loading=\"lazy\" src=\"https:\/\/www.europesays.com\/fr\/wp-content\/uploads\/2025\/05\/20220327-140553-960x640-960x640-1-960x640.jpg\" alt=\"Pour monter vers les deux ch\u00e2teaux du village, il faut grimper la rue de l\u2019H\u00f4pital et passer sous la Porte M\u00e9jane. \" width=\"960\" height=\"640\"\/><br \/>\n    Pour monter vers les deux ch\u00e2teaux du village, il faut grimper la rue de l\u2019H\u00f4pital et passer sous la Porte M\u00e9jane. (\u00a9David Saint-Sernin\/Actu Toulouse)<\/p>\n<p class=\" wall-content\">Le\u00a0village de\u00a0Bruniquel (Tarn-et-Garonne) est\u00a0<strong>l\u2019un des\u00a0tr\u00e8s beaux villages d\u2019Occitanie<\/strong>.<\/p>\n<p class=\" wall-content\">Pass\u00e9 \u00e0 la post\u00e9rit\u00e9 avec le film de\u00a0Robert Enrico, Le Vieux Fusil, avec les inoubliables\u00a0<strong>Romy Schneider et Philippe Noiret<\/strong>, le village accueille chaque ann\u00e9e des dizaines de milliers de visiteurs qui grimpent all\u00e8grement les petites rues de ce village situ\u00e9 sur un piton rocheux \u00e0\u00a0la limite du\u00a0Quercy\u00a0et du Rouergue, \u00e0 la fin des\u00a0Gorges de l\u2019Aveyron.<\/p>\n<p class=\" wall-content\">Blotti contre ses deux ch\u00e2teaux, le village de Bruniquel offre au promeneur une visite inoubliable.<\/p>\n<p class=\" wall-content\">On peut y admirer la Porte M\u00e9jane en remontant la rue principale (mais \u00e9troite) vers les ch\u00e2teaux.<\/p>\n<p class=\" wall-content\">Dans toute la cit\u00e9, de magnifiques demeures des XIVe, XVe et XVIe\u00a0si\u00e8cles t\u00e9moignent de la richesse pass\u00e9e du village que le visiteur d\u00e9couvre en parcourant des rues aux noms \u00e9vocateurs\u2009: Bombe-cul et Trotte-Garces.<\/p>\n<p class=\" wall-content\">Suivez toute l\u2019actualit\u00e9 de vos villes et m\u00e9dias favoris en vous inscrivant \u00e0 <a href=\"https:\/\/moncompte.actu.fr\" title=\"D\u00e9couvez Mon Actu\" rel=\"nofollow noopener\" data-trk=\"{&quot;cta&quot;:{&quot;action&quot;:&quot;https:\\\/\\\/moncompte.actu.fr&quot;,&quot;category&quot;:&quot;mon compte&quot;,&quot;from&quot;:&quot;article footer&quot;,&quot;name&quot;:&quot;Mon actu&quot;,&quot;type&quot;:&quot;cta&quot;}}\" target=\"_blank\">Mon Actu<\/a>.<\/p>\n","protected":false},"excerpt":{"rendered":"Par David Saint-Sernin Publi\u00e9 le 30 mai 2025 \u00e0 17h02 Ce sont des \u00ab\u2009mus\u00e9es \u00e0 ciel ouvert\u2009\u00bb\u2009: cinq&hellip;\n","protected":false},"author":2,"featured_media":139539,"comment_status":"","ping_status":"","sticky":false,"template":"","format":"standard","meta":{"footnotes":""},"categories":[2816],"tags":[1111,11,1777,674,1011,27,12,2680,25,104,1341,2312],"class_list":{"0":"post-139538","1":"post","2":"type-post","3":"status-publish","4":"format-standard","5":"has-post-thumbnail","7":"category-toulouse","8":"tag-actu","9":"tag-actualites","10":"tag-eu","11":"tag-europe","12":"tag-fr","13":"tag-france","14":"tag-news","15":"tag-occitanie","16":"tag-republique-francaise","17":"tag-societe","18":"tag-sortir-a-toulouse","19":"tag-toulouse"},"share_on_mastodon":{"url":"https:\/\/pubeurope.com\/@fr\/114597523279871469","error":""},"_links":{"self":[{"href":"https:\/\/www.europesays.com\/fr\/wp-json\/wp\/v2\/posts\/139538","targetHints":{"allow":["GET"]}}],"collection":[{"href":"https:\/\/www.europesays.com\/fr\/wp-json\/wp\/v2\/posts"}],"about":[{"href":"https:\/\/www.europesays.com\/fr\/wp-json\/wp\/v2\/types\/post"}],"author":[{"embeddable":true,"href":"https:\/\/www.europesays.com\/fr\/wp-json\/wp\/v2\/users\/2"}],"replies":[{"embeddable":true,"href":"https:\/\/www.europesays.com\/fr\/wp-json\/wp\/v2\/comments?post=139538"}],"version-history":[{"count":0,"href":"https:\/\/www.europesays.com\/fr\/wp-json\/wp\/v2\/posts\/139538\/revisions"}],"wp:featuredmedia":[{"embeddable":true,"href":"https:\/\/www.europesays.com\/fr\/wp-json\/wp\/v2\/media\/139539"}],"wp:attachment":[{"href":"https:\/\/www.europesays.com\/fr\/wp-json\/wp\/v2\/media?parent=139538"}],"wp:term":[{"taxonomy":"category","embeddable":true,"href":"https:\/\/www.europesays.com\/fr\/wp-json\/wp\/v2\/categories?post=139538"},{"taxonomy":"post_tag","embeddable":true,"href":"https:\/\/www.europesays.com\/fr\/wp-json\/wp\/v2\/tags?post=139538"}],"curies":[{"name":"wp","href":"https:\/\/api.w.org\/{rel}","templated":true}]}}