{"id":13956,"date":"2025-04-10T01:38:13","date_gmt":"2025-04-10T01:38:13","guid":{"rendered":"https:\/\/www.europesays.com\/fr\/13956\/"},"modified":"2025-04-10T01:38:13","modified_gmt":"2025-04-10T01:38:13","slug":"belin-promotion-mise-sur-la-diversification","status":"publish","type":"post","link":"https:\/\/www.europesays.com\/fr\/13956\/","title":{"rendered":"Belin Promotion mise sur la diversification"},"content":{"rendered":"<p class=\"legende\">\n\t\t\t\t\t\t\t\t\tPaul-Henri Belin a pris le relais de son p\u00e8re Marc chez Belin Promotion. Cr\u00e9dits : Belin Promotion\n\t\t\t\t\t\t\t\t<\/p>\n<p class=\"excerpt\">Confront\u00e9e \u00e0 une crise profonde dans le secteur immobilier, Belin Promotion a entrepris une strat\u00e9gie d&rsquo;adaptation et de diversification. Cette r\u00e9orientation se manifeste par un int\u00e9r\u00eat accru pour le lotissement, notamment dans les Landes, ainsi que par le d\u00e9veloppement de projets de plus petite taille. Explication avec le pr\u00e9sident du groupe, Paul-Henri Belin.<\/p>\n<p>Cet article premium vous int\u00e9resse ?<\/p>\n<p>Rejoignez nos 1000 adh\u00e9rents<\/p>\n<p>\n\t\t\t\t\t\t\t\t\t\t\t\t\t\tGagnez en visibilit\u00e9 et profitez d\u2019un r\u00e9seau de plusieurs centaines d\u2019adh\u00e9rents.\n\t\t\t\t\t\t\t\t\t\t\t\t\t<\/p>\n","protected":false},"excerpt":{"rendered":"Paul-Henri Belin a pris le relais de son p\u00e8re Marc chez Belin Promotion. Cr\u00e9dits : Belin Promotion Confront\u00e9e&hellip;\n","protected":false},"author":2,"featured_media":13957,"comment_status":"","ping_status":"","sticky":false,"template":"","format":"standard","meta":{"footnotes":""},"categories":[2816],"tags":[1111,11,1777,674,1011,27,12,2680,5645,25,2312],"class_list":{"0":"post-13956","1":"post","2":"type-post","3":"status-publish","4":"format-standard","5":"has-post-thumbnail","7":"category-toulouse","8":"tag-actu","9":"tag-actualites","10":"tag-eu","11":"tag-europe","12":"tag-fr","13":"tag-france","14":"tag-news","15":"tag-occitanie","16":"tag-placco-placeco","17":"tag-republique-francaise","18":"tag-toulouse"},"share_on_mastodon":{"url":"https:\/\/pubeurope.com\/@fr\/114311115786909164","error":""},"_links":{"self":[{"href":"https:\/\/www.europesays.com\/fr\/wp-json\/wp\/v2\/posts\/13956","targetHints":{"allow":["GET"]}}],"collection":[{"href":"https:\/\/www.europesays.com\/fr\/wp-json\/wp\/v2\/posts"}],"about":[{"href":"https:\/\/www.europesays.com\/fr\/wp-json\/wp\/v2\/types\/post"}],"author":[{"embeddable":true,"href":"https:\/\/www.europesays.com\/fr\/wp-json\/wp\/v2\/users\/2"}],"replies":[{"embeddable":true,"href":"https:\/\/www.europesays.com\/fr\/wp-json\/wp\/v2\/comments?post=13956"}],"version-history":[{"count":0,"href":"https:\/\/www.europesays.com\/fr\/wp-json\/wp\/v2\/posts\/13956\/revisions"}],"wp:featuredmedia":[{"embeddable":true,"href":"https:\/\/www.europesays.com\/fr\/wp-json\/wp\/v2\/media\/13957"}],"wp:attachment":[{"href":"https:\/\/www.europesays.com\/fr\/wp-json\/wp\/v2\/media?parent=13956"}],"wp:term":[{"taxonomy":"category","embeddable":true,"href":"https:\/\/www.europesays.com\/fr\/wp-json\/wp\/v2\/categories?post=13956"},{"taxonomy":"post_tag","embeddable":true,"href":"https:\/\/www.europesays.com\/fr\/wp-json\/wp\/v2\/tags?post=13956"}],"curies":[{"name":"wp","href":"https:\/\/api.w.org\/{rel}","templated":true}]}}