{"id":139571,"date":"2025-05-30T15:53:09","date_gmt":"2025-05-30T15:53:09","guid":{"rendered":"https:\/\/www.europesays.com\/fr\/139571\/"},"modified":"2025-05-30T15:53:09","modified_gmt":"2025-05-30T15:53:09","slug":"lallemagne-prepare-une-taxe-sur-les-revenus-publicitaires-des-geants-du-numerique","status":"publish","type":"post","link":"https:\/\/www.europesays.com\/fr\/139571\/","title":{"rendered":"L&rsquo;Allemagne pr\u00e9pare une taxe sur les revenus publicitaires des g\u00e9ants du num\u00e9rique"},"content":{"rendered":"<p>L&rsquo;Allemagne envisage d&rsquo;introduire une taxe sur les revenus publicitaires des g\u00e9ants du num\u00e9rique, tels que Google et Meta. Ce projet de loi, en cours d&rsquo;\u00e9laboration, vise \u00e0 r\u00e9\u00e9quilibrer la charge fiscale et \u00e0 soutenir le secteur m\u00e9diatique national.<\/p>\n<p>Le ministre des Affaires num\u00e9riques et de la modernisation de l&rsquo;\u00c9tat, Philipp Amthor, a affirm\u00e9 vendredi au quotidien\u00a0Die Welt qu&rsquo;il \u00e9tait \u00ab\u202fjuste de s&rsquo;y atteler rapidement\u202f\u00bb afin de cr\u00e9er \u00ab\u202fun syst\u00e8me plus \u00e9quitable\u202f\u00bb. Il a fustig\u00e9 les pratiques d&rsquo;optimisation fiscale des \u00ab\u202fpoids lourds de la tech\u202f\u00bb qui contrastent, selon lui, avec la pleine taxation des PME et des artisans allemands.<\/p>\n<p>Taxer les revenus publicitaires<\/p>\n<p>La veille, Wolfram Weimer, ministre charg\u00e9 des M\u00e9dias et de la Culture, avait d\u00e9j\u00e0 lev\u00e9 le voile sur ce projet de loi, qui pr\u00e9voirait une taxe de 10\u202f% sur les revenus publicitaires des plateformes num\u00e9riques op\u00e9rant en Allemagne. Dans une interview accord\u00e9e \u00e0 la S\u00fcddeutsche Zeitung,\u00a0Wolfram Weimer a soulign\u00e9 que ces plateformes \u00ab\u202font \u00e9norm\u00e9ment profit\u00e9 de la performance m\u00e9diatique et culturelle, ainsi que de l&rsquo;infrastructure de notre pays\u202f\u00bb. Il a explicitement cit\u00e9 Alphabet (maison m\u00e8re de Google) et Meta (propri\u00e9taire de Facebook) parmi les cibles de cette mesure.<\/p>\n<p>Le nouveau gouvernement allemand, form\u00e9 par une alliance entre le conservateur Friedrich Merz et les sociaux-d\u00e9mocrates, s&rsquo;est engag\u00e9 \u00e0 mettre en \u0153uvre une telle taxe, dont les recettes seraient directement revers\u00e9es au secteur m\u00e9diatique allemand. Wolfram Weimer, lui-m\u00eame ancien r\u00e9dacteur en chef de plusieurs m\u00e9dias allemands, a exprim\u00e9 son intention de dialoguer avec les repr\u00e9sentants du secteur pour affiner le projet.<\/p>\n<p>Une initiative inspir\u00e9e par l&rsquo;Autriche<\/p>\n<p>L&rsquo;Autriche a servi d&rsquo;inspiration pour cette initiative, ayant instaur\u00e9 d\u00e8s 2020 un imp\u00f4t de 5\u202f% sur les revenus publicitaires des g\u00e9ants du num\u00e9rique. Pour le ministre Weimer, l&rsquo;urgence est de mise, l&rsquo;Allemagne devenant \u00ab\u202fdangereusement d\u00e9pendante de l&rsquo;infrastructure technologique des Am\u00e9ricains\u202f\u00bb.<\/p>\n<p>Il a par ailleurs d\u00e9nonc\u00e9 les entreprises \u00ab\u202fde type monopolistique\u202f\u00bb qui, selon lui, mettent \u00ab\u202fen p\u00e9ril la diversit\u00e9 des m\u00e9dias\u202f\u00bb et \u00ab\u202fla libert\u00e9 des discours\u202f\u00bb. En exemple, il a cit\u00e9 le requalification du golfe du Mexique en golfe de l&rsquo;Am\u00e9rique par Google, sous la pression d&rsquo;un d\u00e9cret controvers\u00e9 de l&rsquo;administration Trump, illustrant ainsi la puissance de ces plateformes. Le syndicat allemand des services Ver.di a salu\u00e9 cette initiative, estimant qu&rsquo;une \u00ab\u202ftaxe num\u00e9rique commencerait enfin \u00e0 r\u00e9\u00e9quilibrer les disparit\u00e9s entre les g\u00e9ants de la technologie et les entreprises de m\u00e9dias traditionnelles\u202f\u00bb.<\/p>\n<p>L&rsquo;Allemagne rejoint ainsi la position de la France et d&rsquo;autres pays europ\u00e9ens, qui ont d\u00e9j\u00e0 explor\u00e9 ou mis en place des mesures similaires. Le projet d&rsquo;une taxe num\u00e9rique au niveau europ\u00e9en, un temps au point mort, a \u00e9galement refait surface \u00e0 la suite de l&rsquo;annonce des droits de douane d\u00e9cr\u00e9t\u00e9s par l&rsquo;administration Trump, soulignant une volont\u00e9 collective de l&rsquo;UE de s&rsquo;affirmer face aux g\u00e9ants am\u00e9ricains du num\u00e9rique.<\/p>\n<p>(Avec AFP,\u00a0S\u00fcddeutsche Zeitung et Die Welt.)<\/p>\n","protected":false},"excerpt":{"rendered":"L&rsquo;Allemagne envisage d&rsquo;introduire une taxe sur les revenus publicitaires des g\u00e9ants du num\u00e9rique, tels que Google et Meta.&hellip;\n","protected":false},"author":2,"featured_media":139572,"comment_status":"","ping_status":"","sticky":false,"template":"","format":"standard","meta":{"footnotes":""},"categories":[1587],"tags":[17,11,672,1804,1805,1803,1777,674,1801,3442,151,12,5109,1802,10665,3356,2549,1807,96],"class_list":{"0":"post-139571","1":"post","2":"type-post","3":"status-publish","4":"format-standard","5":"has-post-thumbnail","7":"category-allemagne","8":"tag-17","9":"tag-actualites","10":"tag-allemagne","11":"tag-bundesrepublik-deutschland","12":"tag-de","13":"tag-deutschland","14":"tag-eu","15":"tag-europe","16":"tag-germany","17":"tag-lallemagne","18":"tag-les","19":"tag-news","20":"tag-prepare","21":"tag-republique-federale-dallemagne","22":"tag-revenus","23":"tag-sur","24":"tag-taxe","25":"tag-technos-medias","26":"tag-une"},"share_on_mastodon":{"url":"https:\/\/pubeurope.com\/@fr\/114597593308064733","error":""},"_links":{"self":[{"href":"https:\/\/www.europesays.com\/fr\/wp-json\/wp\/v2\/posts\/139571","targetHints":{"allow":["GET"]}}],"collection":[{"href":"https:\/\/www.europesays.com\/fr\/wp-json\/wp\/v2\/posts"}],"about":[{"href":"https:\/\/www.europesays.com\/fr\/wp-json\/wp\/v2\/types\/post"}],"author":[{"embeddable":true,"href":"https:\/\/www.europesays.com\/fr\/wp-json\/wp\/v2\/users\/2"}],"replies":[{"embeddable":true,"href":"https:\/\/www.europesays.com\/fr\/wp-json\/wp\/v2\/comments?post=139571"}],"version-history":[{"count":0,"href":"https:\/\/www.europesays.com\/fr\/wp-json\/wp\/v2\/posts\/139571\/revisions"}],"wp:featuredmedia":[{"embeddable":true,"href":"https:\/\/www.europesays.com\/fr\/wp-json\/wp\/v2\/media\/139572"}],"wp:attachment":[{"href":"https:\/\/www.europesays.com\/fr\/wp-json\/wp\/v2\/media?parent=139571"}],"wp:term":[{"taxonomy":"category","embeddable":true,"href":"https:\/\/www.europesays.com\/fr\/wp-json\/wp\/v2\/categories?post=139571"},{"taxonomy":"post_tag","embeddable":true,"href":"https:\/\/www.europesays.com\/fr\/wp-json\/wp\/v2\/tags?post=139571"}],"curies":[{"name":"wp","href":"https:\/\/api.w.org\/{rel}","templated":true}]}}