{"id":139574,"date":"2025-05-30T15:54:10","date_gmt":"2025-05-30T15:54:10","guid":{"rendered":"https:\/\/www.europesays.com\/fr\/139574\/"},"modified":"2025-05-30T15:54:10","modified_gmt":"2025-05-30T15:54:10","slug":"les-balkans-futur-garage-a-migrants-de-leurope","status":"publish","type":"post","link":"https:\/\/www.europesays.com\/fr\/139574\/","title":{"rendered":"les Balkans, futur garage \u00e0 migrants de l&rsquo;Europe?"},"content":{"rendered":"<p>Une revue de presse pr\u00e9sent\u00e9e en partenariat avec Le Courrier des Balkans<\/p>\n<p><a href=\"https:\/\/www.courrierdesbalkans.fr\/Centres-de-retour-pour-les-refugies-le-Kosovo-negocie-avec-le-Royaume-Uni\" rel=\"nofollow noopener\" target=\"_blank\" data-ylk=\"slk:Le Royaume-Uni veut transf\u00e9rer les d\u00e9bout\u00e9s du droit d\u2019asile dans les Balkans;elm:context_link;itc:0;sec:content-canvas\" class=\"link \"><strong>Le Royaume-Uni veut transf\u00e9rer les d\u00e9bout\u00e9s du droit d\u2019asile dans les Balkans<\/strong><\/a>. \u00c9conduit par l\u2019Albanie, le Premier ministre Keir Starmer se tourne vers d\u2019autres pays. Le Kosovo se dit pr\u00eat \u00e0 ouvrir des n\u00e9gociations.<\/p>\n<p><a href=\"https:\/\/www.courrierdesbalkans.fr\/Macedoine-du-Nord-les-mysteres-de-l-accord-de-partenariat-avec-le-Royaume-Uni\" rel=\"nofollow noopener\" target=\"_blank\" data-ylk=\"slk:Le Royaume-Uni garantira les pr\u00eats souscrits par la Mac\u00e9doine du Nord \u00e0 hauteur de cinq milliards d\u2019euros;elm:context_link;itc:0;sec:content-canvas\" class=\"link \"><strong>Le Royaume-Uni garantira les pr\u00eats souscrits par la Mac\u00e9doine du Nord \u00e0 hauteur de cinq milliards d\u2019euros<\/strong><\/a>. De quoi booster l\u2019\u00e9conomie du pays, ou bien aggraver son endettement. Et que cache cet accord ? A-t-il un volet secret concernant l\u2019accueil de migrants ? Repr\u00e9sente-t-il une alternative \u00e0 l\u2019int\u00e9gration europ\u00e9enne ?<\/p>\n<p><a href=\"https:\/\/www.courrierdesbalkans.fr\/Refugies-Balkans-Les-dernieres-infos\" rel=\"nofollow noopener\" target=\"_blank\" data-ylk=\"slk:La Gr\u00e8ce, quant \u00e0 elle, veut encore durcir sa l\u00e9gislation sur l&#039;immigration;elm:context_link;itc:0;sec:content-canvas\" class=\"link \"><strong>La Gr\u00e8ce, quant \u00e0 elle, veut encore durcir sa l\u00e9gislation sur l&rsquo;immigration<\/strong><\/a>.Les flux ont pourtant beaucoup d\u00e9cru ces deux derni\u00e8res ann\u00e9es sur la \u00ab route des Balkans \u00bb.<\/p>\n<p>PUBLICIT\u00c9<\/p>\n<p><a href=\"https:\/\/www.courrierdesbalkans.fr\/Le-Kosovo-est-devenu-une-fabrique-de-personnels-de-sante-pour-l-export\" rel=\"nofollow noopener\" target=\"_blank\" data-ylk=\"slk:Le Kosovo, par contre, est devenu une \u00ab fabrique de personnels de sant\u00e9 pour l&#039;export \u00bb;elm:context_link;itc:0;sec:content-canvas\" class=\"link \"><strong>Le Kosovo, par contre, est devenu une \u00ab fabrique de personnels de sant\u00e9 pour l&rsquo;export \u00bb<\/strong><\/a>. 850 m\u00e9decins ont quitt\u00e9 le pays depuis 2018, 300 infirmi\u00e8res et infirmiers s\u2019en vont chaque ann\u00e9e, une fois leur dipl\u00f4me en poche. Le syst\u00e8me de sant\u00e9 du Kosovo est au bord de l\u2019effondrement.<\/p>\n<p><strong>Bosnie-Herz\u00e9govine : la crise politique paralyse le pays<\/strong><\/p>\n<p><a href=\"https:\/\/www.rfi.fr\/fr\/europe\/20250530-%C3%A0-la-une-les-balkans-futur-garage-%C3%A0-migrants-de-l-europe\" rel=\"nofollow noopener\" target=\"_blank\" data-ylk=\"slk:Lire la suite sur RFI;elm:context_link;itc:0;sec:content-canvas\" class=\"link \">Lire la suite sur RFI<\/a><\/p>\n","protected":false},"excerpt":{"rendered":"Une revue de presse pr\u00e9sent\u00e9e en partenariat avec Le Courrier des Balkans Le Royaume-Uni veut transf\u00e9rer les d\u00e9bout\u00e9s&hellip;\n","protected":false},"author":2,"featured_media":96295,"comment_status":"","ping_status":"","sticky":false,"template":"","format":"standard","meta":{"footnotes":""},"categories":[1586],"tags":[11,13307,11568,1777,674,1011,27,8972,12,25,473,26619],"class_list":{"0":"post-139574","1":"post","2":"type-post","3":"status-publish","4":"format-standard","5":"has-post-thumbnail","7":"category-europe","8":"tag-actualites","9":"tag-balkans","10":"tag-courrier-des-balkans","11":"tag-eu","12":"tag-europe","13":"tag-fr","14":"tag-france","15":"tag-milliards-deuros","16":"tag-news","17":"tag-republique-francaise","18":"tag-royaume-uni","19":"tag-systeme-de-sante"},"share_on_mastodon":{"url":"https:\/\/pubeurope.com\/@fr\/114597597267135855","error":""},"_links":{"self":[{"href":"https:\/\/www.europesays.com\/fr\/wp-json\/wp\/v2\/posts\/139574","targetHints":{"allow":["GET"]}}],"collection":[{"href":"https:\/\/www.europesays.com\/fr\/wp-json\/wp\/v2\/posts"}],"about":[{"href":"https:\/\/www.europesays.com\/fr\/wp-json\/wp\/v2\/types\/post"}],"author":[{"embeddable":true,"href":"https:\/\/www.europesays.com\/fr\/wp-json\/wp\/v2\/users\/2"}],"replies":[{"embeddable":true,"href":"https:\/\/www.europesays.com\/fr\/wp-json\/wp\/v2\/comments?post=139574"}],"version-history":[{"count":0,"href":"https:\/\/www.europesays.com\/fr\/wp-json\/wp\/v2\/posts\/139574\/revisions"}],"wp:featuredmedia":[{"embeddable":true,"href":"https:\/\/www.europesays.com\/fr\/wp-json\/wp\/v2\/media\/96295"}],"wp:attachment":[{"href":"https:\/\/www.europesays.com\/fr\/wp-json\/wp\/v2\/media?parent=139574"}],"wp:term":[{"taxonomy":"category","embeddable":true,"href":"https:\/\/www.europesays.com\/fr\/wp-json\/wp\/v2\/categories?post=139574"},{"taxonomy":"post_tag","embeddable":true,"href":"https:\/\/www.europesays.com\/fr\/wp-json\/wp\/v2\/tags?post=139574"}],"curies":[{"name":"wp","href":"https:\/\/api.w.org\/{rel}","templated":true}]}}