{"id":139575,"date":"2025-05-30T15:55:11","date_gmt":"2025-05-30T15:55:11","guid":{"rendered":"https:\/\/www.europesays.com\/fr\/139575\/"},"modified":"2025-05-30T15:55:11","modified_gmt":"2025-05-30T15:55:11","slug":"comment-lue-pourrait-elle-sanctionner-israel","status":"publish","type":"post","link":"https:\/\/www.europesays.com\/fr\/139575\/","title":{"rendered":"comment l&rsquo;UE pourrait-elle sanctionner Isra\u00ebl ?"},"content":{"rendered":"<p class=\"article-p mdl\">En <strong>Isra\u00ebl<\/strong>, un ministre d&rsquo;extr\u00eame droite appelle \u00e0 employer \u00ab\u00a0toute la force n\u00e9cessaire\u00a0\u00bb \u00e0 Gaza au moment o\u00f9 une proposition am\u00e9ricaine de cessez-le-feu, approuv\u00e9e apparemment par le gouvernement isra\u00e9lien, n&rsquo;a pas re\u00e7u le feu vert du Hamas.<\/p>\n<p class=\"article-p mdl\">De son c\u00f4t\u00e9,\u00a0<a class=\"link\" href=\"https:\/\/www.rtl.fr\/actu\/politique\/gaza-la-reconnaissance-d-un-etat-palestinien-est-un-devoir-moral-dit-emmanuel-macron-qui-veut-durcir-la-position-contre-israel-7900510654\" title=\"Gaza : la reconnaissance d&#039;un \u00c9tat palestinien est &quot;un devoir moral&quot;, dit Emmanuel Macron qui veut &quot;durcir la position&quot; contre Isra\u00ebl\" target=\"_blank\" rel=\"noopener\">Emmanuel Macron accentue la pression sur Benjamin Netanyahu<\/a>\u00a0avec en toile de fond <strong>l&rsquo;hypoth\u00e8se de sanctions europ\u00e9ennes contre Isra\u00ebl.\u00a0<\/strong><\/p>\n<p class=\"article-p mdl\">\u00ab\u00a0Il est tr\u00e8s clair aujourd&rsquo;hui que nous ne pouvons pas laisser la situation durer, affirme le chef de l&rsquo;\u00c9tat. Et donc s&rsquo;il n&rsquo;y a pas une r\u00e9ponse qui est \u00e0 la hauteur de la<strong> situation humanitaire<\/strong> qui est apport\u00e9e dans les prochaines heures et les prochains jours, bien \u00e9videmment qu&rsquo;il faudra durcir la position collective et appliquer des sanctions. Parce que c&rsquo;est aujourd&rsquo;hui une n\u00e9cessit\u00e9, mais j&rsquo;ai encore l&rsquo;espoir que le gouvernement d&rsquo;Isra\u00ebl infl\u00e9chira la sienne et que nous aurons enfin une r\u00e9ponse humanitaire\u00a0\u00bb.<\/p>\n<p class=\"article-p mdl\">Pour l&rsquo;instant le pr\u00e9sident de la R\u00e9publique n&rsquo;a pas pr\u00e9cis\u00e9 de quelles sanctions il parle. Mais s&rsquo;il parle de<strong> sanctions europ\u00e9ennes<\/strong>, elles sont pour l&rsquo;instant presque inexistantes : 14 colons isra\u00e9liens violents ont \u00e9t\u00e9 sanctionn\u00e9s par l&rsquo;Union europ\u00e9enne depuis 2023.<\/p>\n<p>            L&rsquo;Union europ\u00e9enne divis\u00e9e<\/p>\n<p class=\"article-p mdl\">La semaine derni\u00e8re, une majorit\u00e9 d&rsquo;\u00c9tats membres s&rsquo;est dit d&rsquo;accord pour revoir<strong> l&rsquo;accord d&rsquo;association entre l&rsquo;Union europ\u00e9enne et Isra\u00ebl<\/strong>. Cet accord \u00e9conomique, diplomatique, scientifique existe depuis 2000 et qui fait qu&rsquo;aujourd&rsquo;hui, 30% du commerce ext\u00e9rieur isra\u00e9lien se fait avec l&rsquo;Europe. La suspension de cet accord aurait un impact politique et symbolique fort, mais son r\u00e9examen prendra encore plusieurs semaines, voire plusieurs mois, car pour que certains aspects de cet accord soient suspendus, il faut l&rsquo;unanimit\u00e9 des 27.<\/p>\n<p class=\"article-p mdl\">Quand on veut prendre des sanctions, il y a plusieurs pistes possibles : des sanctions <strong>diplomatiques<\/strong>, <strong>financi\u00e8res<\/strong>, <strong>\u00e9conomiques<\/strong>, <strong>individuelles<\/strong>. Si on prend par exemple ce qu&rsquo;on a fait pour la Russie, l&rsquo;Union europ\u00e9enne a sanctionn\u00e9 2.400 personnalit\u00e9s ou entit\u00e9s russes en gelant leurs avoirs et en les emp\u00eachant de voyager. Il y a aussi les embargos sur le charbon et le p\u00e9trole russe, l&rsquo;exclusion du syst\u00e8me financier mondial.<\/p>\n<p class=\"article-p mdl\">Concernant les livraisons d&rsquo;armes vers Isra\u00ebl, plusieurs ONG et pays demandent un embargo. Le plus gros exportateur d&rsquo;armes vers Isra\u00ebl reste les \u00c9tats-Unis avec <strong>22 milliards d&rsquo;exportations depuis 2023<\/strong>. Joe Biden, l&rsquo;ancien pr\u00e9sident, avait limit\u00e9 certaines livraisons l&rsquo;ann\u00e9e derni\u00e8re face \u00e0 l&rsquo;ampleur des destructions dans le sud de la bande de Gaza. Mais le soutien militaire am\u00e9ricain reste le plus important et c&rsquo;est ce qui permet aujourd&rsquo;hui \u00e0 Isra\u00ebl de maintenir l&rsquo;intensit\u00e9 de sa guerre.<\/p>\n<p class=\"article-p mdl\">Si l&rsquo;Union europ\u00e9enne n&rsquo;a pas encore agi, c&rsquo;est qu&rsquo;elle est divis\u00e9e. <strong>Depuis le 7 octobre 2023, elle n&rsquo;arrive pas \u00e0 parler d&rsquo;une seule voix.<\/strong> Et pour prendre des sanctions, il faut l&rsquo;unanimit\u00e9 des 27, ce qui est encore impossible aujourd&rsquo;hui. C&rsquo;est d&rsquo;ailleurs pour cela que l&rsquo;Espagne a pris la t\u00eate d&rsquo;une coalition de pays europ\u00e9ens et arabes souhaitant mettre plus de pression sur Isra\u00ebl.\u00a0<\/p>\n<p class=\"article-p mdl\">R\u00e9unis la semaine derni\u00e8re \u00e0 Madrid, plusieurs d&rsquo;entre eux ont demand\u00e9 <strong>un embargo sur la vente d&rsquo;armes vers Isra\u00ebl<\/strong>. C&rsquo;est aussi pour sortir de ce blocage que la France va co-pr\u00e9sider une conf\u00e9rence en juin \u00e0 New York aux Nations Unies. pour relancer le processus de la solution \u00e0 deux \u00c9tats. Pression diplomatique pour trouver une solution politique au conflit, puisque les armes, jusqu&rsquo;\u00e0 aujourd&rsquo;hui, ne r\u00e8glent pas la question du conflit isra\u00e9lo-palestinien, nous explique un diplomate.<\/p>\n<p>    L&rsquo;\u00e9quipe de l&rsquo;\u00e9mission vous recommande<\/p>\n<p class=\"s-newsletter__title\">\n                L\u2019actualit\u00e9 par la r\u00e9daction de RTL dans votre bo\u00eete mail.\n            <\/p>\n<p class=\"s-newsletter__subtitle\">\n                Gr\u00e2ce \u00e0 votre compte RTL abonnez-vous \u00e0 la newsletter RTL info pour suivre toute l&rsquo;actualit\u00e9 au quotidien\n            <\/p>\n<p>\n                                    Lire la suite\n                                <\/p>\n","protected":false},"excerpt":{"rendered":"En Isra\u00ebl, un ministre d&rsquo;extr\u00eame droite appelle \u00e0 employer \u00ab\u00a0toute la force n\u00e9cessaire\u00a0\u00bb \u00e0 Gaza au moment o\u00f9&hellip;\n","protected":false},"author":2,"featured_media":139576,"comment_status":"","ping_status":"","sticky":false,"template":"","format":"standard","meta":{"footnotes":""},"categories":[1586],"tags":[11,23327,3259,1073,1777,674,1779,107,1011,27,665,664,12,362,360,25,1778,364],"class_list":{"0":"post-139575","1":"post","2":"type-post","3":"status-publish","4":"format-standard","5":"has-post-thumbnail","7":"category-europe","8":"tag-actualites","9":"tag-benjamin-netanyahu","10":"tag-conflit-israelo-palestinien","11":"tag-emmanuel-macron","12":"tag-eu","13":"tag-europe","14":"tag-european-union","15":"tag-fil-info","16":"tag-fr","17":"tag-france","18":"tag-gaza","19":"tag-israel","20":"tag-news","21":"tag-replay","22":"tag-replay-integral","23":"tag-republique-francaise","24":"tag-ue","25":"tag-union-europeenne"},"share_on_mastodon":{"url":"https:\/\/pubeurope.com\/@fr\/114597601160775591","error":""},"_links":{"self":[{"href":"https:\/\/www.europesays.com\/fr\/wp-json\/wp\/v2\/posts\/139575","targetHints":{"allow":["GET"]}}],"collection":[{"href":"https:\/\/www.europesays.com\/fr\/wp-json\/wp\/v2\/posts"}],"about":[{"href":"https:\/\/www.europesays.com\/fr\/wp-json\/wp\/v2\/types\/post"}],"author":[{"embeddable":true,"href":"https:\/\/www.europesays.com\/fr\/wp-json\/wp\/v2\/users\/2"}],"replies":[{"embeddable":true,"href":"https:\/\/www.europesays.com\/fr\/wp-json\/wp\/v2\/comments?post=139575"}],"version-history":[{"count":0,"href":"https:\/\/www.europesays.com\/fr\/wp-json\/wp\/v2\/posts\/139575\/revisions"}],"wp:featuredmedia":[{"embeddable":true,"href":"https:\/\/www.europesays.com\/fr\/wp-json\/wp\/v2\/media\/139576"}],"wp:attachment":[{"href":"https:\/\/www.europesays.com\/fr\/wp-json\/wp\/v2\/media?parent=139575"}],"wp:term":[{"taxonomy":"category","embeddable":true,"href":"https:\/\/www.europesays.com\/fr\/wp-json\/wp\/v2\/categories?post=139575"},{"taxonomy":"post_tag","embeddable":true,"href":"https:\/\/www.europesays.com\/fr\/wp-json\/wp\/v2\/tags?post=139575"}],"curies":[{"name":"wp","href":"https:\/\/api.w.org\/{rel}","templated":true}]}}