{"id":13958,"date":"2025-04-10T01:39:10","date_gmt":"2025-04-10T01:39:10","guid":{"rendered":"https:\/\/www.europesays.com\/fr\/13958\/"},"modified":"2025-04-10T01:39:10","modified_gmt":"2025-04-10T01:39:10","slug":"plusieurs-eleves-pris-en-charge-par-les-secours","status":"publish","type":"post","link":"https:\/\/www.europesays.com\/fr\/13958\/","title":{"rendered":"plusieurs \u00e9l\u00e8ves pris en charge par les secours"},"content":{"rendered":"<p>            Par<br \/>\n        <strong><br \/>\n            <a href=\"https:\/\/actu.fr\/auteur\/lucie-2\" title=\"Consulter tous les articles de Lucie Fraisse\" rel=\"nofollow noopener\" target=\"_blank\">Lucie Fraisse<\/a><br \/>\n        <\/strong><\/p>\n<p>        Publi\u00e9 le<\/p>\n<p>            8 avr. 2025 \u00e0 18h43        <\/p>\n<p>Les pompiers, le Samu et les gendarmes. Grosse mobilisation ce mardi apr\u00e8s-midi devant le coll\u00e8ge Abbal, \u00e0 <a href=\"https:\/\/actu.fr\/occitanie\/carbonne_31107\" rel=\"nofollow noopener\" target=\"_blank\">Carbonne<\/a>, au sud de Toulouse. L\u2019alerte a \u00e9t\u00e9 donn\u00e9e vers 14h30, plusieurs \u00e9l\u00e8ves de l\u2019\u00e9tablissement pr\u00e9sentaient alors des sympt\u00f4mes d\u2019intoxication.<\/p>\n<p>    <a href=\"https:\/\/www.google.com\/maps\/embed?pb=!1m18!1m12!1m3!1d66656.66450558169!2d1.1496862807536845!3d43.30639644884299!2m3!1f0!2f0!3f0!3m2!1i1024!2i768!4f13.1!3m3!1m2!1s0x12aed2959bb9e0e7%3A0x406f69c2f412bf0!2s31390%20Carbonne!5e1!3m2!1sfr!2sfr!4v1744130258627!5m2!1sfr!2sfr\" title=\"Ouvrie le lien\" rel=\"nofollow noopener\" target=\"_blank\">Cliquez ici pour visualiser le contenu<\/a><\/p>\n<p>D\u00e9but d\u2019incendie sur une machine dans le gymnase<\/p>\n<p class=\" wall-content\">\u00ab\u00a0Il y a eu un d\u00e9but d\u2019incendie sur une machine \u00e0 nettoyer les sols qui sert pour le gymnase du coll\u00e8ge, expliquent les gendarmes \u00e0 Actu Toulouse. La combustion des batteries \u00e0 a g\u00e9n\u00e9r\u00e9 le d\u00e9gagement d\u2019un gaz nocif.\u00a0\u00bb<\/p>\n<p>Cinq \u00e9l\u00e8ves pris en charge\u00a0<\/p>\n<p class=\" wall-content\">Arriv\u00e9s sur place, les pompiers ont pris en charge cinq \u00e9l\u00e8ves, dont la situation relevait alors de l\u2019urgence relative. D\u2019apr\u00e8s les gendarmes, ils ont tout \u00e9t\u00e9 laiss\u00e9s sur place, <strong>leur \u00e9tat de sant\u00e9 ne n\u00e9cessitant pas de transfert vers un \u00e9tablissement de soins<\/strong>. \u00ab\u00a0Tous les \u00e9l\u00e8ves sont rentr\u00e9s chez eux ce soir\u00a0\u00bb, pr\u00e9cisent les gendarmes.<\/p>\n<p class=\" wall-content\">Des relev\u00e9s atmosph\u00e9riques et des pr\u00e9l\u00e8vements ont \u00e9galement \u00e9t\u00e9 r\u00e9alis\u00e9s sur place.<\/p>\n<p class=\" wall-content\">Suivez toute l\u2019actualit\u00e9 de vos villes et m\u00e9dias favoris en vous inscrivant \u00e0 <a href=\"https:\/\/moncompte.actu.fr\" title=\"D\u00e9couvez Mon Actu\" rel=\"nofollow noopener\" data-trk=\"{&quot;cta&quot;:{&quot;action&quot;:&quot;https:\\\/\\\/moncompte.actu.fr&quot;,&quot;category&quot;:&quot;mon compte&quot;,&quot;from&quot;:&quot;article footer&quot;,&quot;name&quot;:&quot;Mon actu&quot;,&quot;type&quot;:&quot;cta&quot;}}\" target=\"_blank\">Mon Actu<\/a>.<\/p>\n","protected":false},"excerpt":{"rendered":"Par Lucie Fraisse Publi\u00e9 le 8 avr. 2025 \u00e0 18h43 Les pompiers, le Samu et les gendarmes. Grosse&hellip;\n","protected":false},"author":2,"featured_media":13959,"comment_status":"","ping_status":"","sticky":false,"template":"","format":"standard","meta":{"footnotes":""},"categories":[2816],"tags":[1111,11,1777,674,118,1011,27,3381,12,2680,1311,25,2312],"class_list":{"0":"post-13958","1":"post","2":"type-post","3":"status-publish","4":"format-standard","5":"has-post-thumbnail","7":"category-toulouse","8":"tag-actu","9":"tag-actualites","10":"tag-eu","11":"tag-europe","12":"tag-faits-divers","13":"tag-fr","14":"tag-france","15":"tag-gendarmerie","16":"tag-news","17":"tag-occitanie","18":"tag-pompiers","19":"tag-republique-francaise","20":"tag-toulouse"},"share_on_mastodon":{"url":"https:\/\/pubeurope.com\/@fr\/114311119702702447","error":""},"_links":{"self":[{"href":"https:\/\/www.europesays.com\/fr\/wp-json\/wp\/v2\/posts\/13958","targetHints":{"allow":["GET"]}}],"collection":[{"href":"https:\/\/www.europesays.com\/fr\/wp-json\/wp\/v2\/posts"}],"about":[{"href":"https:\/\/www.europesays.com\/fr\/wp-json\/wp\/v2\/types\/post"}],"author":[{"embeddable":true,"href":"https:\/\/www.europesays.com\/fr\/wp-json\/wp\/v2\/users\/2"}],"replies":[{"embeddable":true,"href":"https:\/\/www.europesays.com\/fr\/wp-json\/wp\/v2\/comments?post=13958"}],"version-history":[{"count":0,"href":"https:\/\/www.europesays.com\/fr\/wp-json\/wp\/v2\/posts\/13958\/revisions"}],"wp:featuredmedia":[{"embeddable":true,"href":"https:\/\/www.europesays.com\/fr\/wp-json\/wp\/v2\/media\/13959"}],"wp:attachment":[{"href":"https:\/\/www.europesays.com\/fr\/wp-json\/wp\/v2\/media?parent=13958"}],"wp:term":[{"taxonomy":"category","embeddable":true,"href":"https:\/\/www.europesays.com\/fr\/wp-json\/wp\/v2\/categories?post=13958"},{"taxonomy":"post_tag","embeddable":true,"href":"https:\/\/www.europesays.com\/fr\/wp-json\/wp\/v2\/tags?post=13958"}],"curies":[{"name":"wp","href":"https:\/\/api.w.org\/{rel}","templated":true}]}}