{"id":139595,"date":"2025-05-30T16:09:10","date_gmt":"2025-05-30T16:09:10","guid":{"rendered":"https:\/\/www.europesays.com\/fr\/139595\/"},"modified":"2025-05-30T16:09:10","modified_gmt":"2025-05-30T16:09:10","slug":"rencontre-avec-le-photographe-jean-gaumy","status":"publish","type":"post","link":"https:\/\/www.europesays.com\/fr\/139595\/","title":{"rendered":"rencontre avec le photographe Jean Gaumy"},"content":{"rendered":"<p>Membre de l\u2019agence Magnum et peintre officiel de la marine, il n\u2019a cess\u00e9 de t\u00e9moigner, par l\u2019image, de la mer et des hommes. \u00c0 l\u2019occasion de sa r\u00e9trospective au Mus\u00e9e national de la marine, Le Figaro l\u2019a rencontr\u00e9, chez lui, \u00e0 F\u00e9camp, en Seine-Maritime.<\/p>\n<p class=\"fig-paragraph\">Grand bleu au-dessus de F\u00e9camp. Sale temps pour Jean Gaumy. Pas un ciel \u00e0 mettre le bo\u00eetier dehors. \u00ab\u00a0C\u2019est horrible, c\u2019est ignoble\u00a0!\u00a0\u00bb, s\u2019amuse le photographe de 76\u00a0ans, marchant le long de l\u2019estacade du port. Il a tenu \u00e0 nous y amener pour nous montrer les falaises de la c\u00f4te d\u2019Alb\u00e2tre et ses coins de p\u00eache. Une chance, le temps normand ne reste pas au beau fixe bien longtemps.<\/p>\n<p class=\"fig-paragraph\">Sa photographie attend \u00ab\u00a0le temps pourri\u00a0\u00bb, les nuages anthracite, le ciel tumultueux et la m\u00e9chante houle. Plus qu\u2019un style, il existe une m\u00e9t\u00e9o Jean Gaumy, une sensibilit\u00e9 aux \u00e9l\u00e9ments, un instinct face \u00e0 l\u2019environnement, aux ciels et aux hommes. Dans la baston d\u2019une temp\u00eate d\u2019<a href=\"http:\/\/www.lefigaro.fr\/sciences\/l-amoc-le-systeme-de-courants-de-l-atlantique-nord-est-il-sur-le-point-de-s-effondrer-20240220\" data-fig-type=\"Article\" data-gtm-custom-categorie=\"navigation\" data-gtm-custom-action=\"crossclick\" data-gtm-custom-label=\"Contextuel\" data-gtm-event=\"customEventSPE\" data-fig-domain=\"LEFIGARO\" target=\"_blank\" rel=\"noopener\">Atlantique Nord\u00a0<\/a>par exemple. 1984, mer d\u2019Irlande. \u00c0 bord du chalutier fran\u00e7ais Koros, arm\u00e9 \u00e0 La\u00a0Rochelle, il saisit la coque s\u2019enfon\u00e7ant dans un mur d\u2019\u00e9cume, o\u00f9 la masse d\u2019eau maltraite trois silhouettes qui tentent de garder leur \u00e9quilibre. Le regard penche, la main cherche un point d\u2019accroche, le mal de mer pourrait se faire\u2026<\/p>\n<p class=\"fig-premium-paywall__infos\">\n        Cet article est r\u00e9serv\u00e9 aux abonn\u00e9s.        Il vous reste 83% \u00e0 d\u00e9couvrir.\n    <\/p>\n<p>                <img  data- alt=\"Le Figaro\" class=\"fig-img--complete fig-img\"\/><\/p>\n<p class=\"fig-premium-paywall__title\">Vente Flash<\/p>\n<p class=\"fig-premium-paywall__subtitle\">4,99\u20ac par mois pendant 12 mois. Sans engagement.<\/p>\n<p class=\"fig-premium-paywall__connect\">\n                D\u00e9j\u00e0 abonn\u00e9\u00a0?                <a class=\"fig-premium-paywall__connect-link\" href=\"https:\/\/connect.lefigaro.fr\/login?client=horizon_web&amp;type=main&amp;redirect_uri=https%3A%2F%2Fwww.lefigaro.fr%2Farts-expositions%2Fla-mer-est-une-sorte-de-monastere-rencontre-avec-le-photographe-jean-gaumy-20250530\" data-js-gtm=\"{&quot;customCategorie&quot;: &quot;conversion&quot;, &quot;customAction&quot;: &quot;before_Landing_Connexion_paywall_auto&quot;, &quot;customLabel&quot;: &quot;bGVmaWdhcm8uZnJfXzFmMDJmZmI4LWQ3MWYtNmNjOC1hNzBhLTE1NjE0NGRlMTE3ZV9fQXJ0aWNsZQ==_\u00abLa mer est une sorte de monast\u00e8re\u00bb: rencontre avec le photographe Jean Gaumy_608&quot;, &quot;customIDSPE&quot;: &quot;bGVmaWdhcm8uZnJfXzFmMDJmZmI4LWQ3MWYtNmNjOC1hNzBhLTE1NjE0NGRlMTE3ZV9fQXJ0aWNsZQ==&quot;, &quot;event&quot;: &quot;customEventSPE&quot;}\" target=\"_blank\" rel=\"noopener\"><br \/>\n                    Connectez-vous<br \/>\n                <\/a>\n            <\/p>\n","protected":false},"excerpt":{"rendered":"Membre de l\u2019agence Magnum et peintre officiel de la marine, il n\u2019a cess\u00e9 de t\u00e9moigner, par l\u2019image, de&hellip;\n","protected":false},"author":2,"featured_media":139596,"comment_status":"","ping_status":"","sticky":false,"template":"","format":"standard","meta":{"footnotes":""},"categories":[1358],"tags":[1348,1384,1385,1386,58,59,2087,3293,1349,638,10449,1011,27,4463,9692,6128,7107,626,1756,510],"class_list":{"0":"post-139595","1":"post","2":"type-post","3":"status-publish","4":"format-standard","5":"has-post-thumbnail","7":"category-arts-et-design","8":"tag-arts","9":"tag-arts-and-design","10":"tag-arts-et-design","11":"tag-design","12":"tag-divertissement","13":"tag-entertainment","14":"tag-evenement","15":"tag-exposition","16":"tag-expositions","17":"tag-figaro","18":"tag-figaroscope","19":"tag-fr","20":"tag-france","21":"tag-guide","22":"tag-lieux","23":"tag-marine","24":"tag-musees","25":"tag-paris","26":"tag-photographie","27":"tag-visite"},"share_on_mastodon":{"url":"https:\/\/pubeurope.com\/@fr\/114597656322421642","error":""},"_links":{"self":[{"href":"https:\/\/www.europesays.com\/fr\/wp-json\/wp\/v2\/posts\/139595","targetHints":{"allow":["GET"]}}],"collection":[{"href":"https:\/\/www.europesays.com\/fr\/wp-json\/wp\/v2\/posts"}],"about":[{"href":"https:\/\/www.europesays.com\/fr\/wp-json\/wp\/v2\/types\/post"}],"author":[{"embeddable":true,"href":"https:\/\/www.europesays.com\/fr\/wp-json\/wp\/v2\/users\/2"}],"replies":[{"embeddable":true,"href":"https:\/\/www.europesays.com\/fr\/wp-json\/wp\/v2\/comments?post=139595"}],"version-history":[{"count":0,"href":"https:\/\/www.europesays.com\/fr\/wp-json\/wp\/v2\/posts\/139595\/revisions"}],"wp:featuredmedia":[{"embeddable":true,"href":"https:\/\/www.europesays.com\/fr\/wp-json\/wp\/v2\/media\/139596"}],"wp:attachment":[{"href":"https:\/\/www.europesays.com\/fr\/wp-json\/wp\/v2\/media?parent=139595"}],"wp:term":[{"taxonomy":"category","embeddable":true,"href":"https:\/\/www.europesays.com\/fr\/wp-json\/wp\/v2\/categories?post=139595"},{"taxonomy":"post_tag","embeddable":true,"href":"https:\/\/www.europesays.com\/fr\/wp-json\/wp\/v2\/tags?post=139595"}],"curies":[{"name":"wp","href":"https:\/\/api.w.org\/{rel}","templated":true}]}}