{"id":139599,"date":"2025-05-30T16:11:11","date_gmt":"2025-05-30T16:11:11","guid":{"rendered":"https:\/\/www.europesays.com\/fr\/139599\/"},"modified":"2025-05-30T16:11:11","modified_gmt":"2025-05-30T16:11:11","slug":"linteret-pour-lenergie-nucleaire-en-hausse-sauf-en-autriche-ou-siege-pourtant-laiea","status":"publish","type":"post","link":"https:\/\/www.europesays.com\/fr\/139599\/","title":{"rendered":"L&rsquo;int\u00e9r\u00eat pour l&rsquo;\u00e9nergie nucl\u00e9aire en hausse, sauf en Autriche, o\u00f9 si\u00e8ge pourtant l&rsquo;AIEA"},"content":{"rendered":"<p>          Par\u00a0<a target=\"_blank\" rel=\"noopener\" href=\"https:\/\/twitter.com\/MeabhMcMahon\">M\u00e9abh Mc Mahon<\/a><br \/>\n                                            &amp;\u00a0<b>Jean Philippe LIABOT<\/b><\/p>\n<p>\n                    Publi\u00e9 le                 30\/05\/2025 &#8211; 17:16 UTC+2\u2022Mis \u00e0 jour<br \/>\n                                     17:18<\/p>\n<p><img decoding=\"async\" class=\"c-ad__placeholder__logo\" src=\"https:\/\/www.europesays.com\/fr\/wp-content\/uploads\/2025\/03\/logo-euronews-grey-6-180x22.svg.svg+xml\" width=\"180\" height=\"22\" alt=\"\" loading=\"lazy\"\/>PUBLICIT\u00c9<\/p>\n<p>De la Belgique au Danemark, du Bangladesh \u00e0 l&rsquo;\u00c9gypte, l&rsquo;\u00e9nergie nucl\u00e9aire fait son retour sur le devant de la sc\u00e8ne politique et a attir\u00e9 des d\u00e9fenseurs du monde entier au si\u00e8ge de l&rsquo;Agence internationale de l&rsquo;\u00e9nergie atomique (AIEA) \u00e0 Vienne cette semaine, m\u00eame si elle reste moins appr\u00e9ci\u00e9e dans la ville autrichienne o\u00f9 si\u00e8ge l&rsquo;agence des Nations unies.<\/p>\n<p>Alors que les grandes entreprises technologiques s&rsquo;int\u00e9ressent \u00e0 l&rsquo;\u00e9nergie nucl\u00e9aire pour alimenter leurs futures op\u00e9rations d&rsquo;intelligence artificielle et que les d\u00e9cideurs politiques r\u00e9fl\u00e9chissent de plus en plus au potentiel des petits r\u00e9acteurs modulaires &#8211; des centrales nucl\u00e9aires miniatures qui pourraient \u00eatre construites en usine et alimenter une petite ville -, l&rsquo;Agence internationale de l&rsquo;\u00e9nergie atomique a constat\u00e9 que de plus en plus de pays s&rsquo;int\u00e9ressaient \u00e0 son expertise.<\/p>\n<p>C&rsquo;est pourquoi l&rsquo;organisme de surveillance nucl\u00e9aire bas\u00e9 \u00e0 Vienne a invit\u00e9 des repr\u00e9sentants du monde entier \u00e0 son si\u00e8ge cette semaine, \u00e0 l&rsquo;occasion d&rsquo;une convention, afin d&rsquo;\u00e9tudier en profondeur les avantages, les inconv\u00e9nients et les inconv\u00e9nients de ce que les partisans appellent un combustible tr\u00e8s respectueux de l&rsquo;environnement.<\/p>\n<p>\u00ab\u00a0\u00c0 l&rsquo;AIEA, nous voyons un certain nombre d&rsquo;Etats membres qui ont exprim\u00e9 leur int\u00e9r\u00eat pour l&rsquo;\u00e9nergie nucl\u00e9aire pour plusieurs raisons li\u00e9es \u00e0 la demande croissante d&rsquo;\u00e9nergie, au changement climatique et \u00e0 d&rsquo;autres consid\u00e9rations nationales\u00a0\u00bb, a d\u00e9clar\u00e9 \u00e0 Euronews Matthew van Sickle, un ing\u00e9nieur en chef de l&rsquo;\u00e9nergie nucl\u00e9aire.<\/p>\n<p>L&rsquo;AIEA offre son expertise aux Etats membres sur tous les principaux d\u00e9fis, du financement aux ressources humaines en passant par les strat\u00e9gies de communication pour obtenir le soutien du public.<\/p>\n<p><strong>Le r\u00e9f\u00e9rendum de Zwentendorf<\/strong><\/p>\n<p>En Autriche, o\u00f9 l&rsquo;AIEA est bas\u00e9e depuis sa cr\u00e9ation en 1957, un r\u00e9f\u00e9rendum organis\u00e9 dans les ann\u00e9es 1970 a abouti \u00e0 l&rsquo;adoption par l&rsquo;Assembl\u00e9e nationale autrichienne d&rsquo;une loi interdisant l&rsquo;utilisation de l&rsquo;\u00e9nergie nucl\u00e9aire dans le pays. Le r\u00e9sultat fut une victoire exceptionnelle pour la d\u00e9mocratie participative, mais une perte majeure pour la centrale nucl\u00e9aire de <strong>Zwentendorf<\/strong>, dont la construction avait co\u00fbt\u00e9 1 milliard d&rsquo;euros et qui \u00e9tait pr\u00eate \u00e0 fonctionner.<\/p>\n<p>Situ\u00e9e en Basse-Autriche, le long du Danube, la centrale est aujourd&rsquo;hui devenue une attraction touristique excentrique. Les visiteurs peuvent jeter un coup d&rsquo;\u0153il \u00e0 l&rsquo;int\u00e9rieur et d\u00e9ambuler dans les quelques 1000 salles, qui offrent un aper\u00e7u unique de la technologie nucl\u00e9aire, et de ses syst\u00e8mes de s\u00e9curit\u00e9. On peut croiser des images d&rsquo;Homer Simpson ou de son patron Monty Burns, clin d&rsquo;oeil \u00e0 la c\u00e9l\u00e8bre s\u00e9rie anim\u00e9e, o\u00f9 Homer est le chef de la s\u00e9curit\u00e9 de la centrale nucl\u00e9aire de Springfield. <\/p>\n<p>Mais c&rsquo;est aussi, plus s\u00e9rieusement, le plus grand centre de formation nucl\u00e9aire de toute l&rsquo;Europe.<\/p>\n<p><strong>Peter Schinnerf<\/strong>, qui travaille \u00e0 la centrale en tant que guide et formateur, a d\u00e9clar\u00e9 \u00e0 Euronews que la centrale a aujourd&rsquo;hui plus de valeur \u00e9motionnelle que financi\u00e8re.<\/p>\n<p>\u00ab\u00a0Cette installation n&rsquo;a jamais \u00e9t\u00e9 utilis\u00e9e. Depuis 1986, certaines pi\u00e8ces ont \u00e9t\u00e9 vendues, si bien que nous ne sommes pas enti\u00e8rement \u00e9quip\u00e9s et, bien s\u00fbr, nous ne sommes pas en mesure de fonctionner. Techniquement, nous ne sommes plus en mesure de fonctionner, non seulement parce qu&rsquo;il manque des pi\u00e8ces, mais aussi parce que cette installation a plus de 40 ans. Elle ne r\u00e9pond pas aux normes actuelles.\u00a0\u00bb explique-t-il.<\/p>\n<p>Depuis 2017, la centrale accueille \u00e9galement le festival annuel Shut Down &#8211; un \u00e9norme festival techno qui attire des f\u00eatards de toute l&rsquo;Autriche et d&rsquo;ailleurs.<\/p>\n<p><script async src=\"https:\/\/platform.twitter.com\/widgets.js\" charset=\"utf-8\"><\/script><\/p>\n","protected":false},"excerpt":{"rendered":"Par\u00a0M\u00e9abh Mc Mahon &amp;\u00a0Jean Philippe LIABOT Publi\u00e9 le 30\/05\/2025 &#8211; 17:16 UTC+2\u2022Mis \u00e0 jour 17:18 PUBLICIT\u00c9 De la&hellip;\n","protected":false},"author":2,"featured_media":139600,"comment_status":"","ping_status":"","sticky":false,"template":"","format":"standard","meta":{"footnotes":""},"categories":[1356],"tags":[13989,26627,26628,58,59,1011,27,252,1364],"class_list":{"0":"post-139599","1":"post","2":"type-post","3":"status-publish","4":"format-standard","5":"has-post-thumbnail","7":"category-television","8":"tag-autriche","9":"tag-centrale-nucleaire","10":"tag-consommation-delectricite","11":"tag-divertissement","12":"tag-entertainment","13":"tag-fr","14":"tag-france","15":"tag-television","16":"tag-tv"},"share_on_mastodon":{"url":"https:\/\/pubeurope.com\/@fr\/114597664136069411","error":""},"_links":{"self":[{"href":"https:\/\/www.europesays.com\/fr\/wp-json\/wp\/v2\/posts\/139599","targetHints":{"allow":["GET"]}}],"collection":[{"href":"https:\/\/www.europesays.com\/fr\/wp-json\/wp\/v2\/posts"}],"about":[{"href":"https:\/\/www.europesays.com\/fr\/wp-json\/wp\/v2\/types\/post"}],"author":[{"embeddable":true,"href":"https:\/\/www.europesays.com\/fr\/wp-json\/wp\/v2\/users\/2"}],"replies":[{"embeddable":true,"href":"https:\/\/www.europesays.com\/fr\/wp-json\/wp\/v2\/comments?post=139599"}],"version-history":[{"count":0,"href":"https:\/\/www.europesays.com\/fr\/wp-json\/wp\/v2\/posts\/139599\/revisions"}],"wp:featuredmedia":[{"embeddable":true,"href":"https:\/\/www.europesays.com\/fr\/wp-json\/wp\/v2\/media\/139600"}],"wp:attachment":[{"href":"https:\/\/www.europesays.com\/fr\/wp-json\/wp\/v2\/media?parent=139599"}],"wp:term":[{"taxonomy":"category","embeddable":true,"href":"https:\/\/www.europesays.com\/fr\/wp-json\/wp\/v2\/categories?post=139599"},{"taxonomy":"post_tag","embeddable":true,"href":"https:\/\/www.europesays.com\/fr\/wp-json\/wp\/v2\/tags?post=139599"}],"curies":[{"name":"wp","href":"https:\/\/api.w.org\/{rel}","templated":true}]}}