{"id":139605,"date":"2025-05-30T16:14:08","date_gmt":"2025-05-30T16:14:08","guid":{"rendered":"https:\/\/www.europesays.com\/fr\/139605\/"},"modified":"2025-05-30T16:14:08","modified_gmt":"2025-05-30T16:14:08","slug":"smartphones-anxiete-et-parents-surprotecteurs-si-les-ados-vous-semblent-peu-debrouillards-ce-nest-pas-vraiment-leur-faute","status":"publish","type":"post","link":"https:\/\/www.europesays.com\/fr\/139605\/","title":{"rendered":"Smartphones, anxi\u00e9t\u00e9 et parents surprotecteurs: si les ados vous semblent peu d\u00e9brouillards, ce n\u2019est pas vraiment leur faute"},"content":{"rendered":"<p>    Publi\u00e9 le 30 mai 2025 \u00e0 08:15. \/ Modifi\u00e9 le 30 mai 2025 \u00e0 16:33.<\/p>\n<p> 5 min. de lecture<\/p>\n<p class=\"article__abstract-call-to-action\" data-ariato=\"TrackableElement\" data-trackable-element-type=\"article_abstract_cta\" data-trackable-element-location=\"article_header\" data-trackable-element-id=\"496388\">\n          <a data-event=\"click-&gt;clicked\" href=\"https:\/\/www.letemps.ch\/abonnements\" target=\"_blank\" rel=\"noopener\">Abonnez-vous<\/a> pour acc\u00e9der au r\u00e9sum\u00e9 en 20 secondes.\n        <\/p>\n<p>\u00abAh, les jeunes d\u2019aujourd\u2019hui, toujours le nez riv\u00e9 sur leurs smartphones et incapables de se d\u00e9brouiller dans la vraie vie.\u00bb Derri\u00e8re ce clich\u00e9\u00a0tenace\u00a0se cache un ph\u00e9nom\u00e8ne bien plus complexe et dont les adultes sont en partie responsables.\u00a0Et si le relatif manque d\u2019autonomie de nos adolescents cachait bien plus que ce qu\u2019on imaginait?<\/p>\n<p>\u00abLe t\u00e9l\u00e9phone permet aux jeunes d\u2019obtenir rapidement et facilement beaucoup d\u2019informations. Cet outil a un impact sur leur d\u00e9veloppement\u00bb, pose\u00a0le Dr R\u00e9my Barbe, m\u00e9decin adjoint responsable de l\u2019Unit\u00e9 d\u2019hospitalisation et de l\u2019interface sant\u00e9 social du Service de psychiatrie de l\u2019enfant et de l\u2019adolescent des H\u00f4pitaux universitaires de Gen\u00e8ve (HUG). Avant d\u2019ajouter: \u00abLes adolescents d\u2019aujourd\u2019hui perdent plus vite leur insouciance et sont ainsi expos\u00e9s \u00e0 des contenus anxiog\u00e8nes.\u00bb<\/p>\n<p>    L\u2019histoire ne s\u2019arr\u00eate pas l\u00e0.<\/p>\n<p class=\"post-subscribe__mention\">Restez inform\u00e9(e) sans limites pendant toute l&rsquo;ann\u00e9e \u2192 votre abonnement digital mensuel d\u00e8s CHF 29.- \/ mois.<\/p>\n<p class=\"post-subscribe__mention post-subscribe__mention--temporary\">Abonnez-vous en quelques clics et payez facilement avec <b>Twint<\/b>.<\/p>\n<p>    <a class=\"button is-secondary\" data-event=\"click-&gt;clicked\" href=\"https:\/\/www.letemps.ch\/abonnements?wall_id=19\" target=\"_blank\" rel=\"noopener\">Je m&rsquo;abonne<\/a><\/p>\n<p class=\"post-subscribe__login\">\n        Vous avez d\u00e9j\u00e0 un compte ?<br \/>\n        <a class=\"link\" rel=\"nofollow noopener\" href=\"https:\/\/www.letemps.ch\/compte\/connexion?return_to=https%3A%2F%2Fwww.letemps.ch%2Fsociete%2Fenfants-education%2Fsmartphones-anxiete-et-parents-surprotecteurs-si-les-ados-vous-semblent-peu-debrouillards-ce-n-est-pas-vraiment-leur-faute\" target=\"_blank\">Se connecter<\/a>\n      <\/p>\n","protected":false},"excerpt":{"rendered":"Publi\u00e9 le 30 mai 2025 \u00e0 08:15. \/ Modifi\u00e9 le 30 mai 2025 \u00e0 16:33. 5 min. de&hellip;\n","protected":false},"author":2,"featured_media":139606,"comment_status":"","ping_status":"","sticky":false,"template":"","format":"standard","meta":{"footnotes":""},"categories":[10],"tags":[1011,27,72,301,938,71],"class_list":{"0":"post-139605","1":"post","2":"type-post","3":"status-publish","4":"format-standard","5":"has-post-thumbnail","7":"category-sante","8":"tag-fr","9":"tag-france","10":"tag-health","11":"tag-premium","12":"tag-reseaux-sociaux","13":"tag-sante"},"share_on_mastodon":{"url":"https:\/\/pubeurope.com\/@fr\/114597675900917294","error":""},"_links":{"self":[{"href":"https:\/\/www.europesays.com\/fr\/wp-json\/wp\/v2\/posts\/139605","targetHints":{"allow":["GET"]}}],"collection":[{"href":"https:\/\/www.europesays.com\/fr\/wp-json\/wp\/v2\/posts"}],"about":[{"href":"https:\/\/www.europesays.com\/fr\/wp-json\/wp\/v2\/types\/post"}],"author":[{"embeddable":true,"href":"https:\/\/www.europesays.com\/fr\/wp-json\/wp\/v2\/users\/2"}],"replies":[{"embeddable":true,"href":"https:\/\/www.europesays.com\/fr\/wp-json\/wp\/v2\/comments?post=139605"}],"version-history":[{"count":0,"href":"https:\/\/www.europesays.com\/fr\/wp-json\/wp\/v2\/posts\/139605\/revisions"}],"wp:featuredmedia":[{"embeddable":true,"href":"https:\/\/www.europesays.com\/fr\/wp-json\/wp\/v2\/media\/139606"}],"wp:attachment":[{"href":"https:\/\/www.europesays.com\/fr\/wp-json\/wp\/v2\/media?parent=139605"}],"wp:term":[{"taxonomy":"category","embeddable":true,"href":"https:\/\/www.europesays.com\/fr\/wp-json\/wp\/v2\/categories?post=139605"},{"taxonomy":"post_tag","embeddable":true,"href":"https:\/\/www.europesays.com\/fr\/wp-json\/wp\/v2\/tags?post=139605"}],"curies":[{"name":"wp","href":"https:\/\/api.w.org\/{rel}","templated":true}]}}