{"id":139625,"date":"2025-05-30T16:24:09","date_gmt":"2025-05-30T16:24:09","guid":{"rendered":"https:\/\/www.europesays.com\/fr\/139625\/"},"modified":"2025-05-30T16:24:09","modified_gmt":"2025-05-30T16:24:09","slug":"on-vous-devoile-tout-de-ce-projet-a-38-millions-deuros","status":"publish","type":"post","link":"https:\/\/www.europesays.com\/fr\/139625\/","title":{"rendered":"on vous d\u00e9voile tout de ce projet \u00e0 38 millions d&rsquo;euros"},"content":{"rendered":"<p>            Par<br \/>\n        <strong><br \/>\n            <a href=\"https:\/\/actu.fr\/auteur\/amandine-mehl\" title=\"Consulter tous les articles de Amandine Mehl\" rel=\"nofollow noopener\" target=\"_blank\">Amandine Mehl<\/a><br \/>\n        <\/strong><\/p>\n<p>        Publi\u00e9 le<\/p>\n<p>            30 mai 2025 \u00e0 18h16        <\/p>\n<p>\u00c9tendu sur <strong>sept hectares<\/strong>, <strong>l\u2019ensemble Carnot-L\u00e9opold<\/strong> \u00e0 <strong>Nancy<\/strong> n\u2019est aujourd\u2019hui rien de plus qu\u2019un <strong>lieu de passage<\/strong>. Consciente de cette r\u00e9alit\u00e9, la municipalit\u00e9 a d\u00e9cid\u00e9 de le transformer avec l\u2019id\u00e9e d\u2019en faire <strong>un endroit o\u00f9 les habitants prendront plaisir \u00e0 s\u2019y arr\u00eater<\/strong>.<\/p>\n<p class=\" wall-content\">Lorraine Actu vous d\u00e9voile cet <strong>ambitieux projet<\/strong>.<\/p>\n<p>Fin du stationnement cours L\u00e9opold et v\u00e9g\u00e9talisation massive<\/p>\n<p class=\" wall-content\">Commen\u00e7ons par le <a href=\"https:\/\/actu.fr\/grand-est\/nancy_54395\/a-nancy-le-cours-leopold-va-etre-completement-transforme-dans-les-annees-a-venir-voici-le-projet_62638426.html\" rel=\"nofollow noopener\" target=\"_blank\">cours L\u00e9opold<\/a>. Parmi les grands changements, on note la <strong>fin du stationnement en surface<\/strong>. Les <strong>339 places<\/strong> qu\u2019abrite le parking n\u2019existeront plus. Elles ne dispara\u00eetront pas pour autant puisqu\u2019elles seront <strong>report\u00e9es<\/strong> au sein du parking Ville-Vieille-Carnot qui sera agrandi et doublera ainsi sa capacit\u00e9 de <a href=\"https:\/\/actu.fr\/grand-est\/nancy_54395\/a-terme-le-parking-du-cours-leopold-a-nancy-va-etre-supprime-voici-ou-le-stationnement-sera-reporte_62642038.html\" rel=\"nofollow noopener\" target=\"_blank\">stationnement<\/a>.<\/p>\n<p class=\" wall-content\">L\u2019un des principaux enjeux rappel\u00e9 par le maire de la cit\u00e9 ducale, <strong>Mathieu Klein<\/strong>, porte sur la <strong>v\u00e9g\u00e9talisation<\/strong>. \u00ab\u2009Aujourd\u2019hui, l\u2019ensemble Carnot-L\u00e9opold, c\u2019est un quart d\u2019espaces v\u00e9g\u00e9talis\u00e9s et trois quarts d\u2019espaces imperm\u00e9abilis\u00e9s. L\u2019objectif est d<strong>\u2019inverser cette tendance<\/strong>\u2009\u00bb, a-t-il d\u00e9taill\u00e9.<\/p>\n<p>    <img   decoding=\"async\" loading=\"lazy\" src=\"https:\/\/www.europesays.com\/fr\/wp-content\/uploads\/2025\/05\/1748622249_924_cours-leopold-projection-nancy-960x640.jpg\" alt=\"Voici une projection du futur cours L\u00e9opold \u00e0 Nancy.\" width=\"960\" height=\"640\"\/><br \/>\n    Voici une projection du futur cours L\u00e9opold \u00e0 Nancy. (\u00a9Ville de Nancy)<\/p>\n<p class=\" wall-content\">Sur ce volet, la mairie promet un \u00ab<strong>\u2009effet assez remarquable<\/strong>\u2009\u00bb, avec une \u00ab<strong>\u2009promenade urbaine v\u00e9g\u00e9talis\u00e9e<\/strong>\u2009\u00bb comprenant de la <strong>pelouse<\/strong> en partie centrale du cours L\u00e9opold et des <strong>plantations compl\u00e9mentaires<\/strong> aux arbres qui se trouvent d\u00e9j\u00e0 sur les lieux et pour lesquels l\u2019objectif est de \u00ab\u2009les pr\u00e9server au maximum\u2009\u00bb. Le site se voudra propice \u00e0 la <strong>d\u00e9tente<\/strong> et pr\u00e9sentera <strong>un usage familial et r\u00e9cr\u00e9atif<\/strong>.<\/p>\n<p>Retour de la fontaine place Carnot<\/p>\n<p class=\" wall-content\">Place Carnot cette fois, l\u2019id\u00e9e est d\u2019abord de la <strong>r\u00e9orienter<\/strong>. \u00ab\u2009Cette place est tr\u00e8s vaste et tr\u00e8s \u00e9tendue, donc pas \u00e0 \u00e9chelle humaine. On a du mal \u00e0 avoir une perspective. L\u2019objectif c\u2019est donc, gr\u00e2ce aux am\u00e9nagements et aux cheminements, de <strong>r\u00e9orienter la place vers le palais de l\u2019Universit\u00e9<\/strong>\u2009\u00bb, a indiqu\u00e9 la Ville.<\/p>\n<p class=\" wall-content\">S\u2019agissant du <strong>sol<\/strong>, il sera <strong>d\u00e9simperm\u00e9abilis\u00e9<\/strong> mais <strong>restera min\u00e9ral<\/strong> pour respecter le Plan de sauvegarde et de mise en valeur ainsi que l\u2019histoire du site. La <a href=\"https:\/\/actu.fr\/grand-est\/nancy_54395\/transformation-de-l-ensemble-carnot-leopold-la-fontaine-va-faire-son-grand-retour_62667254.html\" rel=\"nofollow noopener\" target=\"_blank\">fontaine<\/a>, qui avait disparu de la place Carnot il y a plusieurs dizaines d\u2019ann\u00e9es maintenant, <strong>fera son retour<\/strong> sous une forme qui n\u2019a, pour l\u2019heure, pas \u00e9t\u00e9 d\u00e9voil\u00e9e.<\/p>\n<p>    <img   decoding=\"async\" loading=\"lazy\" src=\"https:\/\/www.europesays.com\/fr\/wp-content\/uploads\/2025\/05\/transformation-carnot-leopold-nancy-960x640.jpg\" alt=\"Transformation ensemble Carnot-L\u00e9opold.\" width=\"960\" height=\"640\"\/><br \/>\n    La Ville de Nancy souhaite inverser la tendance sur l\u2019ensemble Carnot-L\u00e9opold et proposer une v\u00e9g\u00e9talisation importante du site. (\u00a9Amandine Mehl\/ Lorraine Actu)<\/p>\n<p class=\" wall-content\">Enfin, <strong>l\u2019all\u00e9e Gis\u00e8le Halimi<\/strong> va devenir <strong>un lieu de transition<\/strong> entre la place Carnot et le cours L\u00e9opold. Elle sera remise \u00e0 niveau en vue d\u2019obtenir un effet homog\u00e8ne et sera agr\u00e9ment\u00e9e d\u2019un <strong>certain nombre de plantations<\/strong>.<\/p>\n<p>Des changements au niveau de la circulation aux abords de l\u2019ensemble Carnot-L\u00e9opold<\/p>\n<p class=\" wall-content\">Aux <strong>abords<\/strong> de l\u2019ensemble Carnot-L\u00e9opold, des <strong>changements<\/strong> sont \u00e9galement attendus en mati\u00e8re de <a href=\"https:\/\/actu.fr\/grand-est\/nancy_54395\/nancy-la-circulation-va-etre-modifiee-autour-de-l-ensemble-carnot-leopold-dans-les-annees-a-venir_62645402.html\" rel=\"nofollow noopener\" target=\"_blank\">circulation<\/a>. \u00c0 compter du 25\u00a0ao\u00fbt, la nouvelle ligne 5 du r\u00e9seau Stan passera justement par l\u2019ensemble. L\u2019id\u00e9e, en 2028, est donc que <strong>cette ligne circule en site propre<\/strong>. Pour rendre cela possible, la <strong>circulation sera interdite aux automobilistes<\/strong> du c\u00f4t\u00e9 de la rue o\u00f9 se trouve la facult\u00e9 de droit. Les bus pourront ainsi circuler <strong>dans les deux sens<\/strong> et <strong>une piste cyclable<\/strong> verra le jour.<\/p>\n<p class=\" wall-content\">De l\u2019autre c\u00f4t\u00e9, soit la rue o\u00f9 se situe le restaurant universitaire, <strong>le sens unique dispara\u00eetra<\/strong>. Les automobilistes pourront ainsi circuler en double sens.<\/p>\n<p>La foire attractive de Nancy maintenue sur l\u2019ensemble Carnot-L\u00e9opold<\/p>\n<p class=\" wall-content\">Lorsque le <strong>comit\u00e9 citoyen<\/strong> s\u2019est pench\u00e9 sur ce dossier d\u2019envergure, tout comme l\u2019<strong>agence Leclercq Associ\u00e9s<\/strong> qui a formalis\u00e9 le projet tel que pr\u00e9sent\u00e9, l\u2019une des contraintes \u00e9tait le maintien des animations annuelles. \u00c0 savoir, la <a href=\"https:\/\/actu.fr\/grand-est\/nancy_54395\/transformation-de-carnot-leopold-la-foire-attractive-de-nancy-devra-etre-delocalisee-pendant-les-travaux_62647203.html\" rel=\"nofollow noopener\" target=\"_blank\">foire attractive<\/a> et le cirque.<\/p>\n<p class=\" wall-content\">Pour concilier les transformations et le maintien de la foire, l\u2019agence a travaill\u00e9 sur les <strong>plans d\u2019implantation<\/strong> de la f\u00eate foraine. Elle est parvenue \u00e0 replacer <strong>100\u2009% des man\u00e8ges<\/strong> et <strong>jusqu\u2019\u00e0 90\u2009% des autres m\u00e9tiers<\/strong>. Quid des 10\u2009% restants\u2009?<\/p>\n<blockquote class=\"ac-article-quote wall-content\">\n<p>On a encore quatre saisons de foire compl\u00e8tes en format habituel pour discuter avec les forains. Dans le cahier des charges, l&rsquo;objectif fix\u00e9, c&rsquo;est de maintenir le maximum des m\u00e9tiers sur le champ de foire. Je crois que les forains ont appr\u00e9ci\u00e9 que la foire reste sur l&rsquo;ensemble Carnot-L\u00e9opold. Maintenant, il faut qu&rsquo;on discute avec eux. Il y a beaucoup d&rsquo;infrastructures sur le champ de foire qui ne sont pas indispensables. Cela repr\u00e9sente un gain de place. On peut aussi envisager le r\u00e9agencement de certains m\u00e9tiers. Mais, tout cela se fera dans le dialogue avec eux.<\/p>\n<p>    <strong>Mathieu Klein<\/strong><br \/>\n        Maire de Nancy    <\/p><\/blockquote>\n<p>La foire attractive de Nancy d\u00e9localis\u00e9e pour au moins une saison compl\u00e8te<\/p>\n<p class=\" wall-content\">Ce rendez-vous annuel tr\u00e8s pris\u00e9 devra toutefois \u00eatre <strong>d\u00e9localis\u00e9<\/strong> lorsque les travaux d\u00e9buteront. La fin du stationnement sur le cours L\u00e9opold va en effet mener \u00e0 des travaux d\u2019agrandissement du parking souterrain Ville-Vieille-Carnot et donc \u00e0 une <strong>neutralisation du site durant 20\u00a0ans<\/strong>.<\/p>\n<p class=\" wall-content\">\u00ab\u2009Cela a \u00e9t\u00e9 vu avec eux. En fonction de la date de d\u00e9marrage des travaux, on a \u00e0 coup s\u00fbr <strong>une saison compl\u00e8te de la foire attractive qui devra \u00eatre d\u00e9localis\u00e9e<\/strong>. L\u2019ann\u00e9e concern\u00e9e, on ne la conna\u00eet pas, car le calendrier des travaux n\u2019est pas assez pr\u00e9cis pour le moment\u2009\u00bb, a expliqu\u00e9 le maire avant d\u2019assurer qu\u2019un autre lieu en mesure d\u2019accueillir la foire sera trouv\u00e9.<\/p>\n<p>Un projet \u00e0 38\u00a0millions d\u2019euros<\/p>\n<p class=\" wall-content\">Ce chantier de taille d\u00e9butera en <strong>2028<\/strong> et se d\u00e9roulera en plusieurs phases. D\u2019abord avec l\u2019agrandissement du parking souterrain, puis la m\u00e9tamorphose de l\u2019ensemble. Le calendrier pr\u00e9visionnel pr\u00e9voit la <strong>fin des travaux pour 2032<\/strong>.<\/p>\n<p class=\" wall-content\">Concernant le montant de cette transformation, elle est chiffr\u00e9e \u00e0 <strong>38\u00a0millions d\u2019euros<\/strong>. Soit, 18\u00a0millions d\u2019euros pour le parking, \u00e0 la charge de la M\u00e9tropole du Grand Nancy, et 20\u00a0millions d\u2019euros pour les am\u00e9nagements.<\/p>\n<p class=\" wall-content\">Sans oublier l\u2019enveloppe de <strong>250\u2009000\u00a0euros<\/strong> allou\u00e9e aux am\u00e9nagements transitoires pr\u00e9sents jusqu\u2019en 2028. Cela comprend l\u2019installation de mobilier mais aussi de <a href=\"https:\/\/actu.fr\/grand-est\/nancy_54395\/transformation-de-l-ensemble-carnot-leopold-a-nancy-des-terrains-de-sport-attendus-des-cet-ete-2025_62630360.html\" rel=\"nofollow noopener\" target=\"_blank\">terrains de sport<\/a>.<\/p>\n<p class=\" wall-content\">Suivez toute l\u2019actualit\u00e9 de vos villes et m\u00e9dias favoris en vous inscrivant \u00e0 <a href=\"https:\/\/moncompte.actu.fr\" title=\"D\u00e9couvez Mon Actu\" rel=\"nofollow noopener\" data-trk=\"{&quot;cta&quot;:{&quot;action&quot;:&quot;https:\\\/\\\/moncompte.actu.fr&quot;,&quot;category&quot;:&quot;mon compte&quot;,&quot;from&quot;:&quot;article footer&quot;,&quot;name&quot;:&quot;Mon actu&quot;,&quot;type&quot;:&quot;cta&quot;}}\" target=\"_blank\">Mon Actu<\/a>.<\/p>\n","protected":false},"excerpt":{"rendered":"Par Amandine Mehl Publi\u00e9 le 30 mai 2025 \u00e0 18h16 \u00c9tendu sur sept hectares, l\u2019ensemble Carnot-L\u00e9opold \u00e0 Nancy&hellip;\n","protected":false},"author":2,"featured_media":117009,"comment_status":"","ping_status":"","sticky":false,"template":"","format":"standard","meta":{"footnotes":""},"categories":[9635],"tags":[1111,11,1777,674,1011,27,775,1702,12,25,104,2086,1352],"class_list":{"0":"post-139625","1":"post","2":"type-post","3":"status-publish","4":"format-standard","5":"has-post-thumbnail","7":"category-nancy","8":"tag-actu","9":"tag-actualites","10":"tag-eu","11":"tag-europe","12":"tag-fr","13":"tag-france","14":"tag-grand-est","15":"tag-nancy","16":"tag-news","17":"tag-republique-francaise","18":"tag-societe","19":"tag-travaux","20":"tag-urbanisme"},"share_on_mastodon":{"url":"https:\/\/pubeurope.com\/@fr\/114597715276582042","error":""},"_links":{"self":[{"href":"https:\/\/www.europesays.com\/fr\/wp-json\/wp\/v2\/posts\/139625","targetHints":{"allow":["GET"]}}],"collection":[{"href":"https:\/\/www.europesays.com\/fr\/wp-json\/wp\/v2\/posts"}],"about":[{"href":"https:\/\/www.europesays.com\/fr\/wp-json\/wp\/v2\/types\/post"}],"author":[{"embeddable":true,"href":"https:\/\/www.europesays.com\/fr\/wp-json\/wp\/v2\/users\/2"}],"replies":[{"embeddable":true,"href":"https:\/\/www.europesays.com\/fr\/wp-json\/wp\/v2\/comments?post=139625"}],"version-history":[{"count":0,"href":"https:\/\/www.europesays.com\/fr\/wp-json\/wp\/v2\/posts\/139625\/revisions"}],"wp:featuredmedia":[{"embeddable":true,"href":"https:\/\/www.europesays.com\/fr\/wp-json\/wp\/v2\/media\/117009"}],"wp:attachment":[{"href":"https:\/\/www.europesays.com\/fr\/wp-json\/wp\/v2\/media?parent=139625"}],"wp:term":[{"taxonomy":"category","embeddable":true,"href":"https:\/\/www.europesays.com\/fr\/wp-json\/wp\/v2\/categories?post=139625"},{"taxonomy":"post_tag","embeddable":true,"href":"https:\/\/www.europesays.com\/fr\/wp-json\/wp\/v2\/tags?post=139625"}],"curies":[{"name":"wp","href":"https:\/\/api.w.org\/{rel}","templated":true}]}}