{"id":139636,"date":"2025-05-30T16:30:08","date_gmt":"2025-05-30T16:30:08","guid":{"rendered":"https:\/\/www.europesays.com\/fr\/139636\/"},"modified":"2025-05-30T16:30:08","modified_gmt":"2025-05-30T16:30:08","slug":"a-rouen-une-soiree-avec-michel-bussi-pour-lutter-contre-la-depression-chez-les-jeunes","status":"publish","type":"post","link":"https:\/\/www.europesays.com\/fr\/139636\/","title":{"rendered":"\u00c0 Rouen, une soir\u00e9e avec Michel Bussi pour \u00ab lutter contre la d\u00e9pression chez les jeunes \u00bb"},"content":{"rendered":"<p>            Par<br \/>\n        <strong><br \/>\n            <a href=\"https:\/\/actu.fr\/auteur\/jessie-leclerc\" title=\"Consulter tous les articles de Jessie Leclerc\" target=\"_blank\" rel=\"noopener\">Jessie Leclerc<\/a><br \/>\n        <\/strong><\/p>\n<p>        Publi\u00e9 le<\/p>\n<p>            30 mai 2025 \u00e0 18h04        <\/p>\n<p>Parler d\u2019un sujet encore trop tabou en passant par la culture, c\u2019est le pari lanc\u00e9 par la fondation Charles-Nicolle Normandie. <strong>Mardi 3\u00a0juin 2025<\/strong>, cette derni\u00e8re organise une soir\u00e9e caritative au mus\u00e9e des Beaux-Arts <a href=\"https:\/\/actu.fr\/normandie\/rouen_76540\" target=\"_blank\" rel=\"noopener\">de Rouen (Seine-Maritime)<\/a>. Lectures \u00e0 voix hautes avec des auteurs de renom, dont Michel Bussi, concert de piano, d\u00e9dicaces\u2026 et un objectif solidaire\u2009: financer un nouvel \u00e9quipement pour <strong>lutter contre la d\u00e9pression s\u00e9v\u00e8re chez les enfants et les adolescents<\/strong>.<\/p>\n<p>Joindre la culture \u00e0 la sant\u00e9<\/p>\n<p class=\" wall-content\">La fondation <a href=\"https:\/\/actu.fr\/normandie\/rouen_76540\/le-chu-de-rouen-se-lance-dans-les-podcasts-il-faut-parler-de-la-maladie-ne-pas-avoir-honte_61723831.html\" target=\"_blank\" rel=\"noopener\">Charles-Nicolle Normandie<\/a>, en partenariat avec la librairie l\u2019Armiti\u00e8re et le mus\u00e9e des Beaux-Arts, propose un \u00e9v\u00e8nement in\u00e9dit \u00e0 la crois\u00e9e entre culture, sant\u00e9 et solidarit\u00e9.<\/p>\n<p class=\" wall-content\">La soir\u00e9e d\u00e9butera en<strong> musique, au piano<\/strong>, avec deux jeunes talents du Conservatoire de Rouen. Ensuite, plusieurs <strong>lectures \u00e0 voix haute<\/strong> se tiendront dans la salle Jub\u00e9. Elles seront suivies d\u2019un<strong> cocktail<\/strong> dans le Jardin des Sculptures, un moment convivial o\u00f9 participants et auteurs pourront \u00e9changer.<\/p>\n<blockquote class=\"ac-article-quote wall-content\">\n<p>C\u2019est un moment suspendu, avec des artistes qui soutiennent une cause importante. Nous esp\u00e9rons sensibiliser un nouveau public \u00e0 travers l\u2019art et la culture et, ainsi, lutter contre la d\u00e9pression chez les jeunes.<\/p>\n<p>    <strong>B\u00e9rang\u00e8re Gr\u00e9my<\/strong><br \/>\n        D\u00e9l\u00e9gu\u00e9e au m\u00e9c\u00e9nat du CHU de Rouen    <\/p><\/blockquote>\n<p class=\" wall-content\">L\u2019Armiti\u00e8re reversera un pourcentage des ventes des livres effectu\u00e9es sur place \u00e0 la fondation.<\/p>\n<p>Michel Bussi en t\u00eate d\u2019affiche<\/p>\n<p class=\" wall-content\">Michel Bussi, fid\u00e8le \u00e0 sa Normandie natale, sera de la partie. Son ouvrage Mon c\u0153ur a d\u00e9m\u00e9nag\u00e9, qui se d\u00e9roule \u00e0 Rouen, r\u00e9sonne particuli\u00e8rement avec le th\u00e8me de la sant\u00e9 mentale.<\/p>\n<p class=\" wall-content\">\u00c0 ses c\u00f4t\u00e9s\u2009: Sophie Demange, autrice du thriller f\u00e9ministe Les Bouch\u00e8res, et Patrick Veiga, chercheur et auteur de Mission Microbiome, qui explore, justement, les liens entre microbiote et sant\u00e9 mentale.<\/p>\n<p>Innovation contre la d\u00e9pression<\/p>\n<p class=\" wall-content\">Les fonds collect\u00e9s permettront d\u2019acqu\u00e9rir un <strong>appareil de neurostimulation transcr\u00e2nienne<\/strong>, une innovation destin\u00e9e aux enfants et adolescents <a href=\"https:\/\/actu.fr\/normandie\/rouen_76540\/sante-mentale-a-quoi-va-servir-ce-nouveau-clubhouse-dans-l-agglo-de-rouen_60611104.html\" target=\"_blank\" rel=\"noopener\">souffrant de d\u00e9pression<\/a> s\u00e9v\u00e8re.<\/p>\n<p class=\" wall-content\">Cette m\u00e9thode non invasive utilise un courant \u00e9lectrique doux pour agir sur certaines zones du cerveau. Selon B\u00e9rang\u00e8re Gr\u00e9my, \u00ab<strong>\u2009\u00e7a apporte beaucoup d\u2019espoir<\/strong> pour mieux traiter les adolescents. L\u2019appareil est d\u00e9j\u00e0 utilis\u00e9 chez les adultes, mais en avoir un pour ce public plus jeune, \u00e7a serait <strong>une premi\u00e8re en Normandie<\/strong>\u2009\u00bb.<\/p>\n<p>Les dons sont d\u00e9ductibles des imp\u00f4ts<\/p>\n<p>En tant que particulier, vous pouvez b\u00e9n\u00e9ficier d\u2019une d\u00e9duction fiscale de 66 % de votre don (dans la limite de 20 % de vos revenus). Pour les entreprises, la d\u00e9duction est de 60 % (dans la limite de 0,5 % du chiffre d\u2019affaires).<\/p>\n<p class=\" wall-content\">Et la port\u00e9e est r\u00e9elle puisqu\u2019 \u00ab\u2009en 2023, 849 passages d\u2019adolescents \u00e2g\u00e9s de 12 \u00e0 17\u00a0ans pr\u00e9sentant un \u00e9pisode d\u00e9pressif caract\u00e9ris\u00e9 ont \u00e9t\u00e9 enregistr\u00e9s dans les unit\u00e9s partenaires du projet, ce qui correspond \u00e0 419 patients uniques\u2009\u00bb, explique, Ulysse Riot Mosse, <a href=\"https:\/\/actu.fr\/normandie\/rouen_76540\/morgane-senologue-lutte-contre-le-cancer-du-sein-au-chu-de-rouen-on-est-humble-en-cancerologie_61724870.html\" target=\"_blank\" rel=\"noopener\">docteur au CHU de Rouen<\/a>.<\/p>\n<p class=\" wall-content\">L\u2019appareil sera utilis\u00e9 dans le cadre d\u2019un projet de recherche port\u00e9 par une \u00e9quipe sp\u00e9cialis\u00e9e en p\u00e9dopsychiatrie.<\/p>\n<p class=\" wall-content\">La soir\u00e9e est limit\u00e9e \u00e0 80\u00a0participants. Peut-\u00eatre sera-t-elle la premi\u00e8re d\u2019une s\u00e9rie\u2009? \u00ab\u2009On aime l\u2019art sous toutes ses formes. Pourquoi ne pas imaginer d\u2019autres \u00e9ditions avec des musiciens, des sportifs\u2026\u2009?\u2009\u00bb, conclut B\u00e9rang\u00e8re.<\/p>\n<p>Mardi 3\u00a0juin \u00e0 19h, au mus\u00e9e des Beaux-Arts de Rouen. Entr\u00e9e 20\u00a0euros (non d\u00e9ductible des imp\u00f4ts). Invitation aux dons (quant \u00e0 eux, d\u00e9ductibles des imp\u00f4ts). Inscription en ligne, <a href=\"https:\/\/www.weezevent.com\/widget_billeterie.php?id_evenement=1307923&amp;widget_key=E1307923&amp;locale=fr_FR&amp;color_primary=00AEEF&amp;code=33626&amp;width_auto=1\" target=\"_blank\" rel=\"noopener\">en cliquant ici<\/a>.Suivez l\u2019actualit\u00e9 de Rouen <a href=\"https:\/\/www.whatsapp.com\/channel\/0029VaKfnf99hXF2ddApFB1D\" target=\"_blank\" rel=\"noopener\">sur notre cha\u00eene WhatsApp<\/a> et <a href=\"https:\/\/www.tiktok.com\/@76actu.fr?lang=fr\" target=\"_blank\" rel=\"noopener\">sur notre compte TikTok<\/a><\/p>\n<p class=\" wall-content\">Suivez toute l\u2019actualit\u00e9 de vos villes et m\u00e9dias favoris en vous inscrivant \u00e0 <a href=\"https:\/\/moncompte.actu.fr\" title=\"D\u00e9couvez Mon Actu\" rel=\"nofollow noopener\" data-trk=\"{&quot;cta&quot;:{&quot;action&quot;:&quot;https:\\\/\\\/moncompte.actu.fr&quot;,&quot;category&quot;:&quot;mon compte&quot;,&quot;from&quot;:&quot;article footer&quot;,&quot;name&quot;:&quot;Mon actu&quot;,&quot;type&quot;:&quot;cta&quot;}}\" target=\"_blank\">Mon Actu<\/a>.<\/p>\n<p>                    <script async src=\"\/\/www.tiktok.com\/embed.js\"><\/script><\/p>\n","protected":false},"excerpt":{"rendered":"Par Jessie Leclerc Publi\u00e9 le 30 mai 2025 \u00e0 18h04 Parler d\u2019un sujet encore trop tabou en passant&hellip;\n","protected":false},"author":2,"featured_media":139637,"comment_status":"","ping_status":"","sticky":false,"template":"","format":"standard","meta":{"footnotes":""},"categories":[9587],"tags":[1111,11,9682,1777,674,1011,27,1652,15894,12,5161,25,9590,3400],"class_list":{"0":"post-139636","1":"post","2":"type-post","3":"status-publish","4":"format-standard","5":"has-post-thumbnail","7":"category-rouen","8":"tag-actu","9":"tag-actualites","10":"tag-chu-rouen","11":"tag-eu","12":"tag-europe","13":"tag-fr","14":"tag-france","15":"tag-loisirs-culture","16":"tag-michel-bussi","17":"tag-news","18":"tag-normandie","19":"tag-republique-francaise","20":"tag-rouen","21":"tag-solidarite"},"share_on_mastodon":{"url":"https:\/\/pubeurope.com\/@fr\/114597738834078701","error":""},"_links":{"self":[{"href":"https:\/\/www.europesays.com\/fr\/wp-json\/wp\/v2\/posts\/139636","targetHints":{"allow":["GET"]}}],"collection":[{"href":"https:\/\/www.europesays.com\/fr\/wp-json\/wp\/v2\/posts"}],"about":[{"href":"https:\/\/www.europesays.com\/fr\/wp-json\/wp\/v2\/types\/post"}],"author":[{"embeddable":true,"href":"https:\/\/www.europesays.com\/fr\/wp-json\/wp\/v2\/users\/2"}],"replies":[{"embeddable":true,"href":"https:\/\/www.europesays.com\/fr\/wp-json\/wp\/v2\/comments?post=139636"}],"version-history":[{"count":0,"href":"https:\/\/www.europesays.com\/fr\/wp-json\/wp\/v2\/posts\/139636\/revisions"}],"wp:featuredmedia":[{"embeddable":true,"href":"https:\/\/www.europesays.com\/fr\/wp-json\/wp\/v2\/media\/139637"}],"wp:attachment":[{"href":"https:\/\/www.europesays.com\/fr\/wp-json\/wp\/v2\/media?parent=139636"}],"wp:term":[{"taxonomy":"category","embeddable":true,"href":"https:\/\/www.europesays.com\/fr\/wp-json\/wp\/v2\/categories?post=139636"},{"taxonomy":"post_tag","embeddable":true,"href":"https:\/\/www.europesays.com\/fr\/wp-json\/wp\/v2\/tags?post=139636"}],"curies":[{"name":"wp","href":"https:\/\/api.w.org\/{rel}","templated":true}]}}