{"id":139638,"date":"2025-05-30T16:31:46","date_gmt":"2025-05-30T16:31:46","guid":{"rendered":"https:\/\/www.europesays.com\/fr\/139638\/"},"modified":"2025-05-30T16:31:46","modified_gmt":"2025-05-30T16:31:46","slug":"sm-caen-alexandre-raulin-va-arriver-en-tant-quadjoint-de-maxime-dornano-sport","status":"publish","type":"post","link":"https:\/\/www.europesays.com\/fr\/139638\/","title":{"rendered":"SM Caen. Alexandre Raulin va arriver, en tant qu\u2019adjoint de Maxime d\u2019Ornano . Sport"},"content":{"rendered":"<p>L\u2019adjoint de Maxime d\u2019Ornano, nouvel entra\u00eeneur du SM Caen, est connu. Ouest-France est en mesure de confirmer qu\u2019il s\u2019agira bien d\u2019Alexandre Raulin, comme r\u00e9v\u00e9l\u00e9 par <a href=\"https:\/\/x.com\/leparisiensport\/status\/1927683456852480461\" target=\"_self\"> Le Parisien <\/a>. Les deux hommes se connaissent parfaitement puisque ce dernier assistait d\u00e9j\u00e0 le premier \u00e0 Rouen (National), lors de la saison 2023-2024.<\/p>\n<p>La structuration du staff va se poursuivre<\/p>\n<p>Auparavant, Alexandre Raulin avait eu en charge la formation du FCR de 2022 \u00e0 2023 et avait \u00e9t\u00e9 le coach de la r\u00e9serve rouennaise (2021-2023), alors que Maxime d\u2019Ornano \u00e9tait d\u00e9j\u00e0 sur le banc des pros.<\/p>\n<p>\u00c9galement pass\u00e9 par la formation d\u2019\u00c9vreux (2017-2020) et du Havre (2016-2017), Alexandre Raulin avait \u00e9t\u00e9 recrut\u00e9 par Reda Hammache (actuel directeur du recrutement du SM Caen), alors directeur sportif du Red Star, \u00e0 l\u2019\u00e9t\u00e9 2024. Il a \u00e9t\u00e9 l\u2019adjoint de\u00a0Gr\u00e9gory Poirier dans le club francilien durant toute la saison 2024-2025 de Ligue 2.<\/p>\n<p><strong>Lire aussi\u00a0:<\/strong>\u00a0<a href=\"https:\/\/caen.maville.com\/sport\/detail_-sm-caen.-directeur-du-centre-de-formation-matthieu-ballon-va-partir-sur-decision-de-la-direction-_52656-6830522_actu.Htm\" target=\"_self\" rel=\"noopener\">SM Caen. Directeur du centre de formation, Matthieu Ballon va partir, sur d\u00e9cision de la direction<\/a><\/p>\n<p>La structuration du staff de Maxime d\u2019Ornano va se poursuivre dans les jours \u00e0 venir, avec une cellule de la pr\u00e9paration physique appel\u00e9e \u00e0 \u00e9voluer.<\/p>\n<p>\u00a0<\/p>\n","protected":false},"excerpt":{"rendered":"L\u2019adjoint de Maxime d\u2019Ornano, nouvel entra\u00eeneur du SM Caen, est connu. Ouest-France est en mesure de confirmer qu\u2019il&hellip;\n","protected":false},"author":2,"featured_media":139639,"comment_status":"","ping_status":"","sticky":false,"template":"","format":"standard","meta":{"footnotes":""},"categories":[9587],"tags":[1111,11,3809,1465,24135,1777,674,63,1011,27,1792,1922,12,5161,25,9590,479,517,1470],"class_list":{"0":"post-139638","1":"post","2":"type-post","3":"status-publish","4":"format-standard","5":"has-post-thumbnail","7":"category-rouen","8":"tag-actu","9":"tag-actualites","10":"tag-ball","11":"tag-basket","12":"tag-cherbourg","13":"tag-eu","14":"tag-europe","15":"tag-football","16":"tag-fr","17":"tag-france","18":"tag-handball","19":"tag-info","20":"tag-news","21":"tag-normandie","22":"tag-republique-francaise","23":"tag-rouen","24":"tag-rugby","25":"tag-sport","26":"tag-volley"},"share_on_mastodon":{"url":"https:\/\/pubeurope.com\/@fr\/114597743035005717","error":""},"_links":{"self":[{"href":"https:\/\/www.europesays.com\/fr\/wp-json\/wp\/v2\/posts\/139638","targetHints":{"allow":["GET"]}}],"collection":[{"href":"https:\/\/www.europesays.com\/fr\/wp-json\/wp\/v2\/posts"}],"about":[{"href":"https:\/\/www.europesays.com\/fr\/wp-json\/wp\/v2\/types\/post"}],"author":[{"embeddable":true,"href":"https:\/\/www.europesays.com\/fr\/wp-json\/wp\/v2\/users\/2"}],"replies":[{"embeddable":true,"href":"https:\/\/www.europesays.com\/fr\/wp-json\/wp\/v2\/comments?post=139638"}],"version-history":[{"count":0,"href":"https:\/\/www.europesays.com\/fr\/wp-json\/wp\/v2\/posts\/139638\/revisions"}],"wp:featuredmedia":[{"embeddable":true,"href":"https:\/\/www.europesays.com\/fr\/wp-json\/wp\/v2\/media\/139639"}],"wp:attachment":[{"href":"https:\/\/www.europesays.com\/fr\/wp-json\/wp\/v2\/media?parent=139638"}],"wp:term":[{"taxonomy":"category","embeddable":true,"href":"https:\/\/www.europesays.com\/fr\/wp-json\/wp\/v2\/categories?post=139638"},{"taxonomy":"post_tag","embeddable":true,"href":"https:\/\/www.europesays.com\/fr\/wp-json\/wp\/v2\/tags?post=139638"}],"curies":[{"name":"wp","href":"https:\/\/api.w.org\/{rel}","templated":true}]}}