{"id":13964,"date":"2025-04-10T01:44:18","date_gmt":"2025-04-10T01:44:18","guid":{"rendered":"https:\/\/www.europesays.com\/fr\/13964\/"},"modified":"2025-04-10T01:44:18","modified_gmt":"2025-04-10T01:44:18","slug":"une-greve-des-enseignants-pour-les-enfants-sans-logement-a-lyon","status":"publish","type":"post","link":"https:\/\/www.europesays.com\/fr\/13964\/","title":{"rendered":"Une gr\u00e8ve des enseignants pour les enfants sans logement \u00e0 Lyon"},"content":{"rendered":"<p class=\"wp-block-post-excerpt__excerpt\">Le collectif Jamais Sans Toit et des \u00e9tudiants de Sciences Po Lyon organisent une c\u00e9r\u00e9monie de parrainage r\u00e9publicain pour les enfants sans logement \u00e0 Lyon, vendredi 11 avril. En soutien, des syndicats enseignants appellent \u00e0 la gr\u00e8ve. <\/p>\n<p class=\"font-sans\">\n\t\t\tCet article est en acc\u00e8s libre. Pour soutenir Rue89 Lyon,<br \/>\n\t\t\t<a class=\"underline\" href=\"https:\/\/www.rue89lyon.fr\/abonnement\/\" target=\"_blank\" rel=\"noopener\">abonnez-vous<\/a>.\n\t\t<\/p>\n<p>Rue89Lyon<\/p>\n<p>Publi\u00e9 le 8 avril 2025\u00a0\u00a0\u00b7\u00a0\u00a0<\/p>\n<p>Imprim\u00e9 le 10 avril 2025 \u00e0 03h44\u00a0\u00a0\u00b7\u00a0\u00a0<\/p>\n<p>\t\t\t\t\t2\u00a0minutes\n<\/p>\n<p>La fin de la tr\u00eave hivernale n\u2019arrange pas la crise du logement. Vendredi 11 avril \u00e0 la mairie du 3\u1d49 arrondissement, le collectif Jamais Sans Toit et des \u00e9tudiants de Sciences Po Lyon coorganisent une c\u00e9r\u00e9monie de parrainage r\u00e9publicain d\u2019une trentaine d\u2019enfants. H\u00e9berg\u00e9s dans des \u00e9coles de la M\u00e9tropole lyonnaise, ces derniers sont \u00e2g\u00e9s de un \u00e0 quatorze ans.<\/p>\n<p>Symbolique, ce bapt\u00eame civil permet d\u2019alerter sur une situation qui s\u2019aggrave de jour en jour. Plus de 400 enfants sont sans solution d\u2019h\u00e9bergement au sein de la M\u00e9tropole, en large hausse par rapport \u00e0 l\u2019an dernier. Nombre d\u2019entre eux sont abrit\u00e9s dans des \u00e9coles lyonnaises, comme l\u2019ancienne \u00e9cole Gilibert (Lyon 2e), menac\u00e9e d\u2019expulsion.<\/p>\n<p>\t\tLes syndicats enseignants appellent \u00e0 la gr\u00e8ve<\/p>\n<p>Des syndicats enseignants, dont la CGT Educ\u2019action, appellent \u00e0 la gr\u00e8ve le m\u00eame jour. <a href=\"https:\/\/www.cgteduc69.fr\/11-avril-Jamais-sans-toit-appelle-les-collegues-a-se-mettre-en-greve-contre-l\" target=\"_blank\" rel=\"noreferrer noopener\">Dans un communiqu\u00e9<\/a>, l\u2019organisation d\u00e9nonce \u00ab\u00a0l\u2019inaction de l\u2019\u00c9tat\u00a0\u00bb. Les enseignants se disent \u00e9puis\u00e9s face \u00e0 \u00ab\u00a0des situations de mis\u00e8re absolue qui [les] d\u00e9passent et engendrent une terrible souffrance au travail\u00a0\u00bb. Un rassemblement se tiendra le 11 avril \u00e0 13 heures sur la place Guichard.<\/p>\n<p>\u00c0 lire sur Rue89Lyon<\/p>\n<p><a href=\"https:\/\/www.rue89lyon.fr\/2024\/05\/15\/carte-une-histoire-de-lyon-a-travers-ses-squats\/\" target=\"_blank\" rel=\"noreferrer noopener\">[Carte] Une histoire de Lyon \u00e0 travers ses squats\u00a0<\/a><\/p>\n<p><a href=\"https:\/\/www.rue89lyon.fr\/2024\/09\/23\/projets-debutes-lieux-a-labandon-que-deviennent-les-anciens-squats-de-lyon\/\" target=\"_blank\" rel=\"noreferrer noopener\">Projets d\u00e9but\u00e9s, lieux \u00e0 l\u2019abandon\u2026 que deviennent les squats expuls\u00e9s de Lyon ?<\/a><\/p>\n<p><a href=\"https:\/\/www.rue89lyon.fr\/2024\/09\/25\/meres-sans-abri-prise-charge-reduite-metropole-lyon\/\" target=\"_blank\" rel=\"noreferrer noopener\">M\u00e8res et enfants sans-abri : le d\u00e9tail de la prise en charge r\u00e9duite de la M\u00e9tropole de Lyon<\/a><\/p>\n<p>Depuis la fin de la tr\u00eave hivernale le 31 mars dernier, les collectifs se mobilisent contre les nombreuses expulsions de squats qui s\u2019encha\u00eenent depuis plusieurs mois. Lors d\u2019une \u00ab\u00a0semaine d\u2019actions coordonn\u00e9es\u00a0\u00bb organis\u00e9e entre le 24 et le 31 mars, des collectifs et habitants <a href=\"https:\/\/www.rue89lyon.fr\/2025\/04\/05\/fin-de-la-treve-hivernale-trois-tentatives-de-squats-et-trois-echecs-a-lyon\/\" target=\"_blank\" rel=\"noreferrer noopener\">ont tent\u00e9 d\u2019occuper trois nouveaux lieux<\/a>. Chaque essai s\u2019est sold\u00e9 par un \u00e9chec. <\/p>\n<p>Une des cons\u00e9quences, selon les militants, de la politique de plus en plus r\u00e9pressive de la pr\u00e9f\u00e8te du Rh\u00f4ne Fabienne Buccio, qui <a href=\"https:\/\/www.rue89lyon.fr\/2024\/11\/28\/oqtf-police-frontieres-lyon-comment-pression-accentuee-squats\/\" target=\"_blank\" rel=\"noreferrer noopener\">n\u2019h\u00e9site pas \u00e0 distribuer des OQTF<\/a> \u00e0 chaque nouvelle expulsion et exclut pour l\u2019heure l\u2019ouverture de nouvelles places dans le dispositif d\u2019h\u00e9bergement d\u2019urgence. La situation reste bloqu\u00e9e, tandis que plus de 14 000 personnes sont toujours en attente d\u2019un toit dans la m\u00e9tropole lyonnaise, selon le Samu-Social.<\/p>\n<p><img loading=\"lazy\" decoding=\"async\" width=\"792\" height=\"526\" src=\"https:\/\/www.europesays.com\/fr\/wp-content\/uploads\/2025\/04\/Visuel-neutre-Campagne-abonnement-1-1.png\" alt=\"\u00a9 Montage Ana\u00efs Lanvario \/ Rue89Lyon\" class=\"wp-image-230661\"  \/><\/p>\n<p class=\"has-white-color has-text-color has-link-color wp-elements-8313cac50812b4e05a4c32c550910747\"><strong>Rue89Lyon est menac\u00e9 !<\/strong> Enqu\u00eater sur l\u2019extr\u00eame droite, mettre notre nez dans les affaires de patrons peu scrupuleux, \u00eatre une vigie des pouvoirs politiques\u2026 <strong>Depuis 14 ans, nous assurons toutes ces missions d\u2019utilit\u00e9 publique pour la vie locale. Mais nos finances sont fragiles.<\/strong> Nous avons besoin de 30 000 euros au 16 avril pour continuer d\u2019\u00eatre ce contre-pouvoir local l\u2019ann\u00e9e prochaine.<\/p>\n<p class=\"has-white-color has-text-color has-link-color wp-elements-0d0629e8efdccf5cfac57c743eaec38b\"><strong>En 2025, nous faisons face \u00e0 trois menaces : <\/strong><\/p>\n<ul class=\"wp-block-list has-white-color has-text-color has-link-color wp-elements-51a1991be09e99775b31c49f96dd317b\">\n<li class=\" align-start flex list-none mb-2\"><strong>Un proc\u00e8s-b\u00e2illon<\/strong> : nous allons passer au tribunal face \u00e0 Jean-Michel Aulas, ex-patron de l\u2019OL qui nous attaque en diffamation. <\/li>\n<li class=\" align-start flex list-none mb-2\"><strong>Des r\u00e9seaux sociaux hostiles<\/strong> : Facebook, X, mais aussi Google, ces plateformes invisibilisent de plus en plus les m\u00e9dias ind\u00e9pendants en ligne. <\/li>\n<li class=\" align-start flex list-none mb-2\"><strong>La mont\u00e9e de l\u2019extr\u00eame droite<\/strong> : notre travail d\u2019enqu\u00eate sur le sujet nous expose et demande des moyens. Face \u00e0 Vincent Bollor\u00e9 ou Pierre-Edouard St\u00e9rin qui rach\u00e8tent des m\u00e9dias pour pousser leur id\u00e9ologie mortif\u00e8re, <strong>notre m\u00e9dia ind\u00e9pendant est un espace de r\u00e9sistance<\/strong>. <\/li>\n<\/ul>\n<p class=\"has-white-color has-text-color has-link-color wp-elements-0c297cb078030ca438dcec08c0d34096\">Pour toutes ces raisons, nous avons besoin de votre soutien : <strong>abonnez-vous ou faites un don \u00e0 Rue89Lyon  !<\/strong><\/p>\n","protected":false},"excerpt":{"rendered":"Le collectif Jamais Sans Toit et des \u00e9tudiants de Sciences Po Lyon organisent une c\u00e9r\u00e9monie de parrainage r\u00e9publicain&hellip;\n","protected":false},"author":2,"featured_media":13965,"comment_status":"","ping_status":"","sticky":false,"template":"","format":"standard","meta":{"footnotes":""},"categories":[1889],"tags":[1111,11,2430,1777,674,1011,27,6151,1908,2428,12,25],"class_list":{"0":"post-13964","1":"post","2":"type-post","3":"status-publish","4":"format-standard","5":"has-post-thumbnail","7":"category-lyon","8":"tag-actu","9":"tag-actualites","10":"tag-auvergne-rhone-alpes","11":"tag-eu","12":"tag-europe","13":"tag-fr","14":"tag-france","15":"tag-greve","16":"tag-logement","17":"tag-lyon","18":"tag-news","19":"tag-republique-francaise"},"share_on_mastodon":{"url":"https:\/\/pubeurope.com\/@fr\/114311139360407372","error":""},"_links":{"self":[{"href":"https:\/\/www.europesays.com\/fr\/wp-json\/wp\/v2\/posts\/13964","targetHints":{"allow":["GET"]}}],"collection":[{"href":"https:\/\/www.europesays.com\/fr\/wp-json\/wp\/v2\/posts"}],"about":[{"href":"https:\/\/www.europesays.com\/fr\/wp-json\/wp\/v2\/types\/post"}],"author":[{"embeddable":true,"href":"https:\/\/www.europesays.com\/fr\/wp-json\/wp\/v2\/users\/2"}],"replies":[{"embeddable":true,"href":"https:\/\/www.europesays.com\/fr\/wp-json\/wp\/v2\/comments?post=13964"}],"version-history":[{"count":0,"href":"https:\/\/www.europesays.com\/fr\/wp-json\/wp\/v2\/posts\/13964\/revisions"}],"wp:featuredmedia":[{"embeddable":true,"href":"https:\/\/www.europesays.com\/fr\/wp-json\/wp\/v2\/media\/13965"}],"wp:attachment":[{"href":"https:\/\/www.europesays.com\/fr\/wp-json\/wp\/v2\/media?parent=13964"}],"wp:term":[{"taxonomy":"category","embeddable":true,"href":"https:\/\/www.europesays.com\/fr\/wp-json\/wp\/v2\/categories?post=13964"},{"taxonomy":"post_tag","embeddable":true,"href":"https:\/\/www.europesays.com\/fr\/wp-json\/wp\/v2\/tags?post=13964"}],"curies":[{"name":"wp","href":"https:\/\/api.w.org\/{rel}","templated":true}]}}