{"id":139640,"date":"2025-05-30T16:32:12","date_gmt":"2025-05-30T16:32:12","guid":{"rendered":"https:\/\/www.europesays.com\/fr\/139640\/"},"modified":"2025-05-30T16:32:12","modified_gmt":"2025-05-30T16:32:12","slug":"une-grande-journee-de-decouverte-mercredi-au-col-de-porte","status":"publish","type":"post","link":"https:\/\/www.europesays.com\/fr\/139640\/","title":{"rendered":"une grande journ\u00e9e de d\u00e9couverte mercredi au col de Porte"},"content":{"rendered":"<p>  O\u00f9 voir le troupeau pendant la transhumance\u00a0?<\/p>\n<p>\u25b6 \u2002Ce samedi, les moutons passeront la journ\u00e9e au parc de Fiancey \u00e0 Saint-Egr\u00e8ve et dormiront sur place.<\/p>\n<p>\u25b6 \u2002Dimanche, ils partiront pour sept kilom\u00e8tres en direction de Quaix-en-Chartreuse.<\/p>\n<p>\u25b6 \u2002Lundi, \u00e9tape entre Le Barbet (Quaix) et La M\u00e9arie (toujours \u00e0 Quaix-en-Chartreuse).<\/p>\n<p>\u25b6 \u2002Mardi, ils rejoindront le c\u0153ur du village de Sarcenas.<\/p>\n<p>\u25b6 \u2002Mercredi, ils arriveront \u00e0 leur destination finale, au col de Porte o\u00f9 se d\u00e9rouleront plusieurs animations\u00a0:<\/p>\n<p>Une projection du film\u00a0Grain\u00a0sur l\u2019agriculture en Chartreuse, un pique-nique partag\u00e9 \u00e0 midi, une rencontre avec l\u2019\u00e9quipe de la F\u00e9d\u00e9ration des Alpes de l\u2019Is\u00e8re, \u00e0 la d\u00e9couverte du pastoralisme, des chiens de protection et des grands enjeux li\u00e9s \u00e0 cette activit\u00e9.<\/p>\n<p>Des temps d\u2019\u00e9changes sont \u00e9galement pr\u00e9vus l\u2019apr\u00e8s-midi avec les bergers de Chamechaude, avec le Parc pour conna\u00eetre les comportements et gestes \u00e0 adopter et avec les animatrices de Grenoble-Alpes M\u00e9tropole pour d\u00e9couvrir et reconna\u00eetre la faune sauvage de montagne.<\/p>\n","protected":false},"excerpt":{"rendered":"O\u00f9 voir le troupeau pendant la transhumance\u00a0? \u25b6 \u2002Ce samedi, les moutons passeront la journ\u00e9e au parc de&hellip;\n","protected":false},"author":2,"featured_media":139641,"comment_status":"","ping_status":"","sticky":false,"template":"","format":"standard","meta":{"footnotes":""},"categories":[9566],"tags":[1111,11,1867,2430,12773,1687,112,114,1777,674,1011,27,2731,108,12,25352,25,275,25353],"class_list":{"0":"post-139640","1":"post","2":"type-post","3":"status-publish","4":"format-standard","5":"has-post-thumbnail","7":"category-grenoble","8":"tag-actu","9":"tag-actualites","10":"tag-animaux","11":"tag-auvergne-rhone-alpes","12":"tag-chartreuse","13":"tag-culture-loisirs","14":"tag-edition-grenoble-agglomeration","15":"tag-edition-voiron-saint-marcellin","16":"tag-eu","17":"tag-europe","18":"tag-fr","19":"tag-france","20":"tag-grenoble","21":"tag-isere","22":"tag-news","23":"tag-quaix-en-chartreuse","24":"tag-republique-francaise","25":"tag-saint-egreve","26":"tag-sarcenas"},"share_on_mastodon":{"url":"https:\/\/pubeurope.com\/@fr\/114597746725443462","error":""},"_links":{"self":[{"href":"https:\/\/www.europesays.com\/fr\/wp-json\/wp\/v2\/posts\/139640","targetHints":{"allow":["GET"]}}],"collection":[{"href":"https:\/\/www.europesays.com\/fr\/wp-json\/wp\/v2\/posts"}],"about":[{"href":"https:\/\/www.europesays.com\/fr\/wp-json\/wp\/v2\/types\/post"}],"author":[{"embeddable":true,"href":"https:\/\/www.europesays.com\/fr\/wp-json\/wp\/v2\/users\/2"}],"replies":[{"embeddable":true,"href":"https:\/\/www.europesays.com\/fr\/wp-json\/wp\/v2\/comments?post=139640"}],"version-history":[{"count":0,"href":"https:\/\/www.europesays.com\/fr\/wp-json\/wp\/v2\/posts\/139640\/revisions"}],"wp:featuredmedia":[{"embeddable":true,"href":"https:\/\/www.europesays.com\/fr\/wp-json\/wp\/v2\/media\/139641"}],"wp:attachment":[{"href":"https:\/\/www.europesays.com\/fr\/wp-json\/wp\/v2\/media?parent=139640"}],"wp:term":[{"taxonomy":"category","embeddable":true,"href":"https:\/\/www.europesays.com\/fr\/wp-json\/wp\/v2\/categories?post=139640"},{"taxonomy":"post_tag","embeddable":true,"href":"https:\/\/www.europesays.com\/fr\/wp-json\/wp\/v2\/tags?post=139640"}],"curies":[{"name":"wp","href":"https:\/\/api.w.org\/{rel}","templated":true}]}}