{"id":139642,"date":"2025-05-30T16:33:21","date_gmt":"2025-05-30T16:33:21","guid":{"rendered":"https:\/\/www.europesays.com\/fr\/139642\/"},"modified":"2025-05-30T16:33:21","modified_gmt":"2025-05-30T16:33:21","slug":"concert-de-cloture-emouvant-pour-les-80-ans-de-la-liberation-a-grenoble","status":"publish","type":"post","link":"https:\/\/www.europesays.com\/fr\/139642\/","title":{"rendered":"Concert de cl\u00f4ture \u00e9mouvant pour les 80 ans de la lib\u00e9ration \u00e0 Grenoble"},"content":{"rendered":"<p><img loading=\"lazy\" decoding=\"async\" alt=\"\u00a9 Thomas Richardson - Le choeur universitaire de Grenoble et l'Harmonie de Grenoble \u00e9taient rassembl\u00e9s mercredi 28 mai pour le concert \u00e9v\u00e9nement des 80 ans de la lib\u00e9ration au Palais des Sports.\" data-zoom-src=\"https:\/\/www.europesays.com\/fr\/wp-content\/uploads\/2025\/05\/initial-4o7a9306.jpg\" data-zoomable=\"\" height=\"702\" src=\"https:\/\/www.europesays.com\/fr\/wp-content\/uploads\/2025\/05\/initial-4o7a9306.jpg\" width=\"1248\"\/>  <\/p>\n<p class=\"article-desc\">\u00a9 Thomas Richardson &#8211; Le choeur universitaire de Grenoble et l&rsquo;Harmonie de Grenoble \u00e9taient rassembl\u00e9s mercredi 28 mai pour le concert \u00e9v\u00e9nement des 80 ans de la lib\u00e9ration au Palais des Sports. <\/p>\n<p>\u00ab\u00a0Ce concert est une promesse que nous \u00e9crirons libert\u00e9 en lettres de musique, d&rsquo;espoir et d&rsquo;esp\u00e9rance.\u00a0\u00bb C&rsquo;est par ces mots qu&rsquo;Emmanuel Carroz, maire adjoint de Grenoble d\u00e9l\u00e9gu\u00e9 \u00e0 la m\u00e9moire, a introduit ce qui \u00e9tait le dernier \u00e9v\u00e9nement officiel de la riche programmation, \u00e9tal\u00e9e sur trois ann\u00e9es, de la comm\u00e9moration des <a href=\"https:\/\/mesinfos.fr\/38000-grenoble\/podcast-commemorer-le-22-aout-sur-l-esplanade-des-villes-compagnon-de-la-liberation-a-grenoble-203978.html\" rel=\"noopener\" target=\"_blank\">80 ans de la lib\u00e9ration<\/a> \u00e0 <strong>Grenoble<\/strong>. <\/p>\n<p>Le <strong>concert gratuit<\/strong> intitul\u00e9 J&rsquo;\u00e9crirai toujours ton nom Libert\u00e9 a r\u00e9uni un public nombreux au sein du <strong>Palais des Sports<\/strong> m\u00eame s&rsquo;il est vrai que la jauge de ce dernier \u00e9tait consid\u00e9rablement r\u00e9duite pour l&rsquo;occasion (1 500 personnes contre 7 000 habituellement). <\/p>\n<p>Enthousiasme et \u00e9motion lors du concert de cl\u00f4ture des 80 ans de la lib\u00e9ration \u00e0 Grenoble <\/p>\n<p>Le programme du concert, interpr\u00e9t\u00e9 par le <strong>ch\u0153ur universitaire de Grenoble<\/strong> et <strong>l&rsquo;Harmonie de Grenoble<\/strong>, s&rsquo;est r\u00e9v\u00e9l\u00e9 particuli\u00e8rement enthousiasmant et m\u00eame parfois tr\u00e8s \u00e9mouvant. On retiendra en particulier l&rsquo;interpr\u00e9tation, par le <strong>ch\u0153ur d&rsquo;enfants<\/strong>, de Mes joies quotidiennes (My favorite things en VO) chanson extraite de la com\u00e9die musicale, La M\u00e9lodie du Bonheur ou encore de Sous le ciel de Paris. <\/p>\n<\/p>\n<p>L&rsquo;entr\u00e9e en sc\u00e8ne des adultes du ch\u0153ur universitaire \u00e9tait particuli\u00e8rement impressionnante : le public a d&rsquo;abord entendu leur voix c\u00e9leste entamant l&rsquo;air de Hymn to the fallen, extrait de la bande originale d&rsquo;Il faut sauver le soldat Ryan, de John Williams, puis, dans une semi-obscurit\u00e9, ils sont apparus sur sc\u00e8ne dans une forme de d\u00e9fil\u00e9 processionnaire entrecrois\u00e9. Le morceau a d&rsquo;ailleurs \u00e9t\u00e9 interpr\u00e9t\u00e9 une seconde fois lors du concert, mais cette fois en association avec les musiciens de l&rsquo;harmonie de Grenoble.<\/p>\n<p>  \u00ab\u00a0La m\u00e9moire de la r\u00e9sistance ne peut pas devenir un rituel vide\u00a0\u00bb <\/p>\n<p>Parmi les morceaux que l&rsquo;on retiendra \u00e9galement on citera le fameux Tea for Two extrait de la Grande Vadrouille, par l&rsquo;orchestre jeunes de l&rsquo;harmonie de Grenoble, le Chant des Partisans, L&rsquo;Ode \u00e0 la Joie de Beethoven (version instrumentale puis chant\u00e9e), In the Mood (instrumental puis chant\u00e9) de Glen Miller ou encore l&rsquo;incontournable Bella Ciao.<\/p>\n<p> <img decoding=\"async\" alt=\"\" data-zoomable=\"\" height=\"1333\" loading=\"lazy\" src=\"https:\/\/www.europesays.com\/fr\/wp-content\/uploads\/2025\/05\/choeur-enfants.jpg\" title=\"\u00a9 THomas Richardson - Le ch\u0153ur enfants a fait sensation avec son interpr\u00e9tation de Mes joies quotidiennes et de Sous le ciel de Paris.\" width=\"2000\"\/> \u00a9 Thomas Richardson &#8211; Le ch\u0153ur des enfants a fait sensation avec son interpr\u00e9tation de Mes joies quotidiennes et de Sous le ciel de Paris. <\/p>\n<p>Le concert s&rsquo;est conclu avec la <a href=\"https:\/\/mesinfos.fr\/38000-grenoble\/80-ans-de-la-liberation-de-grenoble-un-grand-concert-de-cloture-le-28-mai-au-palais-des-sports-220957.html\" rel=\"noopener\" target=\"_blank\">remarquable composition<\/a> Lib\u00e9ration ! du Franco-ukrainien, <strong>Dimitri Tchesnokov.<\/strong> <\/p>\n<p>\u00ab\u00a0Ce soir nous ne sommes pas seulement r\u00e9unis pour nous souvenir, nous sommes l\u00e0 aussi pour transmettre, a conclu Emmanuel Carroz. Dans un monde qui vacille, o\u00f9 les rep\u00e8res d\u00e9mocratiques s&rsquo;effacent, o\u00f9 les id\u00e9ologies de haine reprennent racine, o\u00f9 la guerre frappe \u00e0 nouveau les fronti\u00e8res de l&rsquo;Europe, la m\u00e9moire de la r\u00e9sistance ne peut pas devenir un rituel vide, elle doit \u00eatre un appel, une alerte, une force.\u00a0\u00bb<\/p>\n","protected":false},"excerpt":{"rendered":"\u00a9 Thomas Richardson &#8211; Le choeur universitaire de Grenoble et l&rsquo;Harmonie de Grenoble \u00e9taient rassembl\u00e9s mercredi 28 mai&hellip;\n","protected":false},"author":2,"featured_media":139643,"comment_status":"","ping_status":"","sticky":false,"template":"","format":"standard","meta":{"footnotes":""},"categories":[9566],"tags":[26629,1111,11,2430,4156,1777,674,1011,27,2731,12,25],"class_list":{"0":"post-139642","1":"post","2":"type-post","3":"status-publish","4":"format-standard","5":"has-post-thumbnail","7":"category-grenoble","8":"tag-80-ans-de-la-libu00e9ration","9":"tag-actu","10":"tag-actualites","11":"tag-auvergne-rhone-alpes","12":"tag-concerts","13":"tag-eu","14":"tag-europe","15":"tag-fr","16":"tag-france","17":"tag-grenoble","18":"tag-news","19":"tag-republique-francaise"},"share_on_mastodon":{"url":"https:\/\/pubeurope.com\/@fr\/114597750648166106","error":""},"_links":{"self":[{"href":"https:\/\/www.europesays.com\/fr\/wp-json\/wp\/v2\/posts\/139642","targetHints":{"allow":["GET"]}}],"collection":[{"href":"https:\/\/www.europesays.com\/fr\/wp-json\/wp\/v2\/posts"}],"about":[{"href":"https:\/\/www.europesays.com\/fr\/wp-json\/wp\/v2\/types\/post"}],"author":[{"embeddable":true,"href":"https:\/\/www.europesays.com\/fr\/wp-json\/wp\/v2\/users\/2"}],"replies":[{"embeddable":true,"href":"https:\/\/www.europesays.com\/fr\/wp-json\/wp\/v2\/comments?post=139642"}],"version-history":[{"count":0,"href":"https:\/\/www.europesays.com\/fr\/wp-json\/wp\/v2\/posts\/139642\/revisions"}],"wp:featuredmedia":[{"embeddable":true,"href":"https:\/\/www.europesays.com\/fr\/wp-json\/wp\/v2\/media\/139643"}],"wp:attachment":[{"href":"https:\/\/www.europesays.com\/fr\/wp-json\/wp\/v2\/media?parent=139642"}],"wp:term":[{"taxonomy":"category","embeddable":true,"href":"https:\/\/www.europesays.com\/fr\/wp-json\/wp\/v2\/categories?post=139642"},{"taxonomy":"post_tag","embeddable":true,"href":"https:\/\/www.europesays.com\/fr\/wp-json\/wp\/v2\/tags?post=139642"}],"curies":[{"name":"wp","href":"https:\/\/api.w.org\/{rel}","templated":true}]}}