{"id":139645,"date":"2025-05-30T16:35:08","date_gmt":"2025-05-30T16:35:08","guid":{"rendered":"https:\/\/www.europesays.com\/fr\/139645\/"},"modified":"2025-05-30T16:35:08","modified_gmt":"2025-05-30T16:35:08","slug":"vols-de-voitures-casse-a-la-voiture-belier-agression-au-couteau-fin-dune-spirale-criminelle-dune-rare-intensite-en-ille-et-vilaine","status":"publish","type":"post","link":"https:\/\/www.europesays.com\/fr\/139645\/","title":{"rendered":"Vols de voitures, casse \u00e0 la voiture-b\u00e9lier, agression au couteau\u2026 Fin d\u2019une spirale criminelle d\u2019une rare intensit\u00e9 en Ille-et-Vilaine"},"content":{"rendered":"<p>Le Gelab, un groupe sp\u00e9cialis\u00e9 dans la lutte contre les s\u00e9ries d\u2019atteintes aux biens de la compagnie de Rennes et la brigade de Pac\u00e9 peuvent se f\u00e9liciter. Elles viennent de boucler une enqu\u00eate qui a permis de stopper une spirale criminelle d\u2019une rare intensit\u00e9.<\/p>\n<p>Tout commence, mardi 27 mai, vers 21 h. Un v\u00e9hicule Peugeot 308 break est d\u00e9rob\u00e9 dans un garage automobile de Vern-sur-Seiche. Lors de ce vol, le garagiste r\u00e9ussi \u00e0 arracher une sacoche contenant des documents d\u2019identit\u00e9 au voleur qui finit par le renverser volontairement avec le v\u00e9hicule.<\/p>\n<p>Quelques minutes plus tard, dans un restaurant Courtepaille \u00e0 Pac\u00e9, le m\u00eame individu s\u2019installe \u00e0 une table en indiquant attendre un proche. Subitement, il s\u2019empare d\u2019un couteau et menace le personnel pour obtenir le tiroir-caisse. Poursuivi par les employ\u00e9s, il l\u00e2che son arme. Les employ\u00e9s parviennent \u00e0 r\u00e9cup\u00e9rer le tiroir-caisse qui \u00e9tait d\u00e9j\u00e0 dans la 308. Quelques minutes plus tard, vers 22 h, dans le bar tabac Le Zinc au Rheu, le m\u00eame v\u00e9hicule \u00e9tait utilis\u00e9 en voiture-b\u00e9lier pour forcer l\u2019entr\u00e9e du tabac. Le suspect d\u00e9robe du tabac, des sucreries et la tirelire des pourboires. Et se blesse \u00e0 la main au passage. Toujours dans la m\u00eame soir\u00e9e, l\u2019individu cambriole ensuite un garage automobile \u00e0 Br\u00e9al-sous-Montfort et d\u00e9robe un v\u00e9hicule Suzuki Splash, des cl\u00e9s de voiture et de l\u2019argent. Il laisse sur place la Peugeot 308 o\u00f9 du sang et des objets vol\u00e9s sont retrouv\u00e9s. La Suzuki Splash est, elle, retrouv\u00e9e abandonn\u00e9e \u00e0 Saint-Jacques de la Lande dans la nuit.<\/p>\n<p>Course-poursuite et accident<\/p>\n<p>Ce n\u2019est pas fini. Le lendemain matin, d\u00e8s 8 h 30, dans le centre de Rennes, l\u2019individu vole une Toyota Yaris alors que sa conductrice est momentan\u00e9ment sortie pour actionner une borne d\u2019acc\u00e8s. Mais gr\u00e2ce au syst\u00e8me de g\u00e9olocalisation, le v\u00e9hicule est pist\u00e9. Une patrouille de gendarmerie de la communaut\u00e9 de brigade de Foug\u00e8res tente de l\u2019arr\u00eater mais le conducteur refuse d\u2019obtemp\u00e9rer et prend la fuite. Victime d\u2019un accident quelques kilom\u00e8tres plus loin, l\u2019homme est interpell\u00e9. Il est plac\u00e9 en garde \u00e0 vue pour les faits de vol aggrav\u00e9 de v\u00e9hicule, vol avec arme, deux vols avec effraction dans un lieu d\u2019entrep\u00f4t, refus d\u2019obtemp\u00e9rer, conduite malgr\u00e9 annulation judiciaire du permis de conduire et conduite d\u2019un v\u00e9hicule ayant fait usage de substances stup\u00e9fiantes. Lors de sa garde \u00e0 vue, il a reconnu l\u2019int\u00e9gralit\u00e9 des faits.<\/p>\n<p>D\u00e9f\u00e9r\u00e9 ce vendredi 30 mai devant le procureur de la R\u00e9publique de Rennes, il a \u00e9t\u00e9 plac\u00e9 en d\u00e9tention provisoire en attendant une comparution imm\u00e9diate le mardi 3 juin \u00e0 15 h.<\/p>\n","protected":false},"excerpt":{"rendered":"Le Gelab, un groupe sp\u00e9cialis\u00e9 dans la lutte contre les s\u00e9ries d\u2019atteintes aux biens de la compagnie de&hellip;\n","protected":false},"author":2,"featured_media":139646,"comment_status":"","ping_status":"","sticky":false,"template":"","format":"standard","meta":{"footnotes":""},"categories":[2821],"tags":[1111,11,829,765,1777,674,118,3383,1011,27,12,584,25],"class_list":{"0":"post-139645","1":"post","2":"type-post","3":"status-publish","4":"format-standard","5":"has-post-thumbnail","7":"category-rennes","8":"tag-actu","9":"tag-actualites","10":"tag-bretagne","11":"tag-en-continu","12":"tag-eu","13":"tag-europe","14":"tag-faits-divers","15":"tag-faits-divers-a-rennes","16":"tag-fr","17":"tag-france","18":"tag-news","19":"tag-rennes","20":"tag-republique-francaise"},"share_on_mastodon":{"url":"https:\/\/pubeurope.com\/@fr\/114597758461078930","error":""},"_links":{"self":[{"href":"https:\/\/www.europesays.com\/fr\/wp-json\/wp\/v2\/posts\/139645","targetHints":{"allow":["GET"]}}],"collection":[{"href":"https:\/\/www.europesays.com\/fr\/wp-json\/wp\/v2\/posts"}],"about":[{"href":"https:\/\/www.europesays.com\/fr\/wp-json\/wp\/v2\/types\/post"}],"author":[{"embeddable":true,"href":"https:\/\/www.europesays.com\/fr\/wp-json\/wp\/v2\/users\/2"}],"replies":[{"embeddable":true,"href":"https:\/\/www.europesays.com\/fr\/wp-json\/wp\/v2\/comments?post=139645"}],"version-history":[{"count":0,"href":"https:\/\/www.europesays.com\/fr\/wp-json\/wp\/v2\/posts\/139645\/revisions"}],"wp:featuredmedia":[{"embeddable":true,"href":"https:\/\/www.europesays.com\/fr\/wp-json\/wp\/v2\/media\/139646"}],"wp:attachment":[{"href":"https:\/\/www.europesays.com\/fr\/wp-json\/wp\/v2\/media?parent=139645"}],"wp:term":[{"taxonomy":"category","embeddable":true,"href":"https:\/\/www.europesays.com\/fr\/wp-json\/wp\/v2\/categories?post=139645"},{"taxonomy":"post_tag","embeddable":true,"href":"https:\/\/www.europesays.com\/fr\/wp-json\/wp\/v2\/tags?post=139645"}],"curies":[{"name":"wp","href":"https:\/\/api.w.org\/{rel}","templated":true}]}}