{"id":139649,"date":"2025-05-30T16:37:09","date_gmt":"2025-05-30T16:37:09","guid":{"rendered":"https:\/\/www.europesays.com\/fr\/139649\/"},"modified":"2025-05-30T16:37:09","modified_gmt":"2025-05-30T16:37:09","slug":"strasbourg-la-femme-de-29-ans-renversee-par-un-4x4-sur-un-trottoir-a-la-meinau-est-decedee-2","status":"publish","type":"post","link":"https:\/\/www.europesays.com\/fr\/139649\/","title":{"rendered":"Strasbourg. La femme de 29 ans renvers\u00e9e par un 4&#215;4 sur un trottoir \u00e0 la Meinau est d\u00e9c\u00e9d\u00e9e"},"content":{"rendered":"<p>Une femme, \u00e2g\u00e9e de 29 ans, est d\u00e9c\u00e9d\u00e9e t\u00f4t vendredi 30\u00a0mai, quelques heures apr\u00e8s avoir \u00e9t\u00e9 <a href=\"https:\/\/www.dna.fr\/faits-divers-justice\/2025\/05\/29\/une-femme-renversee-sur-un-trottoir-transportee-en-urgence-absolue-a-l-hopital\" target=\"_blank\" rel=\"nofollow noopener\">percut\u00e9e par un 4 X 4 devant le magasin Pro Inter de la Plaine-des-Bouchers<\/a>, dans le quartier de la Meinau \u00e0 Strasbourg.<\/p>\n<p>La victime rangeait ses courses, sur le trottoir, pr\u00e8s du supermarch\u00e9, quand elle a \u00e9t\u00e9 heurt\u00e9e par l\u2019imposant v\u00e9hicule, jeudi 29\u00a0mai vers 18\u00a0h\u00a045. Le conducteur du v\u00e9hicule tout-terrain sortait de son emplacement, sur le parking.<\/p>\n<p>Ce dernier a indiqu\u00e9 que son fils, agit\u00e9, avait jou\u00e9 avec le levier de vitesse du v\u00e9hicule, \u00e9quip\u00e9 d\u2019une bo\u00eete automatique. En reprenant sa man\u0153uvre, l\u2019automobiliste a soudainement acc\u00e9l\u00e9r\u00e9 en marche avant, alors qu\u2019il pensait reculer. Sa voiture a enfonc\u00e9 le grillage, escalad\u00e9 le trottoir et percut\u00e9 de plein fouet la jeune femme.<\/p>\n<p>L\u2019automobiliste a \u00e9t\u00e9 convoqu\u00e9 au commissariat, dans le cadre d\u2019une audition libre, juste apr\u00e8s l\u2019accident. Il n\u2019avait consomm\u00e9 ni alcool, ni stup\u00e9fiants.<\/p>\n<p>L\u2019enqu\u00eate se poursuit. Le parquet de Strasbourg a demand\u00e9 une autopsie du corps de la victime, ainsi que des expertises sur le 4 X 4. Les policiers devront, par ailleurs, entendre les t\u00e9moins de la sc\u00e8ne et analyser les images issues des cam\u00e9ras de vid\u00e9osurveillance du magasin.<\/p>\n","protected":false},"excerpt":{"rendered":"Une femme, \u00e2g\u00e9e de 29 ans, est d\u00e9c\u00e9d\u00e9e t\u00f4t vendredi 30\u00a0mai, quelques heures apr\u00e8s avoir \u00e9t\u00e9 percut\u00e9e par&hellip;\n","protected":false},"author":2,"featured_media":139648,"comment_status":"","ping_status":"","sticky":false,"template":"","format":"standard","meta":{"footnotes":""},"categories":[2820],"tags":[1111,11,2649,2880,1777,674,274,107,1011,27,775,12,25,640,2879],"class_list":{"0":"post-139649","1":"post","2":"type-post","3":"status-publish","4":"format-standard","5":"has-post-thumbnail","7":"category-strasbourg","8":"tag-actu","9":"tag-actualites","10":"tag-bas-rhin","11":"tag-edition-strasbourg","12":"tag-eu","13":"tag-europe","14":"tag-faits-divers-justice","15":"tag-fil-info","16":"tag-fr","17":"tag-france","18":"tag-grand-est","19":"tag-news","20":"tag-republique-francaise","21":"tag-strasbourg","22":"tag-strasbourg-ville"},"share_on_mastodon":{"url":"https:\/\/pubeurope.com\/@fr\/114597766358129039","error":""},"_links":{"self":[{"href":"https:\/\/www.europesays.com\/fr\/wp-json\/wp\/v2\/posts\/139649","targetHints":{"allow":["GET"]}}],"collection":[{"href":"https:\/\/www.europesays.com\/fr\/wp-json\/wp\/v2\/posts"}],"about":[{"href":"https:\/\/www.europesays.com\/fr\/wp-json\/wp\/v2\/types\/post"}],"author":[{"embeddable":true,"href":"https:\/\/www.europesays.com\/fr\/wp-json\/wp\/v2\/users\/2"}],"replies":[{"embeddable":true,"href":"https:\/\/www.europesays.com\/fr\/wp-json\/wp\/v2\/comments?post=139649"}],"version-history":[{"count":0,"href":"https:\/\/www.europesays.com\/fr\/wp-json\/wp\/v2\/posts\/139649\/revisions"}],"wp:featuredmedia":[{"embeddable":true,"href":"https:\/\/www.europesays.com\/fr\/wp-json\/wp\/v2\/media\/139648"}],"wp:attachment":[{"href":"https:\/\/www.europesays.com\/fr\/wp-json\/wp\/v2\/media?parent=139649"}],"wp:term":[{"taxonomy":"category","embeddable":true,"href":"https:\/\/www.europesays.com\/fr\/wp-json\/wp\/v2\/categories?post=139649"},{"taxonomy":"post_tag","embeddable":true,"href":"https:\/\/www.europesays.com\/fr\/wp-json\/wp\/v2\/tags?post=139649"}],"curies":[{"name":"wp","href":"https:\/\/api.w.org\/{rel}","templated":true}]}}