{"id":139664,"date":"2025-05-30T16:45:10","date_gmt":"2025-05-30T16:45:10","guid":{"rendered":"https:\/\/www.europesays.com\/fr\/139664\/"},"modified":"2025-05-30T16:45:10","modified_gmt":"2025-05-30T16:45:10","slug":"le-joli-clin-doeil-de-flament-a-son-partenaire-a-toulouse","status":"publish","type":"post","link":"https:\/\/www.europesays.com\/fr\/139664\/","title":{"rendered":"le joli clin d&rsquo;\u0153il de Flament \u00e0 son partenaire \u00e0 Toulouse"},"content":{"rendered":"<p>            Par<br \/>\n        <strong><br \/>\n            <a href=\"https:\/\/actu.fr\/auteur\/thomas-corbet-actu-fr\" title=\"Consulter tous les articles de Thomas Corbet\" target=\"_blank\" rel=\"noopener\">Thomas Corbet<\/a><br \/>\n        <\/strong><\/p>\n<p>        Publi\u00e9 le<\/p>\n<p>            30 mai 2025 \u00e0 17h59        <\/p>\n<p>Ralenti par son <a href=\"https:\/\/actu.fr\/sports\/rugby\/pro\/top-14-13-penalites-4-touches-perdues-14-turnovers-concedes-toulouse-meconnaissable-face-au-racing-92_62651734.html\" target=\"_blank\" rel=\"noopener\">faux pas \u00e0 domicile<\/a> contre le Racing 92, le <a href=\"https:\/\/actu.fr\/rugby\/equipe\/toulouse_64dd31517b8c09c4fec880ad\/\" target=\"_blank\" rel=\"noopener\">Stade Toulousain<\/a> esp\u00e8re rebondir d\u00e8s la r\u00e9ception de Lyon (dimanche, 17h30) lors de la 25e journ\u00e9e de Top 14. Un match pour lequel Toulouse devrait r\u00e9cup\u00e9rer quelques cadres, dont un ayant re\u00e7u un <strong>sympathique hommage de la part de Thibaud Flament<\/strong>.\u00a0<\/p>\n<p>Toulouse : le clin d\u2019\u0153il de Thibaud Flament \u00e0 Thomas Ramos<\/p>\n<p class=\" wall-content\">Un seul \u00eatre vous manque et tout est d\u00e9peupl\u00e9. Certes, mais qu\u2019avait pr\u00e9vu Alphonse Marie Louis de Prat de Lamartine en cas d\u2019absences simultan\u00e9es d\u2019Antoine Dupont, Thomas Ramos, Peato Mauvaka et Blair Kinghorn ? Rien, \u00e9videmment, le po\u00e8te n\u2019ayant jamais \u00e9t\u00e9 connu pour \u00eatre un immense fan de rugby.\u00a0<\/p>\n<p class=\" wall-content\">Tout \u00e7a pour dire, l\u2019absence de certains cadres a fait beaucoup de mal \u00e0 Toulouse ces derni\u00e8res semaines, et c\u2019est avec plaisir qu\u2019ils seront accueillis, certes au compte-goutte pour ceux qui rejoueront, ces prochaines semaines.\u00a0<\/p>\n<p class=\" wall-content\">D\u2019o\u00f9 le joli hommage de Thibaud Flament \u00e0 Thomas Ramos : \u00ab\u00a0C\u2019est quelqu\u2019un qui compte beaucoup dans notre groupe. Je pense qu\u2019il nous a, comme les autres, beaucoup manqu\u00e9. Et son retour nous fait du bien. Il am\u00e8ne pas mal de s\u00e9r\u00e9nit\u00e9, d\u2019exigence, de leadership.\u00a0\u00bb<\/p>\n<p>Ramos align\u00e9 contre Lyon ?<\/p>\n<p class=\" wall-content\">D\u00e8s son retour \u00e0 l\u2019entrainement normal, Thomas Ramos a retrouv\u00e9 sa place de meneur charismatique, prenant le temps de s\u2019adresser au groupe d\u00e8s son premier entrainement.\u00a0<\/p>\n<p>Vid\u00e9os : en ce moment sur Actu<\/p>\n<p class=\" wall-content\">\u00ab\u00a0Il y a eu cette prise de parole mais il y a aussi ce qu\u2019il d\u00e9gage sur le terrain et ce qu\u2019il nous am\u00e8ne toute la semaine. C\u2019est vrai que \u00e7a nous a fait du bien. Je pense que c\u2019est \u00e0 nous de lui rendre un peu ce qu\u2019il nous donne, de se mettre dans le sens de sa marche, de le suivre et de conserver cet app\u00e9tit et cette envie qu\u2019il sait tr\u00e8s bien transmettre au groupe\u00a0\u00bb, esp\u00e8re Thibaud Flament.\u00a0<\/p>\n<p class=\" wall-content\">Suivez toute l\u2019actualit\u00e9 de vos villes et m\u00e9dias favoris en vous inscrivant \u00e0 <a href=\"https:\/\/moncompte.actu.fr\" title=\"D\u00e9couvez Mon Actu\" rel=\"nofollow noopener\" data-trk=\"{&quot;cta&quot;:{&quot;action&quot;:&quot;https:\\\/\\\/moncompte.actu.fr&quot;,&quot;category&quot;:&quot;mon compte&quot;,&quot;from&quot;:&quot;article footer&quot;,&quot;name&quot;:&quot;Mon actu&quot;,&quot;type&quot;:&quot;cta&quot;}}\" target=\"_blank\">Mon Actu<\/a>.<\/p>\n","protected":false},"excerpt":{"rendered":"Par Thomas Corbet Publi\u00e9 le 30 mai 2025 \u00e0 17h59 Ralenti par son faux pas \u00e0 domicile contre&hellip;\n","protected":false},"author":2,"featured_media":139665,"comment_status":"","ping_status":"","sticky":false,"template":"","format":"standard","meta":{"footnotes":""},"categories":[2816],"tags":[1111,11,1777,674,1011,27,12,2680,25,479,60,476,26631,8541,478,2312],"class_list":{"0":"post-139664","1":"post","2":"type-post","3":"status-publish","4":"format-standard","5":"has-post-thumbnail","7":"category-toulouse","8":"tag-actu","9":"tag-actualites","10":"tag-eu","11":"tag-europe","12":"tag-fr","13":"tag-france","14":"tag-news","15":"tag-occitanie","16":"tag-republique-francaise","17":"tag-rugby","18":"tag-sports","19":"tag-stade-toulousain","20":"tag-thibaud-flament","21":"tag-thomas-ramos","22":"tag-top-14","23":"tag-toulouse"},"share_on_mastodon":{"url":"https:\/\/pubeurope.com\/@fr\/114597797833742996","error":""},"_links":{"self":[{"href":"https:\/\/www.europesays.com\/fr\/wp-json\/wp\/v2\/posts\/139664","targetHints":{"allow":["GET"]}}],"collection":[{"href":"https:\/\/www.europesays.com\/fr\/wp-json\/wp\/v2\/posts"}],"about":[{"href":"https:\/\/www.europesays.com\/fr\/wp-json\/wp\/v2\/types\/post"}],"author":[{"embeddable":true,"href":"https:\/\/www.europesays.com\/fr\/wp-json\/wp\/v2\/users\/2"}],"replies":[{"embeddable":true,"href":"https:\/\/www.europesays.com\/fr\/wp-json\/wp\/v2\/comments?post=139664"}],"version-history":[{"count":0,"href":"https:\/\/www.europesays.com\/fr\/wp-json\/wp\/v2\/posts\/139664\/revisions"}],"wp:featuredmedia":[{"embeddable":true,"href":"https:\/\/www.europesays.com\/fr\/wp-json\/wp\/v2\/media\/139665"}],"wp:attachment":[{"href":"https:\/\/www.europesays.com\/fr\/wp-json\/wp\/v2\/media?parent=139664"}],"wp:term":[{"taxonomy":"category","embeddable":true,"href":"https:\/\/www.europesays.com\/fr\/wp-json\/wp\/v2\/categories?post=139664"},{"taxonomy":"post_tag","embeddable":true,"href":"https:\/\/www.europesays.com\/fr\/wp-json\/wp\/v2\/tags?post=139664"}],"curies":[{"name":"wp","href":"https:\/\/api.w.org\/{rel}","templated":true}]}}