{"id":139670,"date":"2025-05-30T16:48:09","date_gmt":"2025-05-30T16:48:09","guid":{"rendered":"https:\/\/www.europesays.com\/fr\/139670\/"},"modified":"2025-05-30T16:48:09","modified_gmt":"2025-05-30T16:48:09","slug":"deux-policiers-agresses-par-des-dealers-dans-les-quartiers-nord-de-marseille","status":"publish","type":"post","link":"https:\/\/www.europesays.com\/fr\/139670\/","title":{"rendered":"Deux policiers agress\u00e9s par des dealers dans les quartiers nord de Marseille"},"content":{"rendered":"<p>La strat\u00e9gie de harc\u00e8lement des forces de l\u2019ordre sur les points de deal se paye parfois au prix fort pour les fonctionnaires sur le terrain. Jeudi en fin d\u2019apr\u00e8s-midi, dans le 15e arrondissement de Marseille, un \u00e9quipage de la <a href=\"https:\/\/www.laprovence.com\/article\/faits-divers-justice\/1457613818276614\/a-marseille-des-policiers-caillasses-a-la-castellane\" target=\"_blank\" rel=\"noopener\">brigade sp\u00e9cialis\u00e9e de terrain<\/a> (BST) a eu maille \u00e0 partir avec un ravitailleur qu\u2019ils avaient entrepris de contr\u00f4ler sur un point de deal de la cit\u00e9 <a href=\"https:\/\/www.laprovence.com\/article\/faits-divers-justice\/17557346681595\/deux-hommes-de-18-ans-retenus-contre-leur-gre-dans-la-cite-consolat-a-marseille\" target=\"_blank\" rel=\"noopener\">Consolat<\/a>.<\/p>\n<p>10 jours d\u2019ITT et 40 jours de soins<\/p>\n<p>Lors de l\u2019interpellation, l\u2019individu s\u2019est rebell\u00e9 et a notamment mordu un fonctionnaire \u00e0 l\u2019annulaire. Finalement ramen\u00e9 dans les locaux de la division nord pour y \u00eatre plac\u00e9 en garde \u00e0 vue, ce jeune de 17\u00a0ans a \u00e9t\u00e9 d\u00e9lest\u00e9 de 172\u00a0g de r\u00e9sine de cannabis, 44\u00a0g de coca\u00efne, 1\u00a0700\u00a0euros en argent liquide et 17 munitions de calibre 12.<\/p>\n<p>Un attirail particuli\u00e8rement compromettant, expliquant peut-\u00eatre sa d\u00e9termination \u00e0 ne pas se laisser interpeller, mais qui lui a tout de m\u00eame \u00e9t\u00e9 saisi.<\/p>\n<p>Quelques heures plus tard, dans la nuit de jeudi \u00e0 vendredi, c\u2019est toujours dans le 15e arrondissement et encore une fois \u00e0 proximit\u00e9 d\u2019un point de trafic de stup\u00e9fiants, mais cette fois-ci \u00e0 la <a href=\"https:\/\/www.laprovence.com\/article\/faits-divers-justice\/62507728902201\/a-marseille-les-dessous-du-reseau-ubershit-du-i-a-la-bricarde-demantele-par-lofast\" target=\"_blank\" rel=\"noopener\">Bricarde<\/a>, que deux charbonneurs ont tent\u00e9 d\u2019\u00e9chapper \u00e0 leur interpellation.<\/p>\n<p>\u00c2g\u00e9s de 18 et 29\u00a0ans, les deux individus se sont rebell\u00e9s au point de blesser s\u00e9rieusement un fonctionnaire de l\u2019\u00e9quipage de <a href=\"https:\/\/www.laprovence.com\/article\/faits-divers-justice\/1509539937874115\/marseille-un-equipage-de-police-secours-retrouve-son-vehicule-avec-les-4-pneus-creves-apres-une-intervention\" target=\"_blank\" rel=\"noopener\">Police secours<\/a>. Souffrant d\u2019une fracture du 5e m\u00e9tacarpien, il s\u2019en tire avec 10 jours d\u2019ITT et 40 jours de soins.<\/p>\n","protected":false},"excerpt":{"rendered":"La strat\u00e9gie de harc\u00e8lement des forces de l\u2019ordre sur les points de deal se paye parfois au prix&hellip;\n","protected":false},"author":2,"featured_media":139671,"comment_status":"","ping_status":"","sticky":false,"template":"","format":"standard","meta":{"footnotes":""},"categories":[2814],"tags":[17,1111,11,3874,1446,16054,154,4070,1777,674,274,1011,27,884,12,5912,6890,882,25],"class_list":{"0":"post-139670","1":"post","2":"type-post","3":"status-publish","4":"format-standard","5":"has-post-thumbnail","7":"category-marseille","8":"tag-17","9":"tag-actu","10":"tag-actualites","11":"tag-agresses","12":"tag-dans","13":"tag-dealers","14":"tag-des","15":"tag-deux","16":"tag-eu","17":"tag-europe","18":"tag-faits-divers-justice","19":"tag-fr","20":"tag-france","21":"tag-marseille","22":"tag-news","23":"tag-par","24":"tag-policiers","25":"tag-provence-alpes-cote-dazur","26":"tag-republique-francaise"},"share_on_mastodon":{"url":"https:\/\/pubeurope.com\/@fr\/114597809585089852","error":""},"_links":{"self":[{"href":"https:\/\/www.europesays.com\/fr\/wp-json\/wp\/v2\/posts\/139670","targetHints":{"allow":["GET"]}}],"collection":[{"href":"https:\/\/www.europesays.com\/fr\/wp-json\/wp\/v2\/posts"}],"about":[{"href":"https:\/\/www.europesays.com\/fr\/wp-json\/wp\/v2\/types\/post"}],"author":[{"embeddable":true,"href":"https:\/\/www.europesays.com\/fr\/wp-json\/wp\/v2\/users\/2"}],"replies":[{"embeddable":true,"href":"https:\/\/www.europesays.com\/fr\/wp-json\/wp\/v2\/comments?post=139670"}],"version-history":[{"count":0,"href":"https:\/\/www.europesays.com\/fr\/wp-json\/wp\/v2\/posts\/139670\/revisions"}],"wp:featuredmedia":[{"embeddable":true,"href":"https:\/\/www.europesays.com\/fr\/wp-json\/wp\/v2\/media\/139671"}],"wp:attachment":[{"href":"https:\/\/www.europesays.com\/fr\/wp-json\/wp\/v2\/media?parent=139670"}],"wp:term":[{"taxonomy":"category","embeddable":true,"href":"https:\/\/www.europesays.com\/fr\/wp-json\/wp\/v2\/categories?post=139670"},{"taxonomy":"post_tag","embeddable":true,"href":"https:\/\/www.europesays.com\/fr\/wp-json\/wp\/v2\/tags?post=139670"}],"curies":[{"name":"wp","href":"https:\/\/api.w.org\/{rel}","templated":true}]}}