{"id":139672,"date":"2025-05-30T16:49:10","date_gmt":"2025-05-30T16:49:10","guid":{"rendered":"https:\/\/www.europesays.com\/fr\/139672\/"},"modified":"2025-05-30T16:49:10","modified_gmt":"2025-05-30T16:49:10","slug":"457-km-de-solidarite-pour-les-enfants-malades","status":"publish","type":"post","link":"https:\/\/www.europesays.com\/fr\/139672\/","title":{"rendered":"457\u00a0km de solidarit\u00e9 pour les enfants malades"},"content":{"rendered":"<p>Ce vendredi 30\u00a0mai, 7 heures, V\u00e9ronique enfourche son v\u00e9lo pour parcourir 457\u00a0km en 24 heures. Objectif\u00a0: rejoindre Marseille pour soutenir l\u2019association \u201cSourire \u00e0 la vie\u201d, qui accompagne les enfants et les jeunes atteints d\u2019un cancer afin qu\u2019ils traversent, dans les meilleures conditions possibles, les \u00e9preuves de la maladie.<\/p>\n<p>  Une aventure pleine de d\u00e9fis<\/p>\n<p>\u00ab\u00a0Au moment de partir, mes pens\u00e9es vont vers deux adolescents de Sa\u00f4ne-et-Loire qui nous ont quitt\u00e9s il y a peu\u00a0: Lucas et un autre adolescent de 15\u00a0ans emport\u00e9 en cinq mois par la maladie, confie la dynamique trentenaire. Je roulerai en pensant aussi aux personnes qui ont particip\u00e9 \u00e0 la cagnotte et que je remercie.\u00a0\u00bb<\/p>\n<p>Bien que la temp\u00e9rature ne soit pas id\u00e9ale, \u00ab\u00a0je risque d\u2019avoir un chouilla chaud, lance-t-elle avec un sourire\u00a0\u00bb et que rouler de nuit l\u2019inqui\u00e8te un peu, V\u00e9ronique se lance avec confiance dans l\u2019aventure. Elle sera suivie en voiture par son mari et accompagn\u00e9e pendant une vingtaine de kilom\u00e8tres \u00e0 l\u2019arriv\u00e9e par un ami proche.<\/p>\n<p><a href=\"https:\/\/www.leetchi.com\/fr\/c\/montchanin-marseille-pour-sourire-a-la-vie-1056280?utm_source=native&amp;utm_medium=social_sharing&amp;fbclid=IwZXh0bgNhZW0CMTAAYnJpZBExcjJFcERVV0UyYUI4MldLYwEeQKTO5m2IG442oQiOSFoX7j7lMQjAR8MU8rShhbuU7jNFFtW8R7O3vB9axlY_aem_Ucbu_-ZPGQwWsnNvPqC9dQ\" target=\"_blank\" rel=\"noopener\">La cagnotte qu\u2019elle a lanc\u00e9e sur Leetchi a d\u00e9j\u00e0 atteint 1\u00a0600\u00a0euros<\/a>. V\u00e9ronique esp\u00e8re atteindre 2\u00a0000\u00a0euros avant sa fermeture, pr\u00e9vue le 3\u00a0juin. La somme r\u00e9colt\u00e9e sera int\u00e9gralement vers\u00e9e \u00e0 \u201cSourire \u00e0 la vie\u201d.<\/p>\n<p class=\"note\"> \u25b6 \u2002 Le d\u00e9part a \u00e9t\u00e9 donn\u00e9 ce vendredi \u00e0 7\u00a0h au panneau du Pont des Morands \u00e0 Montchanin. Ce samedi \u00e0 7\u00a0h maxi\u00a0: arriv\u00e9e au panneau de Marseille.<\/p>\n<p class=\"note\">Leetchi\u00a0: Montchanin-Marseille pour Sourire \u00e0 la vie.<\/p>\n","protected":false},"excerpt":{"rendered":"Ce vendredi 30\u00a0mai, 7 heures, V\u00e9ronique enfourche son v\u00e9lo pour parcourir 457\u00a0km en 24 heures. Objectif\u00a0: rejoindre Marseille&hellip;\n","protected":false},"author":2,"featured_media":139673,"comment_status":"","ping_status":"","sticky":false,"template":"","format":"standard","meta":{"footnotes":""},"categories":[2814],"tags":[1111,11,207,22717,1777,674,107,1011,27,26634,884,26633,12,882,25,71,6003,273,104,517],"class_list":{"0":"post-139672","1":"post","2":"type-post","3":"status-publish","4":"format-standard","5":"has-post-thumbnail","7":"category-marseille","8":"tag-actu","9":"tag-actualites","10":"tag-cyclisme","11":"tag-edition-le-creusot","12":"tag-eu","13":"tag-europe","14":"tag-fil-info","15":"tag-fr","16":"tag-france","17":"tag-le-creusot-bassin","18":"tag-marseille","19":"tag-montchanin","20":"tag-news","21":"tag-provence-alpes-cote-dazur","22":"tag-republique-francaise","23":"tag-sante","24":"tag-saone-et-loire","25":"tag-selection-de-la-redaction","26":"tag-societe","27":"tag-sport"},"share_on_mastodon":{"url":"https:\/\/pubeurope.com\/@fr\/114597813524445831","error":""},"_links":{"self":[{"href":"https:\/\/www.europesays.com\/fr\/wp-json\/wp\/v2\/posts\/139672","targetHints":{"allow":["GET"]}}],"collection":[{"href":"https:\/\/www.europesays.com\/fr\/wp-json\/wp\/v2\/posts"}],"about":[{"href":"https:\/\/www.europesays.com\/fr\/wp-json\/wp\/v2\/types\/post"}],"author":[{"embeddable":true,"href":"https:\/\/www.europesays.com\/fr\/wp-json\/wp\/v2\/users\/2"}],"replies":[{"embeddable":true,"href":"https:\/\/www.europesays.com\/fr\/wp-json\/wp\/v2\/comments?post=139672"}],"version-history":[{"count":0,"href":"https:\/\/www.europesays.com\/fr\/wp-json\/wp\/v2\/posts\/139672\/revisions"}],"wp:featuredmedia":[{"embeddable":true,"href":"https:\/\/www.europesays.com\/fr\/wp-json\/wp\/v2\/media\/139673"}],"wp:attachment":[{"href":"https:\/\/www.europesays.com\/fr\/wp-json\/wp\/v2\/media?parent=139672"}],"wp:term":[{"taxonomy":"category","embeddable":true,"href":"https:\/\/www.europesays.com\/fr\/wp-json\/wp\/v2\/categories?post=139672"},{"taxonomy":"post_tag","embeddable":true,"href":"https:\/\/www.europesays.com\/fr\/wp-json\/wp\/v2\/tags?post=139672"}],"curies":[{"name":"wp","href":"https:\/\/api.w.org\/{rel}","templated":true}]}}