{"id":139676,"date":"2025-05-30T16:51:11","date_gmt":"2025-05-30T16:51:11","guid":{"rendered":"https:\/\/www.europesays.com\/fr\/139676\/"},"modified":"2025-05-30T16:51:11","modified_gmt":"2025-05-30T16:51:11","slug":"metropole-de-lyon-le-theatre-theo-argence-presente-sa-nouvelle-saison-le-10-juin","status":"publish","type":"post","link":"https:\/\/www.europesays.com\/fr\/139676\/","title":{"rendered":"M\u00e9tropole de Lyon. Le th\u00e9\u00e2tre Th\u00e9o-Argence pr\u00e9sente sa nouvelle saison le 10\u00a0juin"},"content":{"rendered":"<p>Trente-six spectacles seront pr\u00e9sent\u00e9s la saison prochaine au th\u00e9\u00e2tre Th\u00e9o-Argence. Toute l\u2019\u00e9quipe du th\u00e9\u00e2tre d\u00e9voilera la nouvelle programmation le mardi 10\u00a0juin, alors que la saison s\u2019ach\u00e8ve en beaut\u00e9 avec un spectacle de cirque \u00ab\u00a0Ka-In\u00a0\u00bb mardi et mercredi.<\/p>\n<p>Depuis la r\u00e9ouverture du th\u00e9\u00e2tre en septembre\u00a02023, apr\u00e8s un grand chantier de r\u00e9novation, <a href=\"https:\/\/www.leprogres.fr\/culture-loisirs\/2025\/02\/27\/taux-de-frequentation-en-hausse-spectacles-a-guichets-fermes-le-theatre-theo-argence-enchaine-les-succes\" target=\"_blank\" rel=\"noopener\">la fr\u00e9quentation bat des records.<\/a> \u00a0Cette ann\u00e9e, le TTA a enregistr\u00e9 une fr\u00e9quentation en hausse de 15\u00a0% par rapport \u00e0 l\u2019an dernier, avec 1\u00a0700 abonn\u00e9s et plus de 22\u00a0000 spectateurs.<\/p>\n<p>Pour cette soir\u00e9e de pr\u00e9sentation, n\u2019h\u00e9sitez pas \u00e0 venir t\u00f4t\u00a0: l\u2019ann\u00e9e derni\u00e8re, il y avait vraiment foule\u00a0! Cette ann\u00e9e encore, le public pourra s\u2019abonner d\u00e8s le soir m\u00eame.\u00a0Un buffet sera servi \u00e0 l\u2019issue de la pr\u00e9sentation, offrant l\u2019occasion d\u2019\u00e9changer avec l\u2019\u00e9quipe et les partenaires artistiques de cette nouvelle saison.<\/p>\n<p>Pour permettre aux familles de profiter pleinement de la soir\u00e9e, un coin garderie avec un atelier cr\u00e9atif sera mis en place.<\/p>\n<p class=\"note\">Pr\u00e9sentation de saison mardi 10\u00a0juin \u00e0 19\u00a0h\u00a030.\u00a0Entr\u00e9e libre, dans la limite des places disponibles. Ouverture des portes \u00e0 19\u00a0h.<\/p>\n","protected":false},"excerpt":{"rendered":"Trente-six spectacles seront pr\u00e9sent\u00e9s la saison prochaine au th\u00e9\u00e2tre Th\u00e9o-Argence. Toute l\u2019\u00e9quipe du th\u00e9\u00e2tre d\u00e9voilera la nouvelle programmation&hellip;\n","protected":false},"author":2,"featured_media":139677,"comment_status":"","ping_status":"","sticky":false,"template":"","format":"standard","meta":{"footnotes":""},"categories":[1889],"tags":[1111,11,2430,1687,3152,1777,674,1011,27,2428,12,25,4605,4606,3140],"class_list":{"0":"post-139676","1":"post","2":"type-post","3":"status-publish","4":"format-standard","5":"has-post-thumbnail","7":"category-lyon","8":"tag-actu","9":"tag-actualites","10":"tag-auvergne-rhone-alpes","11":"tag-culture-loisirs","12":"tag-edition-est-lyonnais","13":"tag-eu","14":"tag-europe","15":"tag-fr","16":"tag-france","17":"tag-lyon","18":"tag-news","19":"tag-republique-francaise","20":"tag-saint-priest","21":"tag-saint-priest-ville","22":"tag-spectacle"},"share_on_mastodon":{"url":"https:\/\/pubeurope.com\/@fr\/114597821334954874","error":""},"_links":{"self":[{"href":"https:\/\/www.europesays.com\/fr\/wp-json\/wp\/v2\/posts\/139676","targetHints":{"allow":["GET"]}}],"collection":[{"href":"https:\/\/www.europesays.com\/fr\/wp-json\/wp\/v2\/posts"}],"about":[{"href":"https:\/\/www.europesays.com\/fr\/wp-json\/wp\/v2\/types\/post"}],"author":[{"embeddable":true,"href":"https:\/\/www.europesays.com\/fr\/wp-json\/wp\/v2\/users\/2"}],"replies":[{"embeddable":true,"href":"https:\/\/www.europesays.com\/fr\/wp-json\/wp\/v2\/comments?post=139676"}],"version-history":[{"count":0,"href":"https:\/\/www.europesays.com\/fr\/wp-json\/wp\/v2\/posts\/139676\/revisions"}],"wp:featuredmedia":[{"embeddable":true,"href":"https:\/\/www.europesays.com\/fr\/wp-json\/wp\/v2\/media\/139677"}],"wp:attachment":[{"href":"https:\/\/www.europesays.com\/fr\/wp-json\/wp\/v2\/media?parent=139676"}],"wp:term":[{"taxonomy":"category","embeddable":true,"href":"https:\/\/www.europesays.com\/fr\/wp-json\/wp\/v2\/categories?post=139676"},{"taxonomy":"post_tag","embeddable":true,"href":"https:\/\/www.europesays.com\/fr\/wp-json\/wp\/v2\/tags?post=139676"}],"curies":[{"name":"wp","href":"https:\/\/api.w.org\/{rel}","templated":true}]}}