{"id":139680,"date":"2025-05-30T16:54:10","date_gmt":"2025-05-30T16:54:10","guid":{"rendered":"https:\/\/www.europesays.com\/fr\/139680\/"},"modified":"2025-05-30T16:54:10","modified_gmt":"2025-05-30T16:54:10","slug":"ici-cest-paris-les-parisiens-prennent-leurs-quartiers-a-munich","status":"publish","type":"post","link":"https:\/\/www.europesays.com\/fr\/139680\/","title":{"rendered":"\u00abIci c\u2019est Paris\u00bb, les Parisiens prennent leurs quartiers \u00e0 Munich"},"content":{"rendered":"<p>Les joueurs parisiens ont pos\u00e9 le pied en Allemagne ce vendredi \u00e0 la mi-journ\u00e9e et sont install\u00e9s \u00e0 leur h\u00f4tel.<\/p>\n<p class=\"fig-paragraph\">\u00c7a commence maintenant. Il \u00e9tait 13h20 ce vendredi quand le car du PSG est arriv\u00e9 \u00e0 l\u2019h\u00f4tel o\u00f9 les joueurs, le staff et les dirigeants logeront pour\u00a0<a href=\"http:\/\/www.lefigaro.fr\/sports\/football\/ligue-des-champions\/ligue-des-champions-vainqueur-ou-vaincu-pourquoi-le-psg-touchera-le-jackpot-20250529\" target=\"_blank\" data-fig-type=\"Article\" rel=\"noopener nofollow\" data-gtm-custom-categorie=\"navigation\" data-gtm-custom-action=\"crossclick\" data-gtm-custom-label=\"Contextuel\" data-gtm-event=\"customEventSPE\" data-fig-domain=\"LEFIGARO\">la finale de Ligue des champions contre l\u2019Inter Milan<\/a>, samedi (21h), \u00e0 l\u2019Allianz Arena. Une petite trentaine de supporters s\u2019\u00e9taient aventur\u00e9s dans ce lieu o\u00f9 le Bayern a ses habitudes, pour les mises au vert, \u00e0 une quinzaine de kilom\u00e8tres du centre-ville de Munich. Il faut dire que l\u2019\u00e9loignement du centre n\u2019aide pas aux grands rassemblements, d\u2019autant que le club n\u2019avait pas communiqu\u00e9 sur son lieu d\u2019habitation. Un \u00e9tablissement &#8211; o\u00f9 est pr\u00e9sent Sir Alex Ferguson, la l\u00e9gende de Manchester United &#8211; qui s\u2019est mis aux couleurs de Paris. \u00abIci c\u2019est Paris\u00bb, pouvait-on lire sur une banderole d\u00e9ploy\u00e9e au-dessus de l\u2019entr\u00e9e. Marquinhos et compagnie comme \u00e0 la maison.<\/p>\n<p class=\"fig-paragraph\">Une oasis de verdure et de qui\u00e9tude pour les Parisiens, attendus par une nu\u00e9e de journalistes. Et donc quelques fid\u00e8les. Singapour, Qu\u00e9bec, France, les supporters pr\u00e9sents sous le cagnard munichois venaient d\u2019un peu partout pour apercevoir le car aux couleurs du club de la capitale. Pas les joueurs, qui n\u2019ont pas eu la moindre interaction avec le public, si ce n\u2019est avec un petit malin qui a entourloup\u00e9 le service de s\u00e9curit\u00e9 pour s\u2019inviter dans l\u2019h\u00f4tel et \u00abgratter\u00bb un moment privil\u00e9gi\u00e9. Pour le reste, pas un coucou m\u00eame de loin et encore moins de mini-bain de foule au programme. Tant pis pour les ambitieux qui r\u00eavaient de faire signer leur maillot. Pas le lieu ni l\u2019endroit. Les joueurs sont dans leur bulle. Tout pour la gagne. \u00abExcitation, impatience, pas question de rater \u00e7a\u00bb, jurait un fan, fanion du PSG en main, qui n\u2019a pas h\u00e9sit\u00e9 \u00e0 faire le d\u00e9placement et qui y \u00abcro\u00eet\u00bb dur comme fer en vue de la finale de samedi. \u00abC\u2019est notre ann\u00e9e\u00bb, jure un autre, confiant.<\/p>\n<p>Marquinhos et Demb\u00e9l\u00e9 face \u00e0 la presse<\/p>\n<p class=\"fig-paragraph\">La suite, c\u2019est le dernier entra\u00eenement, au stade, \u00e0 19h. Marquinhos, Ousmane Dembele et Luis Enrique r\u00e9pondront aux questions de la presse \u00e0 partir de 20h15. \u00c0 noter que le groupe parisien est au grand complet pour ce dernier rendez-vous de la saison 2024-25, avec Khvicha Kvaratskhelia (<a href=\"http:\/\/www.lefigaro.fr\/sports\/football\/ligue-des-champions\/ligue-des-champions-forfait-contre-reims-samedi-kvaratskhelia-de-retour-a-l-entrainement-a-j-4-de-psg-inter-20250527\" data-fig-type=\"NewsFlash\" data-gtm-custom-categorie=\"navigation\" data-gtm-custom-action=\"crossclick\" data-gtm-custom-label=\"Contextuel\" data-gtm-event=\"customEventSPE\" data-fig-domain=\"LEFIGARO\" rel=\"nofollow noopener\" target=\"_blank\">qui a manqu\u00e9 la finale de Coupe de France samedi dernier<\/a>\u00a0pour cause de migraine) et Presnel Kimpembe (probablement forfait). Ailleurs dans Munich, les supporters des deux camps affluent, l\u2019ambiance va monter. Les maillots parisiens pullulent d\u00e9j\u00e0 aux quatre coins de la ville. Bien loin du huis clos de Lisbonne il y a cinq ans, lors de la premi\u00e8re finale du PSG, en plein Covid. Cette fois, c\u2019est une vraie finale, l\u2019effervescence est l\u00e0, la tension, la passion.<\/p>\n","protected":false},"excerpt":{"rendered":"Les joueurs parisiens ont pos\u00e9 le pied en Allemagne ce vendredi \u00e0 la mi-journ\u00e9e et sont install\u00e9s \u00e0&hellip;\n","protected":false},"author":2,"featured_media":139681,"comment_status":"","ping_status":"","sticky":false,"template":"","format":"standard","meta":{"footnotes":""},"categories":[1888],"tags":[1111,1928,11,1927,4791,786,525,448,1981,1089,814,1777,674,2257,63,1011,27,2705,4788,447,1307,3490,955,1897,12,1926,626,1925,4589,4789,93,4790,25,1980,455],"class_list":{"0":"post-139680","1":"post","2":"type-post","3":"status-publish","4":"format-standard","5":"has-post-thumbnail","7":"category-paris","8":"tag-actu","9":"tag-actu-paris","10":"tag-actualites","11":"tag-actualites-paris","12":"tag-barcelone","13":"tag-c1","14":"tag-calendrier","15":"tag-champions-league","16":"tag-classement","17":"tag-coupe-deurope","18":"tag-direct","19":"tag-eu","20":"tag-europe","21":"tag-foot","22":"tag-football","23":"tag-fr","24":"tag-france","25":"tag-groupe","26":"tag-inter-milan","27":"tag-ligue-des-champions","28":"tag-lille","29":"tag-liverpool","30":"tag-match","31":"tag-munich","32":"tag-news","33":"tag-news-paris","34":"tag-paris","35":"tag-paris-news","36":"tag-phase-finale","37":"tag-poule","38":"tag-psg","39":"tag-real-madrid","40":"tag-republique-francaise","41":"tag-resultats","42":"tag-uefa"},"share_on_mastodon":{"url":"https:\/\/pubeurope.com\/@fr\/114597833322650333","error":""},"_links":{"self":[{"href":"https:\/\/www.europesays.com\/fr\/wp-json\/wp\/v2\/posts\/139680","targetHints":{"allow":["GET"]}}],"collection":[{"href":"https:\/\/www.europesays.com\/fr\/wp-json\/wp\/v2\/posts"}],"about":[{"href":"https:\/\/www.europesays.com\/fr\/wp-json\/wp\/v2\/types\/post"}],"author":[{"embeddable":true,"href":"https:\/\/www.europesays.com\/fr\/wp-json\/wp\/v2\/users\/2"}],"replies":[{"embeddable":true,"href":"https:\/\/www.europesays.com\/fr\/wp-json\/wp\/v2\/comments?post=139680"}],"version-history":[{"count":0,"href":"https:\/\/www.europesays.com\/fr\/wp-json\/wp\/v2\/posts\/139680\/revisions"}],"wp:featuredmedia":[{"embeddable":true,"href":"https:\/\/www.europesays.com\/fr\/wp-json\/wp\/v2\/media\/139681"}],"wp:attachment":[{"href":"https:\/\/www.europesays.com\/fr\/wp-json\/wp\/v2\/media?parent=139680"}],"wp:term":[{"taxonomy":"category","embeddable":true,"href":"https:\/\/www.europesays.com\/fr\/wp-json\/wp\/v2\/categories?post=139680"},{"taxonomy":"post_tag","embeddable":true,"href":"https:\/\/www.europesays.com\/fr\/wp-json\/wp\/v2\/tags?post=139680"}],"curies":[{"name":"wp","href":"https:\/\/api.w.org\/{rel}","templated":true}]}}