{"id":139682,"date":"2025-05-30T16:55:09","date_gmt":"2025-05-30T16:55:09","guid":{"rendered":"https:\/\/www.europesays.com\/fr\/139682\/"},"modified":"2025-05-30T16:55:09","modified_gmt":"2025-05-30T16:55:09","slug":"quel-bilan-a-paris-et-lyon-bien-avancees-dans-la-mise-en-place-du-dispositif","status":"publish","type":"post","link":"https:\/\/www.europesays.com\/fr\/139682\/","title":{"rendered":"Quel bilan \u00e0 Paris et Lyon, bien avanc\u00e9es dans la mise en place du dispositif ?"},"content":{"rendered":"<p><strong>POLLUTION &#8211; L\u2019Assembl\u00e9e nationale a vot\u00e9 la suppression des zones \u00e0 faibles \u00e9missions (ZFE). Est-ce que ces dispositifs ont eu des r\u00e9sultats dans les villes o\u00f9 il avait d\u00e9j\u00e0 \u00e9t\u00e9 mis en place\u00a0? Focus sur Paris et Lyon<\/strong><\/p>\n<p>L\u2019<a href=\"https:\/\/www.20minutes.fr\/societe\/4155984-20250529-loi-simplification-assemblee-nationale-approuve-suppression-zones-faibles-emissions-zfe?at_medium=RSS%20feed&amp;at_campaign=ynews&amp;utm_source=yahoo&amp;utm_medium=rss&amp;utm_campaign=news_feed&amp;utm_content=in_article_link\" rel=\"nofollow noopener\" target=\"_blank\" data-ylk=\"slk:Assembl\u00e9e nationale a approuv\u00e9 mercredi la suppression;elm:context_link;itc:0;sec:content-canvas\" class=\"link \">Assembl\u00e9e nationale a approuv\u00e9 mercredi la suppression<\/a> des zones \u00e0 faibles \u00e9missions (<a href=\"https:\/\/www.20minutes.fr\/planete\/zone-faibles-emissions\/?at_medium=RSS%20feed&amp;at_campaign=ynews&amp;utm_source=yahoo&amp;utm_medium=rss&amp;utm_campaign=news_feed&amp;utm_content=in_article_link\" rel=\"nofollow noopener\" target=\"_blank\" data-ylk=\"slk:ZFE;elm:context_link;itc:0;sec:content-canvas\" class=\"link \">ZFE<\/a>), initi\u00e9es en\u00a02019 et \u00e9tendues en\u00a02021 pour limiter les \u00e9missions de particules fines en excluant de leur p\u00e9rim\u00e8tre certains v\u00e9hicules tr\u00e8s anciens et polluants.<\/p>\n<p>\u00ab\u00a0C\u2019est vraiment d\u00e9cevant et terrible comme d\u00e9cision, c\u2019est la sant\u00e9 qui va trinquer\u00a0\u00bb, a r\u00e9agi aupr\u00e8s de 20 Minutes, Anne Lassman-Trappier, de <a href=\"https:\/\/www.fne-aura.org\/communiques\/region\/zero-pointe-pour-les-attaques-contre-les-zfe\/?at_medium=RSS%20feed&amp;at_campaign=ynews&amp;utm_source=yahoo&amp;utm_medium=rss&amp;utm_campaign=news_feed&amp;utm_content=in_article_link\" rel=\"nofollow noopener\" target=\"_blank\" data-ylk=\"slk:France Nature Environnement;elm:context_link;itc:0;sec:content-canvas\" class=\"link \">France Nature Environnement<\/a>, r\u00e9f\u00e9rente qualit\u00e9 de l\u2019air et mobilit\u00e9s. Elle rappelle\u00a0: \u00ab\u00a0Le trafic routier est l\u2019une des principales sources des pollutions de l\u2019air. Et les ZFE ont fait leurs preuves en termes de r\u00e9duction des \u00e9missions. En France, on parle de 30\u00a0% de baisse d\u2019oxyde d\u2019azote dans les villes qui les ont mises en place, accompagn\u00e9 d\u2019une am\u00e9lioration de la qualit\u00e9 de l\u2019air.\u00a0\u00bb<\/p>\n<p>La sp\u00e9cialiste prend \u00e9galement <a href=\"https:\/\/www.20minutes.fr\/planete\/2491771-20190408-pollution-zone-ultra-basse-emission-entre-vigueur-londres?at_medium=RSS%20feed&amp;at_campaign=ynews&amp;utm_source=yahoo&amp;utm_medium=rss&amp;utm_campaign=news_feed&amp;utm_content=in_article_link\" rel=\"nofollow noopener\" target=\"_blank\" data-ylk=\"slk:l\u2019exemple de la \u00ab\u00a0plus grande ZFE du monde\u00a0\u00bb;elm:context_link;itc:0;sec:content-canvas\" class=\"link \">l\u2019exemple de la \u00ab\u00a0plus grande ZFE du monde\u00a0\u00bb<\/a>, qui couvre toute la m\u00e9tropole de Londres. \u00ab\u00a0La ville britannique a indiqu\u00e9 avoir r\u00e9duit de 44\u00a0% les concentrations de dioxyde d\u2019azote, &#8211; associ\u00e9 au trafic routier \u2013, depuis la mise en place de sa ZFE en\u00a02019.\u00a0\u00bb<\/p>\n<p>Mais alors, quel est le bilan des ZFE d\u00e9ploy\u00e9es en France\u00a0? Focus sur Paris et Lyon, deux villes qui avaient d\u00e9j\u00e0 mis en place le dispositif depuis plusieurs ann\u00e9es et qui avaient des tr\u00e8s mauvaises qualit\u00e9s de l\u2019air.<\/p>\n<p>A Paris<\/p>\n<p>D\u2019apr\u00e8s le dernier rapport de AirParif, un organisme qui surveille la qualit\u00e9 de l\u2019air en Ile-de-France, les \u00e9missions de particules fines (PM2,5) dues au trafic routier ont diminu\u00e9 de 32\u00a0% depui(&#8230;)<\/p>\n<p><a href=\"https:\/\/www.20minutes.fr\/planete\/4156111-20250530-suppression-zfe-bilan-paris-lyon-bien-avancees-mise-place-dispositif?at_medium=RSS%20feed&amp;at_campaign=ynews&amp;utm_source=yahoo&amp;utm_medium=rss&amp;utm_campaign=news_feed&amp;utm_content=read_more_link&quot;\" rel=\"nofollow noopener\" target=\"_blank\" data-ylk=\"slk:Lire la suite sur 20minutes;elm:context_link;itc:0;sec:content-canvas\" class=\"link \">Lire la suite sur 20minutes<\/a><\/p>\n<p>\u00c0 lire aussi :<br \/><a href=\"https:\/\/www.20minutes.fr\/societe\/4155984-20250529-loi-simplification-assemblee-nationale-approuve-suppression-zones-faibles-emissions-zfe?at_medium=RSS%20feed&amp;at_campaign=ynews&amp;utm_source=yahoo&amp;utm_medium=rss&amp;utm_campaign=news_feed&amp;utm_content=related_content_link\" rel=\"nofollow noopener\" target=\"_blank\" data-ylk=\"slk:Loi simplification\u00a0: L\u2019Assembl\u00e9e nationale approuve la suppression des zones \u00e0 faibles \u00e9missions (ZFE);elm:context_link;itc:0;sec:content-canvas\" class=\"link \">Loi simplification\u00a0: L\u2019Assembl\u00e9e nationale approuve la suppression des zones \u00e0 faibles \u00e9missions (ZFE)<\/a><br \/><a href=\"https:\/\/www.20minutes.fr\/planete\/environnement\/4148244-20250414-zfe-elles-vraiment-probleme-plus-precaires?at_medium=RSS%20feed&amp;at_campaign=ynews&amp;utm_source=yahoo&amp;utm_medium=rss&amp;utm_campaign=news_feed&amp;utm_content=related_content_link\" rel=\"nofollow noopener\" target=\"_blank\" data-ylk=\"slk:Les ZFE sont-elles vraiment un probl\u00e8me pour les plus pr\u00e9caires\u00a0?;elm:context_link;itc:0;sec:content-canvas\" class=\"link \">Les ZFE sont-elles vraiment un probl\u00e8me pour les plus pr\u00e9caires\u00a0?<\/a><\/p>\n","protected":false},"excerpt":{"rendered":"POLLUTION &#8211; L\u2019Assembl\u00e9e nationale a vot\u00e9 la suppression des zones \u00e0 faibles \u00e9missions (ZFE). Est-ce que ces dispositifs&hellip;\n","protected":false},"author":2,"featured_media":139683,"comment_status":"","ping_status":"","sticky":false,"template":"","format":"standard","meta":{"footnotes":""},"categories":[1888],"tags":[1111,1928,11,1927,1777,674,1011,27,26635,3360,12,1926,626,1925,2434,25,26636,3533],"class_list":{"0":"post-139682","1":"post","2":"type-post","3":"status-publish","4":"format-standard","5":"has-post-thumbnail","7":"category-paris","8":"tag-actu","9":"tag-actu-paris","10":"tag-actualites","11":"tag-actualites-paris","12":"tag-eu","13":"tag-europe","14":"tag-fr","15":"tag-france","16":"tag-france-nature-environnement","17":"tag-la-sante","18":"tag-news","19":"tag-news-paris","20":"tag-paris","21":"tag-paris-news","22":"tag-qualite-de-lair","23":"tag-republique-francaise","24":"tag-trafic-routier","25":"tag-zfe"},"share_on_mastodon":{"url":"https:\/\/pubeurope.com\/@fr\/114597837331764904","error":""},"_links":{"self":[{"href":"https:\/\/www.europesays.com\/fr\/wp-json\/wp\/v2\/posts\/139682","targetHints":{"allow":["GET"]}}],"collection":[{"href":"https:\/\/www.europesays.com\/fr\/wp-json\/wp\/v2\/posts"}],"about":[{"href":"https:\/\/www.europesays.com\/fr\/wp-json\/wp\/v2\/types\/post"}],"author":[{"embeddable":true,"href":"https:\/\/www.europesays.com\/fr\/wp-json\/wp\/v2\/users\/2"}],"replies":[{"embeddable":true,"href":"https:\/\/www.europesays.com\/fr\/wp-json\/wp\/v2\/comments?post=139682"}],"version-history":[{"count":0,"href":"https:\/\/www.europesays.com\/fr\/wp-json\/wp\/v2\/posts\/139682\/revisions"}],"wp:featuredmedia":[{"embeddable":true,"href":"https:\/\/www.europesays.com\/fr\/wp-json\/wp\/v2\/media\/139683"}],"wp:attachment":[{"href":"https:\/\/www.europesays.com\/fr\/wp-json\/wp\/v2\/media?parent=139682"}],"wp:term":[{"taxonomy":"category","embeddable":true,"href":"https:\/\/www.europesays.com\/fr\/wp-json\/wp\/v2\/categories?post=139682"},{"taxonomy":"post_tag","embeddable":true,"href":"https:\/\/www.europesays.com\/fr\/wp-json\/wp\/v2\/tags?post=139682"}],"curies":[{"name":"wp","href":"https:\/\/api.w.org\/{rel}","templated":true}]}}