{"id":139686,"date":"2025-05-30T16:57:20","date_gmt":"2025-05-30T16:57:20","guid":{"rendered":"https:\/\/www.europesays.com\/fr\/139686\/"},"modified":"2025-05-30T16:57:20","modified_gmt":"2025-05-30T16:57:20","slug":"hommage-a-la-danse-classique-francaise-sylvia-un-ballet-au-lourd-heritage","status":"publish","type":"post","link":"https:\/\/www.europesays.com\/fr\/139686\/","title":{"rendered":"hommage \u00e0 la danse classique fran\u00e7aise, Sylvia, un ballet au lourd h\u00e9ritage"},"content":{"rendered":"<p>            Par<br \/>\n        <strong><br \/>\n            <a href=\"https:\/\/actu.fr\/auteur\/emilie-salabelle\" title=\"Consulter tous les articles de Emilie Salabelle\" target=\"_blank\" rel=\"noopener\">Emilie Salabelle<\/a><br \/>\n        <\/strong><\/p>\n<p>        Publi\u00e9 le<\/p>\n<p>            30 mai 2025 \u00e0 18h12        <\/p>\n<p>Ballet symbolique pour l\u2019<a href=\"https:\/\/actu.fr\/tag\/opera-de-paris\" target=\"_blank\" rel=\"noopener\">Op\u00e9ra de Paris<\/a> puisqu\u2019il a inaugur\u00e9 la sc\u00e8ne du <a href=\"https:\/\/actu.fr\/ile-de-france\/paris_75056\/le-palais-garnier-fete-ses-150-ans-six-anecdotes-que-vous-ignoriez-sur-le-temple-de-l-opera-de-paris_62071514.html\" target=\"_blank\" rel=\"noopener\">palais Garnier<\/a> peu apr\u00e8s son ouverture en 1876, <strong>Sylvia<\/strong> est de retour sur les lieux de sa cr\u00e9ation depuis le 8 mai 2025. Apr\u00e8s quatre pr\u00e9c\u00e9dentes versions, dont la derni\u00e8re, une r\u00e9\u00e9criture sign\u00e9e John Neumeier, remonte \u00e0 1997 (dans\u00e9e pour la derni\u00e8re fois en 2005 par la compagnie), c\u2019est l\u2019ancien danseur \u00e9toile <strong>Manuel Legris<\/strong> qui est aujourd\u2019hui \u00e0 la chor\u00e9graphie. Ex-directeur du ballet de Viennes pour qui il avait mont\u00e9 cette <strong>production ambitieuse en trois actes<\/strong>, il a voulu faire briller, dans cette histoire mythologique mise en musique par L\u00e9o Delibes, la danse classique fran\u00e7aise. Cet \u00e9v\u00e9nement tr\u00e8s attendu par les balletomanes laisse un <strong>avis mitig\u00e9<\/strong> sur l\u2019\u0153uvre, qui peine \u00e0 se d\u00e9tacher d\u2019une intrigue complexe et d\u2019une mise en sc\u00e8ne pompeuse et d\u00e9su\u00e8te. Mais le spectacle a le m\u00e9rite de proposer pl\u00e9thore de personnages principaux et r\u00f4les secondaires pour faire briller les talents de la compagnie, y compris les plus jeunes.<\/p>\n<p>Une intrigue alambiqu\u00e9e<\/p>\n<p class=\" wall-content\">Il faut dire que le livret ne simplifie pas la t\u00e2che. Pas moins de <strong>six personnages principaux<\/strong> se partagent l\u2019affiche. L\u2019histoire, un mythe pastoral toujours teint\u00e9 d\u2019un orientalisme post-romantique, s\u2019emm\u00eale dans des successions d\u2019intrigues.<\/p>\n<p class=\" wall-content\"><strong>Diane<\/strong>, d\u00e9esse de la chasse, garde sous son aile, et sa surveillance, une arm\u00e9e de fid\u00e8les, dont la nymphe <strong>Sylvia<\/strong>, farouche arch\u00e8re qui a jur\u00e9 de respecter les lois de chastet\u00e9 impos\u00e9es par sa protectrice. C\u2019est sans compter sur le dieu <strong>\u00c9ros<\/strong>, qui va la pousser dans les bras du berger <strong>Amintas<\/strong>, d\u00e9j\u00e0 amoureux d\u2019elle. Seulement voil\u00e0 : un autre pr\u00e9tendant entre en jeu, le chasseur noir <strong>Orion<\/strong>, qui enl\u00e8ve la nymphe et l\u2019enferme dans sa grotte. Celle-ci ruse, et, usant de ses charmes, parvient \u00e0 enivrer ses ge\u00f4liers, s\u2019enfuit gr\u00e2ce \u00e0 \u00c9ros et retrouve son berger. D\u2019abord furieuse de voir Sylvia lui \u00e9chapper, Diane est finalement rappel\u00e9e \u00e0 l\u2019ordre par le dieu de l\u2019amour, qui lui rappelle sa propre tendresse pour <strong>Endymion<\/strong>, jeune homme qu\u2019elle a plong\u00e9 dans un sommeil \u00e9ternel pour pouvoir le contempler \u00e0 sa guise. Ouf, voici pour l\u2019intrigue.\u00a0<\/p>\n<p class=\" wall-content\">Fid\u00e8le \u00e0 cette histoire, le <strong>d\u00e9cor<\/strong> n\u2019est pas l\u00e9ger et l\u2019on sourit parfois de sa d\u00e9mesure, \u00e0 la vue de l\u2019autel pivotant d\u00e9di\u00e9 \u00e0 \u00c9ros, d\u2019un char-P\u00e9gase flamboyant de tout son or, ou d\u2019une \u00e9norme amphore apport\u00e9e sur sc\u00e8ne lors des f\u00eates bacchanales finales.<\/p>\n<p>La danse desservie par un h\u00e9ritage encombrant ?<\/p>\n<p class=\" wall-content\">La chor\u00e9graphie, sans \u00eatre rat\u00e9e, ne laisse pas en m\u00e9moire beaucoup de moments saillants. On a la sensation que Manuel Legris a cherch\u00e9 \u00e0 <strong>respecter l\u2019esprit d\u2019origine de l\u2019\u0153uvre<\/strong> plut\u00f4t qu\u2019\u00e0 insuffler une partition plus moderne. Les situations et les personnages sont si st\u00e9r\u00e9otyp\u00e9s que l\u2019ensemble para\u00eet fig\u00e9.<\/p>\n<p class=\" wall-content\">On se prend \u00e0 faire des <strong>parall\u00e8les avec d\u2019autres grands ballets du XIXe si\u00e8cle<\/strong>, dont Sylvia semble une p\u00e2le r\u00e9miniscence : les danses villageoises qui rappellent les vendangeurs de Giselle, et surtout, les intraitables chasseresses, men\u00e9es par Diane, qui font \u00e9cho aux Willis et \u00e0 la reine Myrta. Ou encore, l\u2019acte II, apr\u00e8s l\u2019enl\u00e8vement de Sylvia, qui fait \u00e9cho \u00e0 une intrigue du m\u00eame genre dans Raymonda. Dans cet univers o\u00f9 se m\u00ealent nymphes, faunes, satyres et autres cr\u00e9atures l\u00e9gendaires, la danse se divise r\u00e9guli\u00e8rement en nombreux sous-ensembles sur sc\u00e8ne, ce qui brouille parfois la vision g\u00e9n\u00e9rale.<\/p>\n<p>    <a href=\"https:\/\/email.publihebdos.com\/form?lid=Mqc7o19yVDtMEo2FE8aUtw2\" title=\"Ouvrie le lien\" target=\"_blank\" rel=\"noopener\">Cliquez ici pour visualiser le contenu<\/a><\/p>\n<p class=\" wall-content\">Restent des<strong> variations individuelles int\u00e9ressantes, <\/strong>qui demandent une solide technique, des pas de deux agr\u00e9ables, et quelques autres temps forts : on retient par exemple l\u2019entr\u00e9e conqu\u00e9rante des chasseresses, leur course fi\u00e8re, l\u2019arc \u00e0 la main, port\u00e9e par la musique de L\u00e9o Delibes, o\u00f9 l\u2019on retrouve quelque chose de la c\u00e9l\u00e8bre Chevauch\u00e9e des Walkyries de Richard Wagner, puis l\u2019entr\u00e9e en sc\u00e8ne de la nymphe.<\/p>\n<p>Des interpr\u00e8tes en forme<\/p>\n<p class=\" wall-content\">Lors de la soir\u00e9e du mardi 27 mai,<strong> Roxane Stojanov, <\/strong><a href=\"https:\/\/actu.fr\/ile-de-france\/paris_75056\/opera-de-paris-roxane-stojanov-nommee-danseuse-etoile_62062557.html\" target=\"_blank\" rel=\"noopener\">nomm\u00e9e r\u00e9cemment \u00e9toile,<\/a> campe une Sylvia r\u00e9fl\u00e9chie, s\u00fbre d\u2019elle. S\u2019il manque un peu de l\u00e2cher-prise dans le premier acte, le personnage prend en \u00e9paisseur au fil de la soir\u00e9e, notamment dans le deuxi\u00e8me acte, et brille dans la variation \u00ab\u00a0Pizzicato\u00a0\u00bb du dernier acte, \u00e0 la fois d\u00e9licate et bien envoy\u00e9e, le bas de jambe cisel\u00e9 et les ports de bras altiers. \u00c0 ses c\u00f4t\u00e9s,<strong> Thomas Docquir<\/strong> propose un Aminta int\u00e9ressant. Tout en l\u00e9g\u00e8ret\u00e9 et en finesse, avec des sauts pr\u00e9cis \u00e0 la r\u00e9ception soign\u00e9e, un haut du corps fluide, il incarne facilement ce jeune berger modeste, soumis aux temp\u00eates divines qu\u2019il ne peut ma\u00eetriser.\u00a0<\/p>\n<p class=\" wall-content\"><strong>Bianca Scudamore<\/strong> impose une autorit\u00e9 froide \u00e0 sa Diane. Le prologue, o\u00f9 elle laisse bri\u00e8vement son amour pour Endymion s\u2019exprimer, est un beau moment de danse. Parmi les seconds r\u00f4les, impossible de rester indiff\u00e9rent au faune magn\u00e9tique de <strong>Shale Wagman<\/strong>, talent brut que l\u2019on a h\u00e2te de voir dans des r\u00f4les plus cons\u00e9quents. Na\u00efade \u00e0 la technique \u00e9blouissante, <strong>Clara Mousseigne<\/strong> aussi emporte l\u2019adh\u00e9sion.\u00a0<\/p>\n<p class=\" wall-content\">Suivez toute l\u2019actualit\u00e9 de vos villes et m\u00e9dias favoris en vous inscrivant \u00e0 <a href=\"https:\/\/moncompte.actu.fr\" title=\"D\u00e9couvez Mon Actu\" rel=\"nofollow noopener\" data-trk=\"{&quot;cta&quot;:{&quot;action&quot;:&quot;https:\\\/\\\/moncompte.actu.fr&quot;,&quot;category&quot;:&quot;mon compte&quot;,&quot;from&quot;:&quot;article footer&quot;,&quot;name&quot;:&quot;Mon actu&quot;,&quot;type&quot;:&quot;cta&quot;}}\" target=\"_blank\">Mon Actu<\/a>.<\/p>\n","protected":false},"excerpt":{"rendered":"Par Emilie Salabelle Publi\u00e9 le 30 mai 2025 \u00e0 18h12 Ballet symbolique pour l\u2019Op\u00e9ra de Paris puisqu\u2019il a&hellip;\n","protected":false},"author":2,"featured_media":139687,"comment_status":"","ping_status":"","sticky":false,"template":"","format":"standard","meta":{"footnotes":""},"categories":[1888],"tags":[11,5972,1777,674,1011,27,1652,12,1342,626,25,853],"class_list":{"0":"post-139686","1":"post","2":"type-post","3":"status-publish","4":"format-standard","5":"has-post-thumbnail","7":"category-paris","8":"tag-actualites","9":"tag-danse","10":"tag-eu","11":"tag-europe","12":"tag-fr","13":"tag-france","14":"tag-loisirs-culture","15":"tag-news","16":"tag-opera-de-paris","17":"tag-paris","18":"tag-republique-francaise","19":"tag-spectacles"},"share_on_mastodon":{"url":"https:\/\/pubeurope.com\/@fr\/114597845352074100","error":""},"_links":{"self":[{"href":"https:\/\/www.europesays.com\/fr\/wp-json\/wp\/v2\/posts\/139686","targetHints":{"allow":["GET"]}}],"collection":[{"href":"https:\/\/www.europesays.com\/fr\/wp-json\/wp\/v2\/posts"}],"about":[{"href":"https:\/\/www.europesays.com\/fr\/wp-json\/wp\/v2\/types\/post"}],"author":[{"embeddable":true,"href":"https:\/\/www.europesays.com\/fr\/wp-json\/wp\/v2\/users\/2"}],"replies":[{"embeddable":true,"href":"https:\/\/www.europesays.com\/fr\/wp-json\/wp\/v2\/comments?post=139686"}],"version-history":[{"count":0,"href":"https:\/\/www.europesays.com\/fr\/wp-json\/wp\/v2\/posts\/139686\/revisions"}],"wp:featuredmedia":[{"embeddable":true,"href":"https:\/\/www.europesays.com\/fr\/wp-json\/wp\/v2\/media\/139687"}],"wp:attachment":[{"href":"https:\/\/www.europesays.com\/fr\/wp-json\/wp\/v2\/media?parent=139686"}],"wp:term":[{"taxonomy":"category","embeddable":true,"href":"https:\/\/www.europesays.com\/fr\/wp-json\/wp\/v2\/categories?post=139686"},{"taxonomy":"post_tag","embeddable":true,"href":"https:\/\/www.europesays.com\/fr\/wp-json\/wp\/v2\/tags?post=139686"}],"curies":[{"name":"wp","href":"https:\/\/api.w.org\/{rel}","templated":true}]}}