{"id":139690,"date":"2025-05-30T16:59:10","date_gmt":"2025-05-30T16:59:10","guid":{"rendered":"https:\/\/www.europesays.com\/fr\/139690\/"},"modified":"2025-05-30T16:59:10","modified_gmt":"2025-05-30T16:59:10","slug":"la-russie-accuse-la-serbie-darmer-lukraine-et-de-poignarder-moscou-dans-le-dos","status":"publish","type":"post","link":"https:\/\/www.europesays.com\/fr\/139690\/","title":{"rendered":"La Russie accuse la Serbie d&rsquo;armer l&rsquo;Ukraine et de \u00ab\u00a0poignarder Moscou dans le dos\u00a0\u00bb"},"content":{"rendered":"<p>          Par\u00a0<a target=\"_blank\" rel=\"noopener nofollow\" href=\"https:\/\/twitter.com\/sashavakulina\">Sasha Vakulina<\/a><br \/>\n                                            &amp;\u00a0<b>Jean-Philippe LIABOT<\/b><\/p>\n<p>\n         Publi\u00e9 le<br \/>\n            30\/05\/2025 &#8211; 16:45 UTC+2<\/p>\n<p><img decoding=\"async\" class=\"c-ad__placeholder__logo\" src=\"https:\/\/www.europesays.com\/fr\/wp-content\/uploads\/2025\/03\/logo-euronews-grey-6-180x22.svg.svg+xml\" width=\"180\" height=\"22\" alt=\"\" loading=\"lazy\"\/>PUBLICIT\u00c9<\/p>\n<p>La Russie a accus\u00e9 la Serbie d&rsquo;exporter des armes vers l&rsquo;Ukraine, qualifiant cet acte de \u00ab\u00a0coup de poignard dans le dos\u00a0\u00bb de la part de l&rsquo;un de ses plus anciens alli\u00e9s europ\u00e9ens.<\/p>\n<p>Le Service russe de renseignement ext\u00e9rieur (SVR) a publi\u00e9 jeudi un communiqu\u00e9 affirmant que \u00ab\u00a0<strong>les entreprises de d\u00e9fense serbes, contrairement \u00e0 la \u00ab\u00a0neutralit\u00e9\u00a0\u00bb d\u00e9clar\u00e9e par la Belgrade officielle, continuent de fournir des munitions \u00e0 Kyiv<\/strong>\u00ab\u00a0.<\/p>\n<p>Le communiqu\u00e9 affirme que les exportations d&rsquo;armes serbes vers l&rsquo;Ukraine passent par des interm\u00e9diaires de l&rsquo;OTAN, \u00ab\u00a0principalement la R\u00e9publique tch\u00e8que, la Pologne et la Bulgarie\u00a0\u00bb.<\/p>\n<p>\u00ab\u00a0R\u00e9cemment, des options exotiques impliquant des \u00c9tats africains ont \u00e9galement \u00e9t\u00e9 utilis\u00e9es \u00e0 cette fin\u00a0\u00bb, a ajout\u00e9 le SVR.<\/p>\n<p>Le pr\u00e9sident serbe <strong>Aleksandar Vu\u010di\u0107<\/strong> a d\u00e9menti ces accusations vendredi, affirmant que si le contrat avec la R\u00e9publique tch\u00e8que existe bien, il ne permet pas d&rsquo;exporter le mat\u00e9riel vers un autre pays.<\/p>\n<p>\u00ab\u00a0Par exemple, ils disent \u00e0 juste titre qu&rsquo;il existe un contrat avec la R\u00e9publique tch\u00e8que. Mais aucune autorisation n&rsquo;a \u00e9t\u00e9 donn\u00e9e, et aucune (munition) n&rsquo;a \u00e9t\u00e9 livr\u00e9e \u00e0 l&rsquo;Ukraine\u00a0\u00bb, a d\u00e9clar\u00e9 Aleksandar Vu\u010di\u0107 \u00e0 la cha\u00eene publique serbe RTS.<\/p>\n<p>Il a ajout\u00e9 qu&rsquo;il avait d\u00e9j\u00e0 discut\u00e9 de la question des exportations d&rsquo;armes vers l&rsquo;Ukraine avec le pr\u00e9sident russe Vladimir Poutine r\u00e9cemment et qu&rsquo;il avait \u00e9t\u00e9 convenu que Moscou et Belgrade cr\u00e9eraient un \u00ab\u00a0groupe de travail\u00a0\u00bb pour \u00e9tablir comment les armes fabriqu\u00e9es en Serbie sont arriv\u00e9es en Ukraine.<\/p>\n<p><strong>Moscou d\u00e9nonce les \u00ab\u00a0actions anti-russes\u00a0\u00bb<\/strong><\/p>\n<p>Ce n&rsquo;est pas la premi\u00e8re fois que Vu\u010di\u0107 doit r\u00e9pondre \u00e0 des affirmations similaires.<\/p>\n<p>Le Financial Times a rapport\u00e9 en juin 2024 que des munitions serbes d&rsquo;une valeur de 750 millions d&rsquo;euros ont fait indirectement leur chemin vers l&rsquo;Ukraine.<\/p>\n<p>En mars, Belgrade a ni\u00e9 avoir export\u00e9 des armes vers Kyiv apr\u00e8s que Moscou a exig\u00e9 de savoir si elle avait livr\u00e9 des milliers de roquettes pour la d\u00e9fense de l&rsquo;Ukraine contre l&rsquo;invasion totale de la Russie.<\/p>\n<p>La pr\u00e9sence d&rsquo;armes serbes en Ukraine, principalement des munitions de calibre sovi\u00e9tique adopt\u00e9es comme norme et fabriqu\u00e9es dans l&rsquo;ex-Yougoslavie, est discut\u00e9e publiquement depuis 2023, mais on ne sait pas exactement pourquoi le service de s\u00e9curit\u00e9 ext\u00e9rieure russe n&rsquo;a d\u00e9cid\u00e9 de r\u00e9agir qu&rsquo;aujourd&rsquo;hui.<\/p>\n<p>Le SVR a affirm\u00e9 que les ventes d&rsquo;armes \u00e9taient effectu\u00e9es par le biais d&rsquo;un \u00ab\u00a0syst\u00e8me simple utilisant de faux certificats d&rsquo;utilisateur final et de faux pays interm\u00e9diaires\u00a0\u00bb servant de \u00ab\u00a0<strong>couverture \u00e0 des actions antirusses<\/strong>\u00ab\u00a0.<\/p>\n<p>Les accusations \u00e9manant de Moscou vont encore plus loin : \u00ab\u00a0la contribution des travailleurs de l&rsquo;industrie de la d\u00e9fense serbe \u00e0 la guerre d\u00e9clench\u00e9e par l&rsquo;Occident, dont l&rsquo;Europe voudrait voir l&rsquo;issue comme une \u00ab\u00a0d\u00e9faite strat\u00e9gique\u00a0\u00bb de la Russie, s&rsquo;\u00e9l\u00e8ve \u00e0 des <strong>centaines de milliers d&rsquo;obus [&#8230;] ainsi qu&rsquo;\u00e0 un million de munitions<\/strong> pour armes l\u00e9g\u00e8res\u00a0\u00bb.<\/p>\n<p>\u00ab\u00a0Il semble que le d\u00e9sir des travailleurs de l&rsquo;industrie de la d\u00e9fense serbe et de leurs m\u00e9c\u00e8nes de profiter du sang des peuples slaves fraternels leur ait fait compl\u00e8tement oublier qui sont leurs vrais amis et qui sont leurs ennemis\u00a0\u00bb, indique le communiqu\u00e9.<\/p>\n<p>Aleksandar Vu\u010di\u0107 a d\u00e9clar\u00e9 que les attaques de l&rsquo;Est et de l&rsquo;Ouest contre la Serbie sont \u00ab\u00a0fr\u00e9quentes\u00a0\u00bb parce que Belgrade \u00ab\u00a0m\u00e8ne des politiques autonomes et ind\u00e9pendantes\u00a0\u00bb.<\/p>\n<p>La Serbie est l&rsquo;un des pays des Balkans occidentaux consid\u00e9r\u00e9s comme un candidat majeur <strong>\u00e0 l&rsquo;adh\u00e9sion \u00e0 l&rsquo;UE<\/strong>. Dans le m\u00eame temps, Vu\u010di\u0107 a maintenu des liens \u00e9troits avec la Russie, y compris apr\u00e8s l&rsquo;invasion \u00e0 grande \u00e9chelle de l&rsquo;Ukraine par Moscou.<\/p>\n<p>Il faisait partie d&rsquo;une poign\u00e9e de dirigeants europ\u00e9ens \u00e0 assister au d\u00e9fil\u00e9 du Jour de la Victoire de Poutine \u00e0 Moscou le 9 mai, une d\u00e9cision que Vu\u010di\u0107 a d\u00e9fendue en disant qu&rsquo;il \u00e9tait l\u00e0 pour c\u00e9l\u00e9brer la participation de la Serbie \u00e0 la lib\u00e9ration du continent du fascisme lors de la Seconde Guerre mondiale.<\/p>\n<p>La Serbie a \u00e9galement refus\u00e9 de se joindre aux sanctions occidentales contre la Russie et n&rsquo;a pas soutenu la plupart des d\u00e9clarations de l&rsquo;UE condamnant l&rsquo;invasion massive de Moscou, bien qu&rsquo;elle ait vot\u00e9 en faveur de sa condamnation \u00e0 l&rsquo;ONU.<\/p>\n<p>Sources additionnelles<strong> \u2022 AP<\/strong><\/p>\n<p><script async src=\"https:\/\/platform.twitter.com\/widgets.js\" charset=\"utf-8\"><\/script><\/p>\n","protected":false},"excerpt":{"rendered":"Par\u00a0Sasha Vakulina &amp;\u00a0Jean-Philippe LIABOT Publi\u00e9 le 30\/05\/2025 &#8211; 16:45 UTC+2 PUBLICIT\u00c9 La Russie a accus\u00e9 la Serbie d&rsquo;exporter&hellip;\n","protected":false},"author":2,"featured_media":139691,"comment_status":"","ping_status":"","sticky":false,"template":"","format":"standard","meta":{"footnotes":""},"categories":[1590],"tags":[11,1777,674,131,2025,12,3329,220],"class_list":{"0":"post-139690","1":"post","2":"type-post","3":"status-publish","4":"format-standard","5":"has-post-thumbnail","7":"category-ukraine","8":"tag-actualites","9":"tag-eu","10":"tag-europe","11":"tag-guerre-en-ukraine","12":"tag-invasion-de-la-russie-en-ukraine","13":"tag-news","14":"tag-serbie","15":"tag-ukraine"},"share_on_mastodon":{"url":"https:\/\/pubeurope.com\/@fr\/114597852871451682","error":""},"_links":{"self":[{"href":"https:\/\/www.europesays.com\/fr\/wp-json\/wp\/v2\/posts\/139690","targetHints":{"allow":["GET"]}}],"collection":[{"href":"https:\/\/www.europesays.com\/fr\/wp-json\/wp\/v2\/posts"}],"about":[{"href":"https:\/\/www.europesays.com\/fr\/wp-json\/wp\/v2\/types\/post"}],"author":[{"embeddable":true,"href":"https:\/\/www.europesays.com\/fr\/wp-json\/wp\/v2\/users\/2"}],"replies":[{"embeddable":true,"href":"https:\/\/www.europesays.com\/fr\/wp-json\/wp\/v2\/comments?post=139690"}],"version-history":[{"count":0,"href":"https:\/\/www.europesays.com\/fr\/wp-json\/wp\/v2\/posts\/139690\/revisions"}],"wp:featuredmedia":[{"embeddable":true,"href":"https:\/\/www.europesays.com\/fr\/wp-json\/wp\/v2\/media\/139691"}],"wp:attachment":[{"href":"https:\/\/www.europesays.com\/fr\/wp-json\/wp\/v2\/media?parent=139690"}],"wp:term":[{"taxonomy":"category","embeddable":true,"href":"https:\/\/www.europesays.com\/fr\/wp-json\/wp\/v2\/categories?post=139690"},{"taxonomy":"post_tag","embeddable":true,"href":"https:\/\/www.europesays.com\/fr\/wp-json\/wp\/v2\/tags?post=139690"}],"curies":[{"name":"wp","href":"https:\/\/api.w.org\/{rel}","templated":true}]}}