{"id":139692,"date":"2025-05-30T17:00:13","date_gmt":"2025-05-30T17:00:13","guid":{"rendered":"https:\/\/www.europesays.com\/fr\/139692\/"},"modified":"2025-05-30T17:00:13","modified_gmt":"2025-05-30T17:00:13","slug":"usa-la-cour-supreme-autorise-trump-a-revoquer-le-statut-de-parole-pour-les-migrants-30-05-2025-a-1800","status":"publish","type":"post","link":"https:\/\/www.europesays.com\/fr\/139692\/","title":{"rendered":"USA-La Cour supr\u00eame autorise Trump \u00e0 r\u00e9voquer le statut de \u00ab\u00a0parole\u00a0\u00bb pour les migrants &#8211; 30\/05\/2025 \u00e0 18:00"},"content":{"rendered":"<p>\n par Andrew Chung\n<\/p>\n<p>\n La Cour supr\u00eame des \u00c9tats-Unis a<br \/>\nautoris\u00e9 vendredi l&rsquo;administration du pr\u00e9sident Donald Trump \u00e0<br \/>\nr\u00e9voquer le statut juridique temporaire de centaines de milliers<br \/>\nde migrants v\u00e9n\u00e9zu\u00e9liens, cubains, ha\u00eftiens et nicaraguayens<br \/>\nr\u00e9sidant sur le territoire am\u00e9ricain.\n<\/p>\n<p>\n L&rsquo;instance a suspendu l&rsquo;ordonnance de la juge de district<br \/>\nIndira Talwani, qui mettait fin \u00e0 la d\u00e9marche de<br \/>\nl&rsquo;administration Trump de supprimer le \u00ab\u00a0parole\u00a0\u00bb humanitaire, un<br \/>\nprogramme qui permettait aux migrants de Cuba, d&rsquo;Ha\u00efti, du<br \/>\nNicaragua et du Venezuela d&rsquo;entrer l\u00e9galement aux \u00c9tats-Unis<br \/>\nsous certaines conditions, avec un permis temporaire pour<br \/>\nr\u00e9sider et travailler.\n<\/p>\n<p>\n Quelque 532.000 migrants concern\u00e9s par ce programme, lanc\u00e9<br \/>\npar le pr\u00e9d\u00e9cesseur de Donald Trump, Joe Biden, sont ainsi<br \/>\nmenac\u00e9s d&rsquo;expulsion le temps que le dossier soit examin\u00e9 par des<br \/>\njuridictions inf\u00e9rieures.\n<\/p>\n<p>\n Donald Trump avait sign\u00e9 un d\u00e9cret pour mettre fin au<br \/>\nprogramme le 20 janvier, le premier jour de son second mandat<br \/>\npr\u00e9sidentiel.\n<\/p>\n<p>\n Comme c&rsquo;est souvent le cas pour les ordonnances rendues en<br \/>\nurgence par la Cour, la d\u00e9cision n&rsquo;a pas \u00e9t\u00e9 sign\u00e9e et n&rsquo;a pas<br \/>\n\u00e9t\u00e9 motiv\u00e9e.\n<\/p>\n<p>\n Selon Ketanji Brown Jackson, juge de la Cour supr\u00eame hostile<br \/>\n\u00e0 la d\u00e9cision, la d\u00e9cision du tribunal \u00ab\u00a0sous-estime les<br \/>\ncons\u00e9quences d\u00e9vastatrices de permettre au gouvernement de<br \/>\nbouleverser pr\u00e9cipitamment la vie et les moyens de subsistance<br \/>\nde pr\u00e8s d&rsquo;un demi-million de non-citoyens alors que leurs<br \/>\ndemandes l\u00e9gales sont en cours d&rsquo;examen\u00a0\u00bb.\n<\/p>\n<p>\n (R\u00e9dig\u00e9 par Andrew Chung \u00e0 New York ; avec Nate Raymond ;<br \/>\nversion fran\u00e7aise Etienne Breban ; \u00e9dit\u00e9 par Sophie Louet)<\/p>\n","protected":false},"excerpt":{"rendered":"par Andrew Chung La Cour supr\u00eame des \u00c9tats-Unis a autoris\u00e9 vendredi l&rsquo;administration du pr\u00e9sident Donald Trump \u00e0 r\u00e9voquer&hellip;\n","protected":false},"author":2,"featured_media":2486,"comment_status":"","ping_status":"","sticky":false,"template":"","format":"standard","meta":{"footnotes":""},"categories":[1589],"tags":[400,11,398,408,405,73,1866,403,402,399,404,12,401,406,1864,1865,1863,308,407],"class_list":{"0":"post-139692","1":"post","2":"type-post","3":"status-publish","4":"format-standard","5":"has-post-thumbnail","7":"category-etats-unis","8":"tag-action-cac-40","9":"tag-actualites","10":"tag-bourse-de-paris","11":"tag-boursorama","12":"tag-cotations","13":"tag-etats-unis","14":"tag-etats-unis-damerique","15":"tag-indices-devises","16":"tag-investir","17":"tag-investissement","18":"tag-marche-boursier","19":"tag-news","20":"tag-sicav","21":"tag-trackers","22":"tag-united-states","23":"tag-united-states-of-america","24":"tag-us","25":"tag-usa","26":"tag-warrants"},"share_on_mastodon":{"url":"https:\/\/pubeurope.com\/@fr\/114597856793707824","error":""},"_links":{"self":[{"href":"https:\/\/www.europesays.com\/fr\/wp-json\/wp\/v2\/posts\/139692","targetHints":{"allow":["GET"]}}],"collection":[{"href":"https:\/\/www.europesays.com\/fr\/wp-json\/wp\/v2\/posts"}],"about":[{"href":"https:\/\/www.europesays.com\/fr\/wp-json\/wp\/v2\/types\/post"}],"author":[{"embeddable":true,"href":"https:\/\/www.europesays.com\/fr\/wp-json\/wp\/v2\/users\/2"}],"replies":[{"embeddable":true,"href":"https:\/\/www.europesays.com\/fr\/wp-json\/wp\/v2\/comments?post=139692"}],"version-history":[{"count":0,"href":"https:\/\/www.europesays.com\/fr\/wp-json\/wp\/v2\/posts\/139692\/revisions"}],"wp:featuredmedia":[{"embeddable":true,"href":"https:\/\/www.europesays.com\/fr\/wp-json\/wp\/v2\/media\/2486"}],"wp:attachment":[{"href":"https:\/\/www.europesays.com\/fr\/wp-json\/wp\/v2\/media?parent=139692"}],"wp:term":[{"taxonomy":"category","embeddable":true,"href":"https:\/\/www.europesays.com\/fr\/wp-json\/wp\/v2\/categories?post=139692"},{"taxonomy":"post_tag","embeddable":true,"href":"https:\/\/www.europesays.com\/fr\/wp-json\/wp\/v2\/tags?post=139692"}],"curies":[{"name":"wp","href":"https:\/\/api.w.org\/{rel}","templated":true}]}}