{"id":13972,"date":"2025-04-10T01:50:17","date_gmt":"2025-04-10T01:50:17","guid":{"rendered":"https:\/\/www.europesays.com\/fr\/13972\/"},"modified":"2025-04-10T01:50:17","modified_gmt":"2025-04-10T01:50:17","slug":"deja-condamnee-pour-propos-antisemites-linfluenceuse-warda-a-refait-parler-delle-en-justice","status":"publish","type":"post","link":"https:\/\/www.europesays.com\/fr\/13972\/","title":{"rendered":"d\u00e9j\u00e0 condamn\u00e9e pour propos antis\u00e9mites, l&rsquo;influenceuse Warda A. refait parler d&rsquo;elle en justice"},"content":{"rendered":"<p>            Par<br \/>\n        <strong><br \/>\n            <a href=\"https:\/\/actu.fr\/auteur\/redaction-paris\" title=\"Consulter tous les articles de R\u00e9daction Paris\" target=\"_blank\" rel=\"noopener\">R\u00e9daction Paris<\/a><br \/>\n        <\/strong><\/p>\n<p>        Publi\u00e9 le<\/p>\n<p>            8 avr. 2025 \u00e0 17h11        <\/p>\n<p>Elle n\u2019a visiblement pas retenu la le\u00e7on. <strong>Warda A.<\/strong>, influenceuse \u2013 d\u00e9j\u00e0 condamn\u00e9e en France apr\u00e8s des <a href=\"https:\/\/actu.fr\/ile-de-france\/paris_75056\/blagues-sur-les-bebes-israeliens-mis-dans-des-fours-10-mois-de-prison-requis-contre-l-influenceuse_60365800.html\" target=\"_blank\" rel=\"noopener\">propos ironisant sur le r\u00e9cit de la mort d\u2019un b\u00e9b\u00e9 isra\u00e9lien<\/a> lors des attaques du 7\u00a0octobre 2023 \u2013 a \u00e9cop\u00e9 ce mardi 8\u00a0avril 2025 de cinq mois de prison avec sursis pour provocation \u00e0 la haine envers la communaut\u00e9 juive.<\/p>\n<p class=\" wall-content\">Ses vid\u00e9os ont fait l\u2019objet de nombreux signalements aupr\u00e8s des autorit\u00e9s, notamment en raison de l\u2019une d\u2019elles, dans laquelle elle ironisait au sujet du r\u00e9cit, rapport\u00e9 par un secouriste isra\u00e9lien mais non confirm\u00e9 par les autorit\u00e9s, selon laquelle un b\u00e9b\u00e9 aurait \u00e9t\u00e9 plac\u00e9 dans un four par des membres du <a href=\"https:\/\/actu.fr\/tag\/hamas\" target=\"_blank\" rel=\"noopener\">Hamas<\/a>, lui a valu 10\u00a0mois de prison avec sursis pour <strong>apologie du terrorisme<\/strong>. Son avocate avait annonc\u00e9 qu\u2019elle ferait appel.<\/p>\n<p class=\" wall-content\">La trentenaire, pr\u00e9sent\u00e9e comme influenceuse et mannequin, avait en outre \u00e9t\u00e9 poursuivie pour <strong>incitation \u00e0 la haine<\/strong> pour d\u2019autres propos, issus d\u2019une vid\u00e9o dans laquelle elle commentait la prise d\u2019assaut d\u2019un a\u00e9roport du Daghestan par une foule hostile \u00e0 Isra\u00ebl, et une autre, dans laquelle elle \u00e9voquait son propre placement en garde \u00e0 vue.<\/p>\n<p class=\" wall-content\">Le <strong>tribunal correctionnel de Paris<\/strong> a soulign\u00e9 mardi que la pr\u00e9venue y reprenait des \u00ab\u2009poncifs antis\u00e9mites\u2009\u00bb et visait \u00ab\u2009en r\u00e9alit\u00e9 \u00e0 travers le terme\u2009\u00bb sionistes \u00ab\u2009les personnes de confession juive\u2009\u00bb.<\/p>\n<p class=\" wall-content\">Pour le magist\u00e8re public, ses propos \u00ab\u2009constituent une <strong>exhortation directe \u00e0 la haine<\/strong> ou \u00e0 la violence envers un groupe entier de personnes\u2009\u00bb, \u00ab\u2009vis\u00e9es ici en raison de leur religion, essentialis\u00e9es et stigmatis\u00e9es\u2009\u00bb.<\/p>\n<p>Vid\u00e9os : en ce moment sur Actu<\/p>\n<p class=\" wall-content\">Pour motiver sa d\u00e9cision, le tribunal souligne que les commentaires \u00ab\u2009valorisant et l\u00e9gitimant\u2009\u00bb une \u00ab\u2009traque men\u00e9e par une foule visant des personnes de confession juive\u2009\u00bb, \u00ab\u2009\u00e9taient d\u2019autant plus dangereux qu\u2019ils s\u2019inscrivaient dans un <strong>contexte social d\u2019exacerbation<\/strong> <strong>des tensions<\/strong>, un mois apr\u00e8s les \u00e9v\u00e9nements du 7\u00a0octobre 2023, et pouvaient d\u00e8s lors avoir des cons\u00e9quences particuli\u00e8rement graves en incitant \u00e0 des passages \u00e0 l\u2019acte violents\u2009\u00bb.<\/p>\n<p class=\" wall-content\">La pr\u00e9venue a en outre \u00e9t\u00e9 condamn\u00e9e \u00e0 verser <strong>1\u2009000\u00a0euros de dommages et int\u00e9r\u00eats<\/strong> \u00e0 chacune des sept associations parties civiles, ainsi que 500\u00a0euros chacune au titre des frais de justice.<\/p>\n<p class=\" wall-content\">Avec AFP.<\/p>\n<p class=\" wall-content\">Suivez toute l\u2019actualit\u00e9 de vos villes et m\u00e9dias favoris en vous inscrivant \u00e0 <a href=\"https:\/\/moncompte.actu.fr\" title=\"D\u00e9couvez Mon Actu\" rel=\"nofollow noopener\" data-trk=\"{&quot;cta&quot;:{&quot;action&quot;:&quot;https:\\\/\\\/moncompte.actu.fr&quot;,&quot;category&quot;:&quot;mon compte&quot;,&quot;from&quot;:&quot;article footer&quot;,&quot;name&quot;:&quot;Mon actu&quot;,&quot;type&quot;:&quot;cta&quot;}}\" target=\"_blank\">Mon Actu<\/a>.<\/p>\n","protected":false},"excerpt":{"rendered":"Par R\u00e9daction Paris Publi\u00e9 le 8 avr. 2025 \u00e0 17h11 Elle n\u2019a visiblement pas retenu la le\u00e7on. Warda&hellip;\n","protected":false},"author":2,"featured_media":13973,"comment_status":"","ping_status":"","sticky":false,"template":"","format":"standard","meta":{"footnotes":""},"categories":[1888],"tags":[11,6155,1777,674,118,1011,27,3519,12,626,25],"class_list":{"0":"post-13972","1":"post","2":"type-post","3":"status-publish","4":"format-standard","5":"has-post-thumbnail","7":"category-paris","8":"tag-actualites","9":"tag-antisemitisme","10":"tag-eu","11":"tag-europe","12":"tag-faits-divers","13":"tag-fr","14":"tag-france","15":"tag-hamas","16":"tag-news","17":"tag-paris","18":"tag-republique-francaise"},"share_on_mastodon":{"url":"https:\/\/pubeurope.com\/@fr\/114311162983084969","error":""},"_links":{"self":[{"href":"https:\/\/www.europesays.com\/fr\/wp-json\/wp\/v2\/posts\/13972","targetHints":{"allow":["GET"]}}],"collection":[{"href":"https:\/\/www.europesays.com\/fr\/wp-json\/wp\/v2\/posts"}],"about":[{"href":"https:\/\/www.europesays.com\/fr\/wp-json\/wp\/v2\/types\/post"}],"author":[{"embeddable":true,"href":"https:\/\/www.europesays.com\/fr\/wp-json\/wp\/v2\/users\/2"}],"replies":[{"embeddable":true,"href":"https:\/\/www.europesays.com\/fr\/wp-json\/wp\/v2\/comments?post=13972"}],"version-history":[{"count":0,"href":"https:\/\/www.europesays.com\/fr\/wp-json\/wp\/v2\/posts\/13972\/revisions"}],"wp:featuredmedia":[{"embeddable":true,"href":"https:\/\/www.europesays.com\/fr\/wp-json\/wp\/v2\/media\/13973"}],"wp:attachment":[{"href":"https:\/\/www.europesays.com\/fr\/wp-json\/wp\/v2\/media?parent=13972"}],"wp:term":[{"taxonomy":"category","embeddable":true,"href":"https:\/\/www.europesays.com\/fr\/wp-json\/wp\/v2\/categories?post=13972"},{"taxonomy":"post_tag","embeddable":true,"href":"https:\/\/www.europesays.com\/fr\/wp-json\/wp\/v2\/tags?post=13972"}],"curies":[{"name":"wp","href":"https:\/\/api.w.org\/{rel}","templated":true}]}}