{"id":139721,"date":"2025-05-30T17:18:13","date_gmt":"2025-05-30T17:18:13","guid":{"rendered":"https:\/\/www.europesays.com\/fr\/139721\/"},"modified":"2025-05-30T17:18:13","modified_gmt":"2025-05-30T17:18:13","slug":"quel-avenir-pour-les-peintres-du-port-de-saint-tropez","status":"publish","type":"post","link":"https:\/\/www.europesays.com\/fr\/139721\/","title":{"rendered":"Quel avenir pour les peintres du port de Saint-Tropez?"},"content":{"rendered":"<p>              <img ci-src=\"https:\/\/www.varmatin.com\/vie-locale\/protec\/DATA_ART_15612126-f1JZzSEM.jpg?vh=f386e1&amp;ci_seal=7b89f2318b\" alt=\"\"\/><br \/>\n        Vincent d\u2019Arves est ravi de commencer cette nouvelle exp\u00e9rience. <strong>Photo A. J..<\/strong> <\/p>\n<p>Munis d\u2019un pinceau, d\u2019un couteau, d\u2019une spatule ou simplement de leurs doigts, ils magnifient les paysages de la cit\u00e9 depuis plusieurs d\u00e9cennies. \u00c9parpill\u00e9s majoritairement entre le quai Hippolyte Bouchard et Gabriel P\u00e9ri, les peintres du port s\u2019int\u00e8grent parfaitement dans le d\u00e9cor trop\u00e9zien. Mais depuis quelques ann\u00e9es, plusieurs d\u2019entre eux ont d\u00e9sert\u00e9 leur emplacement.<\/p>\n<p>\u00ab\u00a0Nous sommes une esp\u00e8ce en voie de disparition\u00a0\u00bb, ironise Stana Micic. Plus connue sous le nom de Cica, cette professionnelle originaire de Serbie est instantan\u00e9ment tomb\u00e9e sous le charme des porsches rutilantes et de la lumi\u00e8re projet\u00e9e sur les fa\u00e7ades trop\u00e9ziennes au coucher du soleil.<\/p>\n<p>Un contraste flagrant<\/p>\n<p>\u00ab\u00a0Mon p\u00e8re exposait d\u00e9j\u00e0 avant moi. J\u2019y suis depuis 27 ans et nous \u00e9tions beaucoup plus nombreux \u00e0 l\u2019\u00e9poque. Aujourd\u2019hui, c\u2019est tr\u00e8s compliqu\u00e9 de pouvoir vivre de ce m\u00e9tier. Entre le prix de la place, les autres charges, le mat\u00e9riel&#8230; nous avons beaucoup de d\u00e9penses alors que nous travaillons moins. Avant, il y avait un v\u00e9ritable engouement r\u00e9parti sur l\u2019int\u00e9gralit\u00e9 de la saison. D\u00e9sormais, ce sont seulement les plus anciens qui continuent de r\u00e9sister\u00a0\u00bb, \u00e9value-t-elle.<\/p>\n<p>Pour cette saison, un seul nouveau a investi les lieux: Vincent d\u2019Arves. Ce passionn\u00e9 d\u2019art contemporain se r\u00e9jouit d\u00e9j\u00e0 de relever ce d\u00e9fi. \u00ab\u00a0J\u2019ai expos\u00e9 dans de nombreux endroits en Europe mais aussi aux tats-Unis. Depuis une dizaine d\u2019ann\u00e9es, j\u2019ai un atelier \u00e0 la route des plages et c\u2019est une immense chance de pouvoir pr\u00e9senter mes \u0153uvres ici. J\u2019ai \u00e9t\u00e9 tr\u00e8s bien accueilli par mes confr\u00e8res et j\u2019esp\u00e8re avoir une aussi belle long\u00e9vit\u00e9 qu\u2019eux!\u00a0\u00bb, sourit-il.<\/p>\n<p>Tarification unique<\/p>\n<p>Pour tenter de maintenir au mieux cette activit\u00e9, la municipalit\u00e9 a r\u00e9actualis\u00e9, depuis le 1er janvier 2025, la tarification d\u2019occupation du domaine public en fixant le prix du m\u00e8tre lin\u00e9aire \u00e0 1.000 euros par an. Deuxi\u00e8me modification, le tarif est unique compar\u00e9 au pr\u00e9c\u00e9dent qui \u00e9tait diff\u00e9rentiel.<\/p>\n<p>La maire avait sommairement expliqu\u00e9 ce choix, en d\u00e9cembre, lors du dernier conseil municipal de l\u2019ann\u00e9e 2024: \u00ab\u00a0Nous baissons les tarifs parce qu\u2019ils sont de moins en moins et que nous ne souhaitons pas qu\u2019ils disparaissent. Ils participent au charme de cet endroit et sont pr\u00e9sents toute la journ\u00e9e. Avant, il fallait vraiment r\u00e9glementer, maintenant tout est diff\u00e9rent et nous sommes d\u00e9sormais dans le confortement de cette activit\u00e9.\u00a0\u00bb<\/p>\n","protected":false},"excerpt":{"rendered":"Vincent d\u2019Arves est ravi de commencer cette nouvelle exp\u00e9rience. Photo A. J.. Munis d\u2019un pinceau, d\u2019un couteau, d\u2019une&hellip;\n","protected":false},"author":2,"featured_media":139722,"comment_status":"","ping_status":"","sticky":false,"template":"","format":"standard","meta":{"footnotes":""},"categories":[1358],"tags":[1348,1384,1385,1386,58,59,1011,27,3366],"class_list":{"0":"post-139721","1":"post","2":"type-post","3":"status-publish","4":"format-standard","5":"has-post-thumbnail","7":"category-arts-et-design","8":"tag-arts","9":"tag-arts-and-design","10":"tag-arts-et-design","11":"tag-design","12":"tag-divertissement","13":"tag-entertainment","14":"tag-fr","15":"tag-france","16":"tag-vie-locale"},"share_on_mastodon":{"url":"https:\/\/pubeurope.com\/@fr\/114597927503221617","error":""},"_links":{"self":[{"href":"https:\/\/www.europesays.com\/fr\/wp-json\/wp\/v2\/posts\/139721","targetHints":{"allow":["GET"]}}],"collection":[{"href":"https:\/\/www.europesays.com\/fr\/wp-json\/wp\/v2\/posts"}],"about":[{"href":"https:\/\/www.europesays.com\/fr\/wp-json\/wp\/v2\/types\/post"}],"author":[{"embeddable":true,"href":"https:\/\/www.europesays.com\/fr\/wp-json\/wp\/v2\/users\/2"}],"replies":[{"embeddable":true,"href":"https:\/\/www.europesays.com\/fr\/wp-json\/wp\/v2\/comments?post=139721"}],"version-history":[{"count":0,"href":"https:\/\/www.europesays.com\/fr\/wp-json\/wp\/v2\/posts\/139721\/revisions"}],"wp:featuredmedia":[{"embeddable":true,"href":"https:\/\/www.europesays.com\/fr\/wp-json\/wp\/v2\/media\/139722"}],"wp:attachment":[{"href":"https:\/\/www.europesays.com\/fr\/wp-json\/wp\/v2\/media?parent=139721"}],"wp:term":[{"taxonomy":"category","embeddable":true,"href":"https:\/\/www.europesays.com\/fr\/wp-json\/wp\/v2\/categories?post=139721"},{"taxonomy":"post_tag","embeddable":true,"href":"https:\/\/www.europesays.com\/fr\/wp-json\/wp\/v2\/tags?post=139721"}],"curies":[{"name":"wp","href":"https:\/\/api.w.org\/{rel}","templated":true}]}}