{"id":139725,"date":"2025-05-30T17:20:10","date_gmt":"2025-05-30T17:20:10","guid":{"rendered":"https:\/\/www.europesays.com\/fr\/139725\/"},"modified":"2025-05-30T17:20:10","modified_gmt":"2025-05-30T17:20:10","slug":"familles-nombreuses-la-vie-en-xxl-saison-09-episode-88-partie-1-du-30-mai-2025-familles-nombreuses-la-vie-en-xxl","status":"publish","type":"post","link":"https:\/\/www.europesays.com\/fr\/139725\/","title":{"rendered":"Familles nombreuses : la vie en XXL &#8211; Saison 09 Episode 88 (Partie 1) du 30 mai 2025 &#8211; Familles nombreuses : la vie en XXL"},"content":{"rendered":"<p id=\"descriptionPanel\" aria-labelledby=\"descriptionArrow\" aria-expanded=\"false\" class=\"mr-2 line-clamp-2 pr-2.5 text-secondary overflow-visible\">Chez les Gonzalez, Margot va recevoir les r\u00e9sultats de son brevet des coll\u00e8ges. Elle est stress\u00e9e de d\u00e9couvrir les r\u00e9sultats mais elle a beaucoup travaill\u00e9 pour l&rsquo;obtenir. Et elle a sa m\u00e8re pour la soutenir. Pendant que Margot cherche ses r\u00e9sultats, faites la connaissance de la famille Perside ! Marl\u00e8ne et Olivier sont les parents de 6 enfants : Ziggy 12 ans, Malone 10 ans, Pippa 8 ans, P\u00e9gase 7 ans, Mikym 3 ans et T\u00e9l\u00e9maque 2 ans. C&rsquo;est une famille nombreuse \u00e9coresponsable. La famille Laforce s&rsquo;est agrandi ! La chienne de la famille a mis bas ! Ils ont maintenant 8 petits chiots \u00e0 la maison. Familles nombreuses : la vie en XXL. Saison 09 \u00c9pisode 88 partie 1<\/p>\n<p><a class=\"shrink-0\" href=\"https:\/\/www.tf1.fr\/tf1\/les-familles-nombreuses-la-vie-en-xxl\" target=\"_blank\" rel=\"noopener\"><img decoding=\"async\" src=\"https:\/\/www.europesays.com\/fr\/wp-content\/uploads\/2025\/05\/program-card-portrait-1-famille-cail-47d1ff-839bf9-0@1x.jpg\" width=\"138\" height=\"184\" alt=\"\" loading=\"eager\" fetchpriority=\"auto\" class=\"aspect-[3\/4] h-24 w-auto rounded-3px\" aria-hidden=\"true\"\/><\/a><\/p>\n","protected":false},"excerpt":{"rendered":"Chez les Gonzalez, Margot va recevoir les r\u00e9sultats de son brevet des coll\u00e8ges. Elle est stress\u00e9e de d\u00e9couvrir&hellip;\n","protected":false},"author":2,"featured_media":139726,"comment_status":"","ping_status":"","sticky":false,"template":"","format":"standard","meta":{"footnotes":""},"categories":[1356],"tags":[58,59,1365,21484,4980,21485,1011,27,6163,252,1364,21487,21486],"class_list":{"0":"post-139725","1":"post","2":"type-post","3":"status-publish","4":"format-standard","5":"has-post-thumbnail","7":"category-television","8":"tag-divertissement","9":"tag-entertainment","10":"tag-episode","11":"tag-episode-familles-nombreuses-la-vie-en-xxl","12":"tag-familles-nombreuses-la-vie-en-xxl","13":"tag-familles-nombreuses-la-vie-en-xxl-episode","14":"tag-fr","15":"tag-france","16":"tag-streaming-familles-nombreuses-la-vie-en-xxl","17":"tag-television","18":"tag-tv","19":"tag-video-en-streaming-familles-nombreuses-la-vie-en-xxl","20":"tag-video-familles-nombreuses-la-vie-en-xxl"},"share_on_mastodon":{"url":"https:\/\/pubeurope.com\/@fr\/114597935420713413","error":""},"_links":{"self":[{"href":"https:\/\/www.europesays.com\/fr\/wp-json\/wp\/v2\/posts\/139725","targetHints":{"allow":["GET"]}}],"collection":[{"href":"https:\/\/www.europesays.com\/fr\/wp-json\/wp\/v2\/posts"}],"about":[{"href":"https:\/\/www.europesays.com\/fr\/wp-json\/wp\/v2\/types\/post"}],"author":[{"embeddable":true,"href":"https:\/\/www.europesays.com\/fr\/wp-json\/wp\/v2\/users\/2"}],"replies":[{"embeddable":true,"href":"https:\/\/www.europesays.com\/fr\/wp-json\/wp\/v2\/comments?post=139725"}],"version-history":[{"count":0,"href":"https:\/\/www.europesays.com\/fr\/wp-json\/wp\/v2\/posts\/139725\/revisions"}],"wp:featuredmedia":[{"embeddable":true,"href":"https:\/\/www.europesays.com\/fr\/wp-json\/wp\/v2\/media\/139726"}],"wp:attachment":[{"href":"https:\/\/www.europesays.com\/fr\/wp-json\/wp\/v2\/media?parent=139725"}],"wp:term":[{"taxonomy":"category","embeddable":true,"href":"https:\/\/www.europesays.com\/fr\/wp-json\/wp\/v2\/categories?post=139725"},{"taxonomy":"post_tag","embeddable":true,"href":"https:\/\/www.europesays.com\/fr\/wp-json\/wp\/v2\/tags?post=139725"}],"curies":[{"name":"wp","href":"https:\/\/api.w.org\/{rel}","templated":true}]}}