{"id":139734,"date":"2025-05-30T17:25:09","date_gmt":"2025-05-30T17:25:09","guid":{"rendered":"https:\/\/www.europesays.com\/fr\/139734\/"},"modified":"2025-05-30T17:25:09","modified_gmt":"2025-05-30T17:25:09","slug":"les-policiers-arrivent-pascal-praud-au-bout-du-rouleau-lun-de-ses-chroniqueurs-arrete-en-direct","status":"publish","type":"post","link":"https:\/\/www.europesays.com\/fr\/139734\/","title":{"rendered":"\u201cLes policiers arrivent !\u201d : Pascal Praud au bout du rouleau, l\u2019un de ses chroniqueurs arr\u00eat\u00e9 en direct"},"content":{"rendered":"<p data-start=\"296\" data-end=\"681\">Ambiance<br \/>\n<strong>\u00e9lectrique<\/strong> chez <a href=\"https:\/\/www.closermag.fr\/politique\/de-la-poudre-ou-de-la-coke-pascal-praud-vole-au-secours-demmanuel-macron-apres-la-gifle-de-brigitte-3549191\" target=\"_blank\" rel=\"noopener\"><br \/>\nPascal Praud<\/a> ce vendredi 30 mai sur CNews. Alors que <strong>Pascal Praud<\/strong><br \/>\nanimait son \u00e9mission L\u2019Heure<br \/>\ndes Pros, un de ses chroniqueurs, Jacques Vendroux, a choqu\u00e9.<br \/>\nIl \u00e9tait\u2026au beau <strong>milieu des Champs-\u00c9lys\u00e9es<\/strong>. \u00c0 la<br \/>\nveille de la finale de la <strong>Ligue des Champions,<\/strong> le<br \/>\nchroniqueur a d\u00e9cid\u00e9 de montrer son <strong>soutien au<br \/>\nPSG.<\/strong> Comment ? En <strong>perturbant la circulation<br \/>\nparisienne.<\/strong><\/p>\n<p data-start=\"683\" data-end=\"970\">R\u00e9sultat : cette<br \/>\n<strong>intervention des forces de l\u2019ordre<\/strong> a perturb\u00e9 tout<br \/>\nle monde en plein direct. Pascal Praud \u00e9tait<br \/>\n<strong>paniqu\u00e9<\/strong> \u00e0 l\u2019antenne et le <strong>chroniqueur<br \/>\n\u00e9tait \u00e0 deux doigts de la garde \u00e0 vue.<\/strong> Cette s\u00e9quence de<br \/>\nt\u00e9l\u00e9 a mis en lumi\u00e8re les <strong>tensions<\/strong> qui r\u00e8gnent<br \/>\nd\u00e9j\u00e0 autour de cet <strong>\u00e9v\u00e9nement sportif<br \/>\nultra-s\u00e9curis\u00e9<\/strong> dans la capitale.<\/p>\n<p>Un chroniqueur de Pascal Praud<br \/>\nva tr\u00e8s loin : il se fait arr\u00eater par la police<\/p>\n<p data-start=\"1051\" data-end=\"1435\">Avec son<br \/>\n<strong>enthousiasme<\/strong> habituel, <a href=\"https:\/\/www.closermag.fr\/people\/vous-avez-un-probleme-de-moumoute-pascal-praud-raille-par-un-de-ses-invites-apres-l-avoir-tacle-1605801#item=1\" target=\"_blank\" rel=\"noopener\"><br \/>\nJacques Vendroux<\/a> a <strong>remont\u00e9 les Champs-\u00c9lys\u00e9es, drapeau<br \/>\ndu PSG \u00e0 la main, bloquant voitures et passants<\/strong>. \u201cOn<br \/>\nest <strong>acclam\u00e9, Pascal !<\/strong>\u201d a-t-il lanc\u00e9, hilare,<br \/>\n\u00e0 son coll\u00e8gue en plateau. Mais tr\u00e8s vite, l\u2019ambiance a chang\u00e9.<br \/>\n\u201c<strong>Jacques, les policiers arrivent, faites tr\u00e8s<br \/>\nattention, vous allez terminer en cabane.<\/strong>\u201d l\u2019a averti<br \/>\nPascal Praud, visiblement <strong>agac\u00e9<\/strong>.<\/p>\n<p data-start=\"1437\" data-end=\"1777\"><strong>Ignorant<\/strong> les<br \/>\nmises en garde, le journaliste a continu\u00e9, <strong>persuad\u00e9 d\u2019\u00eatre<br \/>\nprot\u00e9g\u00e9.<\/strong> \u201c<strong>Les policiers nous soutiennent<br \/>\n!<\/strong>\u201d a-t-il assur\u00e9&#8230; jusqu\u2019\u00e0 ce que ces derniers<br \/>\nviennent <strong>l\u2019interpeller<\/strong> en personne. Probl\u00e8me<br \/>\nsuppl\u00e9mentaire : le chroniqueur de Pascal Praud s\u2019\u00e9tait<br \/>\n<strong>arr\u00eat\u00e9 sur une bande d\u2019arr\u00eat d\u2019urgence, aggravant encore<br \/>\n\u00a0plus la situation.<\/strong><\/p>\n<p>S\u00e9curit\u00e9 maximale pour PSG &#8211; Inter, Paris sous tension<\/p>\n<p data-start=\"1844\" data-end=\"2210\">Ce coup de chaud en direct de<br \/>\n<a href=\"https:\/\/www.closermag.fr\/tv_tele_realite\/cest-une-honte-pascal-praud-ne-retient-pas-ses-coups-il-perd-totalement-son-calme-sur-cnews-3497213\" target=\"_blank\" rel=\"noopener\"><br \/>\nl\u2019\u00e9mission de Pascal Praud<\/a> intervient alors que la<br \/>\n<strong>pr\u00e9fecture de police<\/strong> de Paris a d\u00e9j\u00e0 d\u00e9ploy\u00e9 un<br \/>\n<strong>dispositif in\u00e9dit<\/strong> pour encadrer la finale PSG &#8211;<br \/>\nInter ce samedi 31 mai. Plus de <strong data-start=\"2021\" data-end=\"2059\">5400 membres des forces de l\u2019ordre<\/strong> seront mobilis\u00e9s<br \/>\ndans la capitale, soit <strong data-start=\"2100\" data-end=\"2124\">pr\u00e8s de 3500 de plus<\/strong> que lors de la demi-finale<br \/>\nface \u00e0 Arsenal. La mairie craint de nouveaux<br \/>\n<strong>d\u00e9bordements<\/strong>.<\/p>\n<p>Parmi les mesures prises : <strong>interdiction totale d\u2019alcool<br \/>\ndans les rues, suppression de la circulation<\/strong> (m\u00eame<br \/>\npi\u00e9tonne) sur les <strong>Champs-\u00c9lys\u00e9es d\u00e8s 18 heures, fermeture<br \/>\nobligatoire des commerces de la zone et vigilance maximale sur<br \/>\nl\u2019usage d\u2019artifices<\/strong>. Un contexte <strong>explosif<\/strong><br \/>\ndans lequel les cam\u00e9ras de CNews pourraient bien \u00eatre moins les bienvenues\u2026<br \/>\nsurtout si leurs chroniqueurs continuent de <strong>jouer avec le<br \/>\nfeu.<\/strong><\/p>\n","protected":false},"excerpt":{"rendered":"Ambiance \u00e9lectrique chez Pascal Praud ce vendredi 30 mai sur CNews. Alors que Pascal Praud animait son \u00e9mission&hellip;\n","protected":false},"author":2,"featured_media":139735,"comment_status":"","ping_status":"","sticky":false,"template":"","format":"standard","meta":{"footnotes":""},"categories":[8],"tags":[548,58,59,1011,27,10160],"class_list":{"0":"post-139734","1":"post","2":"type-post","3":"status-publish","4":"format-standard","5":"has-post-thumbnail","7":"category-divertissement","8":"tag-article-simple","9":"tag-divertissement","10":"tag-entertainment","11":"tag-fr","12":"tag-france","13":"tag-pascal-praud"},"share_on_mastodon":{"url":"https:\/\/pubeurope.com\/@fr\/114597955079086350","error":""},"_links":{"self":[{"href":"https:\/\/www.europesays.com\/fr\/wp-json\/wp\/v2\/posts\/139734","targetHints":{"allow":["GET"]}}],"collection":[{"href":"https:\/\/www.europesays.com\/fr\/wp-json\/wp\/v2\/posts"}],"about":[{"href":"https:\/\/www.europesays.com\/fr\/wp-json\/wp\/v2\/types\/post"}],"author":[{"embeddable":true,"href":"https:\/\/www.europesays.com\/fr\/wp-json\/wp\/v2\/users\/2"}],"replies":[{"embeddable":true,"href":"https:\/\/www.europesays.com\/fr\/wp-json\/wp\/v2\/comments?post=139734"}],"version-history":[{"count":0,"href":"https:\/\/www.europesays.com\/fr\/wp-json\/wp\/v2\/posts\/139734\/revisions"}],"wp:featuredmedia":[{"embeddable":true,"href":"https:\/\/www.europesays.com\/fr\/wp-json\/wp\/v2\/media\/139735"}],"wp:attachment":[{"href":"https:\/\/www.europesays.com\/fr\/wp-json\/wp\/v2\/media?parent=139734"}],"wp:term":[{"taxonomy":"category","embeddable":true,"href":"https:\/\/www.europesays.com\/fr\/wp-json\/wp\/v2\/categories?post=139734"},{"taxonomy":"post_tag","embeddable":true,"href":"https:\/\/www.europesays.com\/fr\/wp-json\/wp\/v2\/tags?post=139734"}],"curies":[{"name":"wp","href":"https:\/\/api.w.org\/{rel}","templated":true}]}}