{"id":139749,"date":"2025-05-30T17:33:12","date_gmt":"2025-05-30T17:33:12","guid":{"rendered":"https:\/\/www.europesays.com\/fr\/139749\/"},"modified":"2025-05-30T17:33:12","modified_gmt":"2025-05-30T17:33:12","slug":"vandoeuvre-les-nancy-conductrice-percutee-a-larriere-le-chauffard-etait-alcoolise","status":"publish","type":"post","link":"https:\/\/www.europesays.com\/fr\/139749\/","title":{"rendered":"Vand\u0153uvre-l\u00e8s-Nancy. Conductrice percut\u00e9e \u00e0 l\u2019arri\u00e8re\u00a0: le chauffard \u00e9tait alcoolis\u00e9"},"content":{"rendered":"<p>Une automobiliste qui circulait vendredi 30\u00a0mai, vers 6\u00a0h\u00a030, sur la M674 dans le sens Lun\u00e9ville &#8211; Nancy, a \u00e9t\u00e9 violemment percut\u00e9e \u00e0 l\u2019arri\u00e8re par un chauffard. La petite berline de cette habitante de M\u00e9r\u00e9ville \u00e2g\u00e9e de 34 ans, \u00e9tait alors propuls\u00e9e contre un mur qui borde la voie rapide dans le secteur de France 3, avant de rebondir et de s\u2019immobiliser contre le muret central de s\u00e9paration des voies.<\/p>\n<p>  D\u00e9grisement et garde \u00e0 vue<\/p>\n<p>Bless\u00e9e, la trentenaire devait \u00eatre d\u00e9sincarc\u00e9r\u00e9e par les pompiers de son habitacle d\u00e9form\u00e9 avant de pouvoir \u00eatre transport\u00e9e vers les urgences de l\u2019H\u00f4pital central de Nancy. Son pronostic vital n\u2019\u00e9tait pas engag\u00e9. Des policiers qui allaient prendre leur service \u00e0 l\u2019h\u00f4tel de police du boulevard Lobau, gelaient et s\u00e9curisaient le p\u00e9rim\u00e8tre de la collision.<\/p>\n<p>Indemne, le chauffard fortement alcoolis\u00e9 \u00e9tait plac\u00e9 en cellule de d\u00e9grisement avant une mesure de garde \u00e0 vue. Passablement excit\u00e9, cet habitant de Jarville \u00e2g\u00e9 de 31 ans est d\u00e9j\u00e0 d\u00e9favorablement connu pour d\u00e9lit routier. Un d\u00e9pistage de stup\u00e9fiants devait \u00e9galement \u00eatre r\u00e9alis\u00e9.<\/p>\n","protected":false},"excerpt":{"rendered":"Une automobiliste qui circulait vendredi 30\u00a0mai, vers 6\u00a0h\u00a030, sur la M674 dans le sens Lun\u00e9ville &#8211; Nancy, a&hellip;\n","protected":false},"author":2,"featured_media":139750,"comment_status":"","ping_status":"","sticky":false,"template":"","format":"standard","meta":{"footnotes":""},"categories":[9635],"tags":[119,1111,11,271,272,1704,1777,674,274,1011,27,775,6364,3457,1702,12,25,5711],"class_list":{"0":"post-139749","1":"post","2":"type-post","3":"status-publish","4":"format-standard","5":"has-post-thumbnail","7":"category-nancy","8":"tag-accident","9":"tag-actu","10":"tag-actualites","11":"tag-crime","12":"tag-delit-et-contravention","13":"tag-edition-nancy-et-agglomeration","14":"tag-eu","15":"tag-europe","16":"tag-faits-divers-justice","17":"tag-fr","18":"tag-france","19":"tag-grand-est","20":"tag-metropole-du-grand-nancy-54b1","21":"tag-meurthe-et-moselle","22":"tag-nancy","23":"tag-news","24":"tag-republique-francaise","25":"tag-vandoeuvre-les-nancy"},"share_on_mastodon":{"url":"https:\/\/pubeurope.com\/@fr\/114597986630101639","error":""},"_links":{"self":[{"href":"https:\/\/www.europesays.com\/fr\/wp-json\/wp\/v2\/posts\/139749","targetHints":{"allow":["GET"]}}],"collection":[{"href":"https:\/\/www.europesays.com\/fr\/wp-json\/wp\/v2\/posts"}],"about":[{"href":"https:\/\/www.europesays.com\/fr\/wp-json\/wp\/v2\/types\/post"}],"author":[{"embeddable":true,"href":"https:\/\/www.europesays.com\/fr\/wp-json\/wp\/v2\/users\/2"}],"replies":[{"embeddable":true,"href":"https:\/\/www.europesays.com\/fr\/wp-json\/wp\/v2\/comments?post=139749"}],"version-history":[{"count":0,"href":"https:\/\/www.europesays.com\/fr\/wp-json\/wp\/v2\/posts\/139749\/revisions"}],"wp:featuredmedia":[{"embeddable":true,"href":"https:\/\/www.europesays.com\/fr\/wp-json\/wp\/v2\/media\/139750"}],"wp:attachment":[{"href":"https:\/\/www.europesays.com\/fr\/wp-json\/wp\/v2\/media?parent=139749"}],"wp:term":[{"taxonomy":"category","embeddable":true,"href":"https:\/\/www.europesays.com\/fr\/wp-json\/wp\/v2\/categories?post=139749"},{"taxonomy":"post_tag","embeddable":true,"href":"https:\/\/www.europesays.com\/fr\/wp-json\/wp\/v2\/tags?post=139749"}],"curies":[{"name":"wp","href":"https:\/\/api.w.org\/{rel}","templated":true}]}}