{"id":139766,"date":"2025-05-30T17:47:15","date_gmt":"2025-05-30T17:47:15","guid":{"rendered":"https:\/\/www.europesays.com\/fr\/139766\/"},"modified":"2025-05-30T17:47:15","modified_gmt":"2025-05-30T17:47:15","slug":"strasbourg-les-csc-reunis-pour-le-festival-des-liens-interculturels","status":"publish","type":"post","link":"https:\/\/www.europesays.com\/fr\/139766\/","title":{"rendered":"Strasbourg. Les CSC r\u00e9unis pour le festival des liens interculturels"},"content":{"rendered":"<p>Chants, danses de G\u00e9orgie, du Maroc ou de Bretagne, r\u00e9citations incarn\u00e9es et jou\u00e9es de fables de La Fontaine captivantes\u2026<\/p>\n<p>L\u2019art \u00e9tait une nouvelle fois \u00e0 l\u2019honneur pour la troisi\u00e8me \u00e9dition du festival des liens interculturels. Cet \u00e9v\u00e9nement, organis\u00e9 mardi 27\u00a0mai, au parc de la Bergerie de Cronenbourg, vise \u00e0 lutter contre l\u2019isolement et \u00e0 favoriser la coh\u00e9sion sociale.<\/p>\n<p>Parmi les performances artistiques, des r\u00e9cits de vie de certains apprenants, ces&#8230;<\/p>\n","protected":false},"excerpt":{"rendered":"Chants, danses de G\u00e9orgie, du Maroc ou de Bretagne, r\u00e9citations incarn\u00e9es et jou\u00e9es de fables de La Fontaine&hellip;\n","protected":false},"author":2,"featured_media":139767,"comment_status":"","ping_status":"","sticky":false,"template":"","format":"standard","meta":{"footnotes":""},"categories":[2820],"tags":[1111,11,1687,2880,1777,674,1011,27,775,12,2661,25,640,2879],"class_list":{"0":"post-139766","1":"post","2":"type-post","3":"status-publish","4":"format-standard","5":"has-post-thumbnail","7":"category-strasbourg","8":"tag-actu","9":"tag-actualites","10":"tag-culture-loisirs","11":"tag-edition-strasbourg","12":"tag-eu","13":"tag-europe","14":"tag-fr","15":"tag-france","16":"tag-grand-est","17":"tag-news","18":"tag-patrimoine-culturel","19":"tag-republique-francaise","20":"tag-strasbourg","21":"tag-strasbourg-ville"},"share_on_mastodon":{"url":"https:\/\/pubeurope.com\/@fr\/114598041548933789","error":""},"_links":{"self":[{"href":"https:\/\/www.europesays.com\/fr\/wp-json\/wp\/v2\/posts\/139766","targetHints":{"allow":["GET"]}}],"collection":[{"href":"https:\/\/www.europesays.com\/fr\/wp-json\/wp\/v2\/posts"}],"about":[{"href":"https:\/\/www.europesays.com\/fr\/wp-json\/wp\/v2\/types\/post"}],"author":[{"embeddable":true,"href":"https:\/\/www.europesays.com\/fr\/wp-json\/wp\/v2\/users\/2"}],"replies":[{"embeddable":true,"href":"https:\/\/www.europesays.com\/fr\/wp-json\/wp\/v2\/comments?post=139766"}],"version-history":[{"count":0,"href":"https:\/\/www.europesays.com\/fr\/wp-json\/wp\/v2\/posts\/139766\/revisions"}],"wp:featuredmedia":[{"embeddable":true,"href":"https:\/\/www.europesays.com\/fr\/wp-json\/wp\/v2\/media\/139767"}],"wp:attachment":[{"href":"https:\/\/www.europesays.com\/fr\/wp-json\/wp\/v2\/media?parent=139766"}],"wp:term":[{"taxonomy":"category","embeddable":true,"href":"https:\/\/www.europesays.com\/fr\/wp-json\/wp\/v2\/categories?post=139766"},{"taxonomy":"post_tag","embeddable":true,"href":"https:\/\/www.europesays.com\/fr\/wp-json\/wp\/v2\/tags?post=139766"}],"curies":[{"name":"wp","href":"https:\/\/api.w.org\/{rel}","templated":true}]}}