{"id":139772,"date":"2025-05-30T17:50:10","date_gmt":"2025-05-30T17:50:10","guid":{"rendered":"https:\/\/www.europesays.com\/fr\/139772\/"},"modified":"2025-05-30T17:50:10","modified_gmt":"2025-05-30T17:50:10","slug":"futsal-nice-joue-la-montee-en-premiere-division-ce-samedi","status":"publish","type":"post","link":"https:\/\/www.europesays.com\/fr\/139772\/","title":{"rendered":"Futsal: Nice joue la mont\u00e9e en premi\u00e8re division ce samedi"},"content":{"rendered":"<p>Historique! Onze ans apr\u00e8s la liquidation judiciaire du Cannes Bocca Futsal (CBF), sacr\u00e9 vice-champion de France en 2014, les Alpes-Maritimes pourraient donc, d\u00e8s la saison prochaine, \u00e0 nouveau disposer d\u2019une vitrine offrant un joli panorama sur le plus haut niveau du futsal tricolore. Gr\u00e2ce \u00e0 ce Nice FC (ex-FC Gambette) qui n\u2019a vu le jour, en 2018, qu\u2019\u00e0 l\u2019initiative d\u2019une bande de copains, \u00ab\u00a0d\u00e9\u00e7us\u00a0\u00bb de l\u2019atmosph\u00e8re \u00ab\u00a0d\u00e9l\u00e9t\u00e8re\u00a0\u00bb r\u00e9gnant sur les pr\u00e8s, et qui ont alors choisi de basculer vers une pratique plus \u00ab\u00a0ludique\u00a0\u00bb, moins \u00a0\u00bb prise de t\u00eate\u00a0\u00bb.<\/p>\n<p>Sans pour autant renoncer \u00e0 cet esprit de comp\u00e9tition, sans lequel il est d\u2019ailleurs impossible de faire avancer les projets les plus fous. C\u2019est, en partie, ce qui explique le succ\u00e8s actuel d\u2019un club qui a donc grimp\u00e9 \u00e0 toute h\u00e2te les \u00e9chelons, mais qui a pris soin, dans le m\u00eame temps, d\u2019\u00e9tayer ses fondations, de d\u00e9velopper une vraie politique sportive, et d\u2019\u00e9toffer son organigramme\u2026<\/p>\n<p>Parmi les principaux \u00ab\u00a0p\u00e8res fondateurs\u00a0\u00bb, Elyesse Ben Salem se souvient de tout ce chemin parcouru. Et des obstacles qu\u2019il a fallu surmonter. M\u00eame si, \u00e0 l\u2019instant T, il dit \u00eatre \u00ab\u00a0uniquement focus sur ce dernier match\u00a0\u00bb. \u00a0\u00bb On veut la Ligue 1, mettre Nice sur la carte du futsal fran\u00e7ais. Rien d\u2019autre n\u2019occupe mon esprit, pas m\u00eame le pass\u00e9\u2026\u00a0\u00bb<\/p>\n<blockquote>\n<p><strong>\u00ab\u00a0On ne l\u00e2che jamais rien\u00a0\u00bb<\/strong><\/p>\n<\/blockquote>\n<p>Voil\u00e0 donc les Ni\u00e7ois aux portes du r\u00eave. Sans que rien n\u2019ait \u00e9t\u00e9 r\u00e9ellement programm\u00e9. \u00ab\u00a0On s\u2019attendait \u00e0 vivre une saison compliqu\u00e9e, reprend Ben Salem. On se pensait condamn\u00e9s \u00e0 devoir batailler pour le maintien. Jusqu\u2019\u00e0 janvier et cette victoire \u00e0 B\u00e9thune, qui \u00e9tait alors en t\u00eate du classement. C\u2019\u00e9tait le premier match apr\u00e8s que je me sois r\u00e9veill\u00e9 du coma (o\u00f9 une m\u00e9ningite l\u2019avait plong\u00e9, NDLR). \u00c7a a \u00e9t\u00e9 le d\u00e9clic\u2026 \u00a0\u00bb Un d\u00e9clic, mais la chance, \u00e0 ses yeux, n\u2019explique rien. \u00ab\u00a0En \u00eatre l\u00e0 aujourd\u2019hui, c\u2019est une fiert\u00e9. On le doit \u00e0 notre \u00e9tat d\u2019esprit. On n\u2019a pas toujours \u00e9t\u00e9 les meilleurs sur le terrain, mais on a souvent su faire la diff\u00e9rence au mental. Nos joueurs sont de vrais combattants, c\u2019est dans notre ADN\u2026\u00a0\u00bb<\/p>\n<p>Alors, pas question de laisser filer cette incroyable opportunit\u00e9. Sachant qu\u2019un nul suffirait face \u00e0 Orl\u00e9ans pour d\u00e9finitivement valider l\u2019accession. \u00ab\u00a0M\u00eame en cas de d\u00e9faite, le goal-average nous serait favorable (+23, contre +14 au 2e, B\u00e9thune). Mais l\u2019id\u00e9e, c\u2019est d\u2019offrir une belle f\u00eate \u00e0 nos supporters\u2026\u00a0\u00bb<\/p>\n<p>Victorieux \u00e0 l\u2019aller (5-3), Basilio et ses copains savent n\u00e9anmoins qu\u2019ils n\u2019ont aucun cadeau \u00e0 esp\u00e9rer de cette \u00e9quipe du Loiret qui, elle, joue sa peau en D2, et a imp\u00e9rativement besoin d\u2019une victoire pour se maintenir\u2026<\/p>\n<p>Mais qu\u2019importe ce demi-suspense! En coulisses, on se projette d\u00e9j\u00e0. On anticipe. \u00ab\u00a0Pour la D1, on sait qu\u2019il faudra renforcer l\u2019effectif, confirme le responsable op\u00e9rationnel du NFC, Salem Soussi. Alors on a commenc\u00e9 \u00e0 nouer des contacts avec quelques joueurs. La plupart adh\u00e8rent au projet. Ne reste plus, pour finir de les convaincre, qu\u2019\u00e0 officialiser la mont\u00e9e\u2026\u00a0\u00bb<\/p>\n<p>Alors, Messieurs, \u00e0 vous de jouer!<\/p>\n<p>La compo: 1. Cristiano Cardoso, 20. Issam Didouh, 2. Enzo Lamar, 3. Mehdi Ben Salem (cap), 4. Gustavo Sch\u00e9ma, 6. Naoufel Chared, 7. Fracisco Pereira (Chico), 8. Momo Kebir, 10. Salym Briki, 17. Paulo Basilio, 21. Jasim El Asri, 23. Sofiane Mokhles<\/p>\n","protected":false},"excerpt":{"rendered":"Historique! Onze ans apr\u00e8s la liquidation judiciaire du Cannes Bocca Futsal (CBF), sacr\u00e9 vice-champion de France en 2014,&hellip;\n","protected":false},"author":2,"featured_media":139773,"comment_status":"","ping_status":"","sticky":false,"template":"","format":"standard","meta":{"footnotes":""},"categories":[2819],"tags":[1111,11,1777,674,1011,27,24912,12,2401,882,25,60],"class_list":{"0":"post-139772","1":"post","2":"type-post","3":"status-publish","4":"format-standard","5":"has-post-thumbnail","7":"category-nice","8":"tag-actu","9":"tag-actualites","10":"tag-eu","11":"tag-europe","12":"tag-fr","13":"tag-france","14":"tag-futsal","15":"tag-news","16":"tag-nice","17":"tag-provence-alpes-cote-dazur","18":"tag-republique-francaise","19":"tag-sports"},"share_on_mastodon":{"url":"https:\/\/pubeurope.com\/@fr\/114598053496545013","error":""},"_links":{"self":[{"href":"https:\/\/www.europesays.com\/fr\/wp-json\/wp\/v2\/posts\/139772","targetHints":{"allow":["GET"]}}],"collection":[{"href":"https:\/\/www.europesays.com\/fr\/wp-json\/wp\/v2\/posts"}],"about":[{"href":"https:\/\/www.europesays.com\/fr\/wp-json\/wp\/v2\/types\/post"}],"author":[{"embeddable":true,"href":"https:\/\/www.europesays.com\/fr\/wp-json\/wp\/v2\/users\/2"}],"replies":[{"embeddable":true,"href":"https:\/\/www.europesays.com\/fr\/wp-json\/wp\/v2\/comments?post=139772"}],"version-history":[{"count":0,"href":"https:\/\/www.europesays.com\/fr\/wp-json\/wp\/v2\/posts\/139772\/revisions"}],"wp:featuredmedia":[{"embeddable":true,"href":"https:\/\/www.europesays.com\/fr\/wp-json\/wp\/v2\/media\/139773"}],"wp:attachment":[{"href":"https:\/\/www.europesays.com\/fr\/wp-json\/wp\/v2\/media?parent=139772"}],"wp:term":[{"taxonomy":"category","embeddable":true,"href":"https:\/\/www.europesays.com\/fr\/wp-json\/wp\/v2\/categories?post=139772"},{"taxonomy":"post_tag","embeddable":true,"href":"https:\/\/www.europesays.com\/fr\/wp-json\/wp\/v2\/tags?post=139772"}],"curies":[{"name":"wp","href":"https:\/\/api.w.org\/{rel}","templated":true}]}}