{"id":139774,"date":"2025-05-30T17:51:15","date_gmt":"2025-05-30T17:51:15","guid":{"rendered":"https:\/\/www.europesays.com\/fr\/139774\/"},"modified":"2025-05-30T17:51:15","modified_gmt":"2025-05-30T17:51:15","slug":"cette-association-donne-une-deuxieme-chance-aux-plantes-et-aux-gens","status":"publish","type":"post","link":"https:\/\/www.europesays.com\/fr\/139774\/","title":{"rendered":"cette association donne une deuxi\u00e8me chance aux plantes et aux gens"},"content":{"rendered":"<p>            Par<br \/>\n        <strong><br \/>\n            <a href=\"https:\/\/actu.fr\/auteur\/tristan-mahe-actu-fr\" title=\"Consulter tous les articles de Tristan Mah\u00e9\" target=\"_blank\" rel=\"noopener\">Tristan Mah\u00e9<\/a><br \/>\n        <\/strong><\/p>\n<p>        Publi\u00e9 le<\/p>\n<p>            30 mai 2025 \u00e0 17h49        <\/p>\n<p>Le son du papier kraft qui enlace les bouquets de f\u00eate des M\u00e8res, et l\u2019odeur du terreau qui emplit le stand\u2026 C\u2019est dans cette ambiance bucolique que la <a href=\"https:\/\/labrocanteverte.fr\/\" target=\"_blank\" rel=\"noopener\">Brocante verte<\/a> entame l\u2019\u00e9t\u00e9, au <a href=\"https:\/\/www.facebook.com\/WattigniesNantesOfficiel\/\" target=\"_blank\" rel=\"noopener\">Wattignies<\/a> \u00e0 <strong>Nantes<\/strong>. Ouverte depuis quatre ans et demi maintenant, cette ressourcerie v\u00e9g\u00e9tale a \u00e9t\u00e9 fond\u00e9e par deux amies\u2009:<strong> Aude et Sol\u00e8ne. <\/strong>\u00ab\u2009On n\u2019\u00e9tait pas du tout du milieu v\u00e9g\u00e9tal. \u00c0 la base, <strong>on venait du social\u2009\u00bb<\/strong>, explique Aude. Apr\u00e8s trois ans aupr\u00e8s d\u2019ONG en Asie pour aider \u00e0 l\u2019insertion des jeunes de bidonvilles, et de nombreuses maraudes \u00e0 Paris pour les personnes SDF, l\u2019id\u00e9e de la brocante a fait son chemin.<strong><br \/><\/strong><\/p>\n<p>    <a href=\"https:\/\/www.google.com\/maps\/embed?pb=!1m18!1m12!1m3!1d2710.6532465240007!2d-1.5499079248040903!3d47.203799121155676!2m3!1f0!2f0!3f0!3m2!1i1024!2i768!4f13.1!3m3!1m2!1s0x4805e94cd496e605%3A0x4970afd93051071b!2sLe%20Wattignies!5e0!3m2!1sfr!2sfr!4v1748613602882!5m2!1sfr!2sfr\" title=\"Ouvrie le lien\" target=\"_blank\" rel=\"noopener\">Cliquez ici pour visualiser le contenu<\/a><\/p>\n<p>\u00ab\u2009Le but est de ne pas gaspiller du tout\u2009\u00bb<\/p>\n<p class=\" wall-content\">L\u2019un des objectifs essentiels de la Brocante verte est de donner une seconde vie aux plantes, et fournir une <strong>d\u00e9marche \u00e9co-responsable<\/strong>\u2009: \u00ab\u2009tant qu\u2019il y aura des plantes et fleurs vou\u00e9es \u00e0 \u00eatre jet\u00e9es, la structure aura une raison d\u2019\u00eatre\u2009\u00bb, affirme Aude. Lucie, employ\u00e9e dans l\u2019association, rappelle que \u00ab\u2009le but est de ne pas gaspiller du tout\u2009\u00bb.<\/p>\n<p>    <img   decoding=\"async\" loading=\"lazy\" src=\"https:\/\/www.europesays.com\/fr\/wp-content\/uploads\/2025\/05\/boutique-fleurs-plantes-960x640.jpg\" alt=\"La boutique de la Brocante verte se trouve \u00e0 l'int\u00e9rieur du Wattignies, espace convivial et culturel.\" width=\"960\" height=\"640\"\/><br \/>\n    La boutique de la Brocante verte se trouve \u00e0 l\u2019int\u00e9rieur du Wattignies, espace convivial et culturel. (\u00a9Tristan Mah\u00e9 \/ actu Nantes)<\/p>\n<p class=\" wall-content\">Pour se sp\u00e9cialiser dans le domaine et pouvoir conseiller leurs clients, les cr\u00e9atrices de l\u2019association ont r\u00e9alis\u00e9 de nombreux stages en p\u00e9pini\u00e8res et aupr\u00e8s de fleuristes.<\/p>\n<p class=\" wall-content\">Aujourd\u2019hui, elles mettent en pratique ce qu\u2019elles y ont appris\u2009: rempotage de plantes d\u2019int\u00e9rieur et d\u2019ext\u00e9rieur, s\u00e9chage des fleurs pour des bouquets, et cr\u00e9ation d\u2019objets de d\u00e9coration fleuris\u2026<strong> La gamme de choix est large. <\/strong>Et les prix sont abordables, certaines plantes sont m\u00eame en vente en prix libre.<\/p>\n<p class=\" wall-content\">Rien que l\u2019ann\u00e9e derni\u00e8re, l\u2019association a r\u00e9colt\u00e9 plus de <strong>28\u2009000 plantes<\/strong>. Beaucoup viennent de particuliers qui se d\u00e9barrassent de fleurs fan\u00e9es, mais pas que\u2009: \u00ab\u2009On a d\u00e9velopp\u00e9 des partenariats solides avec des professionnels et entreprises, mais aussi avec des cr\u00e9matoriums. Les pompes fun\u00e8bres nous donnent les fleurs dont les familles ne veulent plus.\u2009\u00bb<\/p>\n<p>    <img   decoding=\"async\" loading=\"lazy\" src=\"https:\/\/www.europesays.com\/fr\/wp-content\/uploads\/2025\/05\/bouquet-fleurs-960x640.jpg\" alt=\"La Brocante verte s'occupe aussi bien des fleurs fra\u00eeches, que  celles s\u00e9ch\u00e9es ou fan\u00e9es.\" width=\"960\" height=\"640\"\/><br \/>\n    La Brocante verte s\u2019occupe aussi bien des fleurs fra\u00eeches, que celles s\u00e9ch\u00e9es ou fan\u00e9es. (\u00a9Tristan Mah\u00e9 \/ actu Nantes)\u00ab\u2009On est comme une famille\u2009\u00bb<\/p>\n<p class=\" wall-content\">La structure compte actuellement trois CDI, un CDD, huit salari\u00e9s en r\u00e9insertion, et accueille parfois jusqu\u2019\u00e0 deux services civiques suppl\u00e9mentaires. La ressourcerie utilise la <a href=\"https:\/\/inclusion.gouv.fr\/\" target=\"_blank\" rel=\"noopener\">plateforme de l\u2019inclusion<\/a> pour embaucher ses employ\u00e9s.<\/p>\n<p class=\" wall-content\">L\u2019association augmente progressivement le temps de travail. Il y a des profils avec des addictions, qui sortent de la rue, ou qui ne parlent pas fran\u00e7ais. D\u2019apr\u00e8s Aude, le but est de les \u00ab\u2009r\u00e9adapter aux contraintes du travail\u2009\u00bb.<\/p>\n<p class=\" wall-content\">La structure aide \u00e9galement ses salari\u00e9s<strong> \u00e0 retrouver un logement et un emploi<\/strong> apr\u00e8s un an pass\u00e9 \u00e0 la Brocante verte. \u00ab\u2009On est un peu comme une famille, on garde le lien avec ceux qui sont partis\u2009\u00bb, assure Aude.<\/p>\n<p class=\" wall-content\">Ind\u00e9pendante et install\u00e9e exclusivement \u00e0 Nantes, la Brocante verte a beaucoup plu aux gens. Comme une sorte de <strong>langage universel<\/strong>. Justement, l\u2019initiative a inspir\u00e9 de nombreuses autres villes comme <a href=\"https:\/\/www.jeveuxaider.gouv.fr\/organisations\/25698-nouvelle-pousse\" target=\"_blank\" rel=\"noopener\">Marseille<\/a>, <a href=\"https:\/\/www.re-plantes.fr\/\" target=\"_blank\" rel=\"noopener\">Bordeaux<\/a> ou encore Paris\u2026<\/p>\n<p class=\" wall-content\">\u00ab\u2009Je suis ici pour le v\u00e9g\u00e9tal, mais j\u2019avais aussi besoin de lien social. L\u00e0 o\u00f9 certains sont allophones, <strong>le v\u00e9g\u00e9tal parle \u00e0 tout le monde<\/strong>\u2009<strong>\u00bb<\/strong>, explique Lucie.<\/p>\n<p class=\" wall-content\">Suivez toute l\u2019actualit\u00e9 de vos villes et m\u00e9dias favoris en vous inscrivant \u00e0 <a href=\"https:\/\/moncompte.actu.fr\" title=\"D\u00e9couvez Mon Actu\" rel=\"nofollow noopener\" data-trk=\"{&quot;cta&quot;:{&quot;action&quot;:&quot;https:\\\/\\\/moncompte.actu.fr&quot;,&quot;category&quot;:&quot;mon compte&quot;,&quot;from&quot;:&quot;article footer&quot;,&quot;name&quot;:&quot;Mon actu&quot;,&quot;type&quot;:&quot;cta&quot;}}\" target=\"_blank\">Mon Actu<\/a>.<\/p>\n","protected":false},"excerpt":{"rendered":"Par Tristan Mah\u00e9 Publi\u00e9 le 30 mai 2025 \u00e0 17h49 Le son du papier kraft qui enlace les&hellip;\n","protected":false},"author":2,"featured_media":139775,"comment_status":"","ping_status":"","sticky":false,"template":"","format":"standard","meta":{"footnotes":""},"categories":[2818],"tags":[1111,11,215,1777,674,1011,27,2575,766,12,2636,25,104,3400],"class_list":{"0":"post-139774","1":"post","2":"type-post","3":"status-publish","4":"format-standard","5":"has-post-thumbnail","7":"category-nantes","8":"tag-actu","9":"tag-actualites","10":"tag-commerce","11":"tag-eu","12":"tag-europe","13":"tag-fr","14":"tag-france","15":"tag-jardinage","16":"tag-nantes","17":"tag-news","18":"tag-pays-de-la-loire","19":"tag-republique-francaise","20":"tag-societe","21":"tag-solidarite"},"share_on_mastodon":{"url":"https:\/\/pubeurope.com\/@fr\/114598057446293300","error":""},"_links":{"self":[{"href":"https:\/\/www.europesays.com\/fr\/wp-json\/wp\/v2\/posts\/139774","targetHints":{"allow":["GET"]}}],"collection":[{"href":"https:\/\/www.europesays.com\/fr\/wp-json\/wp\/v2\/posts"}],"about":[{"href":"https:\/\/www.europesays.com\/fr\/wp-json\/wp\/v2\/types\/post"}],"author":[{"embeddable":true,"href":"https:\/\/www.europesays.com\/fr\/wp-json\/wp\/v2\/users\/2"}],"replies":[{"embeddable":true,"href":"https:\/\/www.europesays.com\/fr\/wp-json\/wp\/v2\/comments?post=139774"}],"version-history":[{"count":0,"href":"https:\/\/www.europesays.com\/fr\/wp-json\/wp\/v2\/posts\/139774\/revisions"}],"wp:featuredmedia":[{"embeddable":true,"href":"https:\/\/www.europesays.com\/fr\/wp-json\/wp\/v2\/media\/139775"}],"wp:attachment":[{"href":"https:\/\/www.europesays.com\/fr\/wp-json\/wp\/v2\/media?parent=139774"}],"wp:term":[{"taxonomy":"category","embeddable":true,"href":"https:\/\/www.europesays.com\/fr\/wp-json\/wp\/v2\/categories?post=139774"},{"taxonomy":"post_tag","embeddable":true,"href":"https:\/\/www.europesays.com\/fr\/wp-json\/wp\/v2\/tags?post=139774"}],"curies":[{"name":"wp","href":"https:\/\/api.w.org\/{rel}","templated":true}]}}