{"id":139781,"date":"2025-05-30T17:56:03","date_gmt":"2025-05-30T17:56:03","guid":{"rendered":"https:\/\/www.europesays.com\/fr\/139781\/"},"modified":"2025-05-30T17:56:03","modified_gmt":"2025-05-30T17:56:03","slug":"une-automobiliste-percute-un-camion-sa-voiture-prend-feu-sur-lautoroute","status":"publish","type":"post","link":"https:\/\/www.europesays.com\/fr\/139781\/","title":{"rendered":"une automobiliste percute un camion, sa voiture prend feu sur l&rsquo;autoroute"},"content":{"rendered":"<p>            Par<br \/>\n        <strong><br \/>\n            <a href=\"https:\/\/actu.fr\/auteur\/marie-lamarque\" title=\"Consulter tous les articles de Marie Lamarque\" rel=\"nofollow noopener\" target=\"_blank\">Marie Lamarque<\/a><br \/>\n        <\/strong><\/p>\n<p>        Publi\u00e9 le<\/p>\n<p>            30 mai 2025 \u00e0 16h45        <\/p>\n<p>Depuis le sud de <a href=\"https:\/\/actu.fr\/toulouse\/\" rel=\"nofollow noopener\" target=\"_blank\">Toulouse<\/a>, on peut apercevoir de <strong>la fum\u00e9e<\/strong> ce vendredi 30 mai 2025. Un <strong>violent accident<\/strong> est survenu sur l\u2019A64, au niveau du p\u00e9age de Muret, aux alentours de 15h30. Une voiture et un poids-lourd se sont percut\u00e9s \u00e0 vive allure. Le premier v\u00e9hicule a pris feu.<\/p>\n<p>La conductrice gravement bless\u00e9e<\/p>\n<p class=\" wall-content\">La sc\u00e8ne a de quoi interpeller les automobilistes qui circulent dans le secteur. Celle de la carcasse d\u2019une voiture compl\u00e8tement calcin\u00e9e. Fort heureusement,<strong> la conductrice a \u00e9t\u00e9 sortie avant que les flammes n\u2019embrasent tout le week-end<\/strong>. Elle est n\u00e9anmoins <strong>gravement bless\u00e9e<\/strong> et prise en charge par les services du SMUR.<\/p>\n<p>Le feu de v\u00e9hicule ma\u00eetris\u00e9<\/p>\n<p class=\" wall-content\">Gr\u00e2ce \u00e0 l\u2019action des dix pompiers et des quatre engins de secours mobilis\u00e9s sur place, \u00ab\u00a0le feu a \u00e9t\u00e9 ma\u00eetris\u00e9\u00a0\u00bb, indique le Service d\u00e9partemental d\u2019incendie et de secours (SDIS) de la Haute-Garonne ce mercredi \u00e0 16h.\u00a0<\/p>\n<p>    <img   decoding=\"async\" loading=\"lazy\" src=\"https:\/\/www.europesays.com\/fr\/wp-content\/uploads\/2025\/05\/accident-toulouse-feu-a64-pompiers-960x640.jpeg\" alt=\"Le feu a \u00e9t\u00e9 ma\u00eetris\u00e9.\" width=\"960\" height=\"640\"\/><br \/>\n    Le feu a \u00e9t\u00e9 ma\u00eetris\u00e9. (\u00a9Gabriel SFILIO \u2013 SDIS31)<\/p>\n<p class=\" wall-content\">Le conducteur du poids-lourd \u2013 qui ne transportait \u00ab\u00a0pas de mati\u00e8re dangereuse\u00a0\u00bb, pr\u00e9cisent les pompiers \u2013 est indemne.\u00a0<\/p>\n<p>Vid\u00e9os : en ce moment sur ActuLa circulation fortement perturb\u00e9e<\/p>\n<p class=\" wall-content\">L\u2019accident, doubl\u00e9 de ce feu de v\u00e9hicule, engendre de <strong>fortes perturbations<\/strong> sur l\u2019A64 en ce week-end de pont de l\u2019Ascension. Trois voies de circulation ont \u00e9t\u00e9 ferm\u00e9es. Les v\u00e9hicules ne pouvaient plus circuler que sur la bande d\u2019arr\u00eat d\u2019urgence.<\/p>\n<p class=\" wall-content\">La circulation a pu \u00eatre r\u00e9tablie vers 16h.<\/p>\n<p class=\" wall-content\">\n<p class=\" wall-content\">Suivez toute l\u2019actualit\u00e9 de vos villes et m\u00e9dias favoris en vous inscrivant \u00e0 <a href=\"https:\/\/moncompte.actu.fr\" title=\"D\u00e9couvez Mon Actu\" rel=\"nofollow noopener\" data-trk=\"{&quot;cta&quot;:{&quot;action&quot;:&quot;https:\\\/\\\/moncompte.actu.fr&quot;,&quot;category&quot;:&quot;mon compte&quot;,&quot;from&quot;:&quot;article footer&quot;,&quot;name&quot;:&quot;Mon actu&quot;,&quot;type&quot;:&quot;cta&quot;}}\" target=\"_blank\">Mon Actu<\/a>.<\/p>\n","protected":false},"excerpt":{"rendered":"Par Marie Lamarque Publi\u00e9 le 30 mai 2025 \u00e0 16h45 Depuis le sud de Toulouse, on peut apercevoir&hellip;\n","protected":false},"author":2,"featured_media":139782,"comment_status":"","ping_status":"","sticky":false,"template":"","format":"standard","meta":{"footnotes":""},"categories":[2816],"tags":[119,1111,11,1777,674,118,1011,27,12,2680,25,2312],"class_list":{"0":"post-139781","1":"post","2":"type-post","3":"status-publish","4":"format-standard","5":"has-post-thumbnail","7":"category-toulouse","8":"tag-accident","9":"tag-actu","10":"tag-actualites","11":"tag-eu","12":"tag-europe","13":"tag-faits-divers","14":"tag-fr","15":"tag-france","16":"tag-news","17":"tag-occitanie","18":"tag-republique-francaise","19":"tag-toulouse"},"share_on_mastodon":{"url":"https:\/\/pubeurope.com\/@fr\/114598076958008383","error":""},"_links":{"self":[{"href":"https:\/\/www.europesays.com\/fr\/wp-json\/wp\/v2\/posts\/139781","targetHints":{"allow":["GET"]}}],"collection":[{"href":"https:\/\/www.europesays.com\/fr\/wp-json\/wp\/v2\/posts"}],"about":[{"href":"https:\/\/www.europesays.com\/fr\/wp-json\/wp\/v2\/types\/post"}],"author":[{"embeddable":true,"href":"https:\/\/www.europesays.com\/fr\/wp-json\/wp\/v2\/users\/2"}],"replies":[{"embeddable":true,"href":"https:\/\/www.europesays.com\/fr\/wp-json\/wp\/v2\/comments?post=139781"}],"version-history":[{"count":0,"href":"https:\/\/www.europesays.com\/fr\/wp-json\/wp\/v2\/posts\/139781\/revisions"}],"wp:featuredmedia":[{"embeddable":true,"href":"https:\/\/www.europesays.com\/fr\/wp-json\/wp\/v2\/media\/139782"}],"wp:attachment":[{"href":"https:\/\/www.europesays.com\/fr\/wp-json\/wp\/v2\/media?parent=139781"}],"wp:term":[{"taxonomy":"category","embeddable":true,"href":"https:\/\/www.europesays.com\/fr\/wp-json\/wp\/v2\/categories?post=139781"},{"taxonomy":"post_tag","embeddable":true,"href":"https:\/\/www.europesays.com\/fr\/wp-json\/wp\/v2\/tags?post=139781"}],"curies":[{"name":"wp","href":"https:\/\/api.w.org\/{rel}","templated":true}]}}