{"id":139785,"date":"2025-05-30T17:58:13","date_gmt":"2025-05-30T17:58:13","guid":{"rendered":"https:\/\/www.europesays.com\/fr\/139785\/"},"modified":"2025-05-30T17:58:13","modified_gmt":"2025-05-30T17:58:13","slug":"open-roubaix-un-dimanche-pour-flaner-decouvrir-et-vibrer-a-roubaix","status":"publish","type":"post","link":"https:\/\/www.europesays.com\/fr\/139785\/","title":{"rendered":"Open Roubaix : un dimanche pour fl\u00e2ner, d\u00e9couvrir et vibrer \u00e0 Roubaix"},"content":{"rendered":"<p class=\"introduction\">Chaque premier dimanche du mois, Roubaix se transforme en un v\u00e9ritable terrain de d\u00e9couvertes culturelles, artistiques et commerciales. L\u2019op\u00e9ration Open Roubaix invite les visiteurs de La Piscine \u2013 gratuite ce jour-l\u00e0 \u2013 \u00e0 prolonger leur escapade en poussant les portes de nombreux lieux ouverts exceptionnellement : mus\u00e9es, ateliers d\u2019artistes, commerces, galeries, restaurants\u2026 Tout s\u2019ouvre !<\/p>\n<p>Un mus\u00e9e iconique en acc\u00e8s libre<\/p>\n<p data-start=\"1617\" data-end=\"1989\">C\u2019est bien s\u00fbr <strong data-start=\"1632\" data-end=\"1646\">La Piscine<\/strong> \u2013 mus\u00e9e d\u2019Art et d\u2019Industrie Andr\u00e9 Diligent \u2013 qui donne le ton. <strong data-start=\"1711\" data-end=\"1754\">Gratuit chaque premier dimanche du mois<\/strong>, le mus\u00e9e attire des centaines de curieux. En ce moment, ne manquez pas <strong data-start=\"1827\" data-end=\"1888\">l\u2019exposition \u00e9v\u00e9nement \u201cRodin \/ Bourdelle. Corps \u00e0 corps\u201d<\/strong>, un face-\u00e0-face exceptionnel entre deux ma\u00eetres de la sculpture, visible jusqu\u2019au <strong data-start=\"1971\" data-end=\"1988\">1er juin 2025<\/strong>.<\/p>\n<p data-start=\"1991\" data-end=\"2288\">Vous y verrez \u00e9galement la s\u00e9rie \u201cPole Dance\u201d d\u2019<strong data-start=\"2039\" data-end=\"2053\">Elsa Sahal<\/strong>, des \u0153uvres puissantes et sensuelles expos\u00e9es dans les anciennes cabines de bains, ainsi que l\u2019exposition <strong data-start=\"2160\" data-end=\"2185\">\u201cSens dessus dessous\u201d<\/strong>, qui interroge la fronti\u00e8re entre parure et nudit\u00e9 avec des pi\u00e8ces issues des collections permanentes.<\/p>\n<p>Des d\u00e9couvertes \u00e0 chaque coin de rue<\/p>\n<p data-start=\"2332\" data-end=\"2542\">Mais Open Roubaix, c\u2019est bien plus que La Piscine. C\u2019est <strong data-start=\"2389\" data-end=\"2430\">tout un \u00e9cosyst\u00e8me local qui s\u2019active<\/strong> : artistes, artisans, restaurateurs, commer\u00e7ants, lieux de cr\u00e9ation. Parmi les incontournables de ce dimanche :<\/p>\n<ul data-start=\"2544\" data-end=\"3048\">\n<li data-start=\"2544\" data-end=\"2705\">\n<p data-start=\"2546\" data-end=\"2705\">\ud83c\udfa8 <strong data-start=\"2549\" data-end=\"2567\">La Manufacture<\/strong>, o\u00f9 l\u2019artiste <strong data-start=\"2582\" data-end=\"2600\">Laure Prouvost<\/strong> investit les lieux avec une <strong data-start=\"2629\" data-end=\"2667\">installation immersive monumentale<\/strong> dans le cadre de Lille3000 \u2013 Fiesta !<\/p>\n<\/li>\n<li data-start=\"2706\" data-end=\"2891\">\n<p data-start=\"2708\" data-end=\"2891\">\ud83c\udf35 <strong data-start=\"2711\" data-end=\"2760\">Le Bureau d\u2019Art et de Recherche \u2013 QSP Galerie<\/strong>, avec l\u2019exposition interdisciplinaire <strong data-start=\"2799\" data-end=\"2837\">\u201cDans ma f\u00eate, il y a un cactus !\u201d<\/strong>, o\u00f9 la nature et l\u2019art se croisent jusqu\u2019au 1er juin.<\/p>\n<\/li>\n<li data-start=\"2892\" data-end=\"3048\">\n<p data-start=\"2894\" data-end=\"3048\">\ud83c\udfed <strong data-start=\"2897\" data-end=\"2922\">La Condition Publique<\/strong>, qui vous ouvre ses grilles pour vous faire d\u00e9couvrir son parcours d\u2019art, ses expos, ses ateliers et son ambiance inimitable.<\/p>\n<\/li>\n<\/ul>\n<p>Une ville vivante, un dimanche pas comme les autres<\/p>\n<p data-start=\"3107\" data-end=\"3389\">Open Roubaix, c\u2019est aussi une ambiance particuli\u00e8re. <strong data-start=\"3160\" data-end=\"3211\">Une ville qui s\u2019ouvre, qui respire, qui partage<\/strong>. Les visiteurs d\u00e9ambulent d\u2019un lieu \u00e0 l\u2019autre, s\u2019offrent une pause gourmande chez un commer\u00e7ant ouvert, d\u00e9couvrent un atelier d\u2019artiste, une boutique d\u00e9co, un friperie atypique\u2026<\/p>\n<p data-start=\"3391\" data-end=\"3489\"><strong data-start=\"3391\" data-end=\"3453\">Une occasion parfaite pour (re)d\u00e9couvrir Roubaix autrement<\/strong>, en famille, entre amis ou en solo.<\/p>\n<p>\ud83d\udccd Infos pratiques<\/p>\n<p data-start=\"3520\" data-end=\"3920\">\ud83d\uddd3 <strong data-start=\"3523\" data-end=\"3548\">Prochain Open Roubaix<\/strong> : <strong data-start=\"3551\" data-end=\"3575\">dimanche 1er juin 2025<\/strong><br data-start=\"3575\" data-end=\"3578\"\/>\ud83d\udd58 Horaires variables selon les lieux (mus\u00e9es, commerces, galeries\u2026)<br data-start=\"3646\" data-end=\"3649\"\/>\ud83d\udccd Lieux concern\u00e9s : autour de La Piscine, La Manufacture, La Condition Publique, centre-ville, Barbieux\u2026<br data-start=\"3754\" data-end=\"3757\"\/>\ud83d\ude87 Acc\u00e8s : M\u00e9tro ligne 2 \u2013 Gare Jean Lebas \/ Parkings et V\u2019lille \u00e0 proximit\u00e9<br data-start=\"3833\" data-end=\"3836\"\/>\ud83d\udd17 Plus d\u2019infos : <a class=\"\" href=\"https:\/\/www.roubaixtourisme.com\" target=\"_new\" rel=\"noopener\" data-start=\"3854\" data-end=\"3920\">https:\/\/www.roubaixtourisme.com<\/a><\/p>\n","protected":false},"excerpt":{"rendered":"Chaque premier dimanche du mois, Roubaix se transforme en un v\u00e9ritable terrain de d\u00e9couvertes culturelles, artistiques et commerciales.&hellip;\n","protected":false},"author":2,"featured_media":139786,"comment_status":"","ping_status":"","sticky":false,"template":"","format":"standard","meta":{"footnotes":""},"categories":[2815],"tags":[1111,11,26639,251,1777,674,3293,1011,27,811,26640,1307,14387,12,26641,25,26642],"class_list":{"0":"post-139785","1":"post","2":"type-post","3":"status-publish","4":"format-standard","5":"has-post-thumbnail","7":"category-lille","8":"tag-actu","9":"tag-actualites","10":"tag-bourdelle","11":"tag-culture","12":"tag-eu","13":"tag-europe","14":"tag-exposition","15":"tag-fr","16":"tag-france","17":"tag-hauts-de-france","18":"tag-la-manufacture","19":"tag-lille","20":"tag-musee-la-piscine","21":"tag-news","22":"tag-open-roubaix","23":"tag-republique-francaise","24":"tag-rodin"},"share_on_mastodon":{"url":"https:\/\/pubeurope.com\/@fr\/114598084899766227","error":""},"_links":{"self":[{"href":"https:\/\/www.europesays.com\/fr\/wp-json\/wp\/v2\/posts\/139785","targetHints":{"allow":["GET"]}}],"collection":[{"href":"https:\/\/www.europesays.com\/fr\/wp-json\/wp\/v2\/posts"}],"about":[{"href":"https:\/\/www.europesays.com\/fr\/wp-json\/wp\/v2\/types\/post"}],"author":[{"embeddable":true,"href":"https:\/\/www.europesays.com\/fr\/wp-json\/wp\/v2\/users\/2"}],"replies":[{"embeddable":true,"href":"https:\/\/www.europesays.com\/fr\/wp-json\/wp\/v2\/comments?post=139785"}],"version-history":[{"count":0,"href":"https:\/\/www.europesays.com\/fr\/wp-json\/wp\/v2\/posts\/139785\/revisions"}],"wp:featuredmedia":[{"embeddable":true,"href":"https:\/\/www.europesays.com\/fr\/wp-json\/wp\/v2\/media\/139786"}],"wp:attachment":[{"href":"https:\/\/www.europesays.com\/fr\/wp-json\/wp\/v2\/media?parent=139785"}],"wp:term":[{"taxonomy":"category","embeddable":true,"href":"https:\/\/www.europesays.com\/fr\/wp-json\/wp\/v2\/categories?post=139785"},{"taxonomy":"post_tag","embeddable":true,"href":"https:\/\/www.europesays.com\/fr\/wp-json\/wp\/v2\/tags?post=139785"}],"curies":[{"name":"wp","href":"https:\/\/api.w.org\/{rel}","templated":true}]}}