{"id":139787,"date":"2025-05-30T17:59:12","date_gmt":"2025-05-30T17:59:12","guid":{"rendered":"https:\/\/www.europesays.com\/fr\/139787\/"},"modified":"2025-05-30T17:59:12","modified_gmt":"2025-05-30T17:59:12","slug":"deja-culte-a-paris-cest-quoi-le-concept-queer-bitch-party-qui-debarque-a-lille","status":"publish","type":"post","link":"https:\/\/www.europesays.com\/fr\/139787\/","title":{"rendered":"D\u00e9j\u00e0 culte \u00e0 Paris, c&rsquo;est quoi le concept Queer Bitch Party qui d\u00e9barque \u00e0 Lille\u00a0?"},"content":{"rendered":"<p>            Par<br \/>\n        <strong><br \/>\n            <a href=\"https:\/\/actu.fr\/auteur\/redaction-lille\" title=\"Consulter tous les articles de R\u00e9daction Lille\" target=\"_blank\" rel=\"noopener\">R\u00e9daction Lille<\/a><br \/>\n        <\/strong><\/p>\n<p>        Publi\u00e9 le<\/p>\n<p>            30 mai 2025 \u00e0 17h50        <\/p>\n<p>Depuis 15 ans, elle fait vibrer Paris dans son QG, La Nuit. Apr\u00e8s Lyon, Toulouse, Strasbourg, Nantes, et m\u00eame Bruxelles, la <b>soir\u00e9e Queer Bitch Party<\/b> s\u2019invite \u00e0 <b>Lille<\/b> pour la fin de sa premi\u00e8re tourn\u00e9e en r\u00e9gion. Rendez-vous dans la nuit du vendredi 13 au samedi 14 juin 2025 au <a href=\"https:\/\/actu.fr\/hauts-de-france\/lille_59350\/une-nouvelle-boite-de-nuit-va-ouvrir-ses-portes-a-lille_57680674.html\" target=\"_blank\" rel=\"noopener\"><b>Slalom<\/b><\/a>, <a href=\"https:\/\/actu.fr\/hauts-de-france\/lille_59350\/la-ville-de-lille-considere-ces-22-etablissements-comme-des-discotheques-voici-la-liste_62641971.html\" target=\"_blank\" rel=\"noopener\">discoth\u00e8que<\/a> bien connue de la m\u00e9tropole, pour cette nuit in\u00e9dite. Pour l\u2019occasion, une <b>ic\u00f4ne de la musique anglophone<\/b> est c\u00e9l\u00e9br\u00e9e. On vous pr\u00e9sente ce concept unique de faire la f\u00eate.<\/p>\n<p>Queen B s\u2019invite au Slalom<\/p>\n<p class=\" wall-content\">Le concept est simple : \u00e0 chaque soir\u00e9e, un artiste est mis \u00e0 l\u2019honneur. Tous les 3 \u00e0 4 titres, une de ses musiques est jou\u00e9e. \u00c0 <a href=\"https:\/\/actu.fr\/lille\/\" target=\"_blank\" rel=\"noopener\">Lille<\/a>, on parlera de la <b>Beyonc\u00e9 Bitch Party<\/b>. Eh oui, c\u2019est Beyonc\u00e9 qui a \u00e9t\u00e9 choisie pour rythmer la soir\u00e9e, un hommage vibrant \u00e0 la star am\u00e9ricaine, \u00e0 quelques jours seulement de son concert \u00e0 Paris. Une petite consolation pour celles et ceux qui n\u2019y assisteront pas\u00a0!<\/p>\n<p class=\" wall-content\"><a href=\"https:\/\/www.instagram.com\/p\/DJ7DUeuMyHd\/embed\" title=\"Ouvrir le lien sur Instagram\" target=\"_blank\" rel=\"noopener\">Visualiser le contenu sur Instagram<\/a><\/p>\n<p class=\" wall-content\">\u00ab\u00a0\u00c0 la base, c\u2019\u00e9tait juste des petites soir\u00e9es avec des amis d\u2019amis\u00a0\u00bb, confie Ludovic Lataillade, responsable de la tourn\u00e9e Bitch Party en r\u00e9gion. Puis le concept a rapidement pris de l\u2019ampleur, d\u2019abord \u00e0 Paris puis dans toute la France. \u00ab\u00a0Les gens qui sont dans d\u2019autres villes n\u2019ont pas forc\u00e9ment acc\u00e8s \u00e0 ce genre de soir\u00e9e, certains viennent m\u00eame jusqu\u2019\u00e0 Paris expr\u00e8s\u00a0\u00bb, explique-t-il.<\/p>\n<p class=\" wall-content\">Depuis le mois de f\u00e9vrier, elle vient donc \u00e0 eux. Et Lille <b\/>n\u2019a pas \u00e9t\u00e9 choisie par hasard : \u00ab\u00a0Il n\u2019y a pas vraiment de grosses soir\u00e9es LGBT ici. On voulait faire d\u00e9couvrir au public lillois cette ambiance unique et chaleureuse.\u00a0\u00bb<\/p>\n<p>\u00ab\u00a0Une safe place pour toutes et tous\u00a0\u00bb<\/p>\n<p class=\" wall-content\">Au-del\u00e0 de simples \u00e9v\u00e8nements, un message important est v\u00e9hicul\u00e9. Les mots d\u2019ordre sont inclusion et bienveillance. \u00ab\u00a0Tout le monde est le bienvenu, les gens viennent comme ils sont, il n\u2019y a pas de code vestimentaire.\u00a0\u00bb<\/p>\n<p>Vid\u00e9os : en ce moment sur Actu<\/p>\n<p class=\" wall-content\">Aux couleurs pop, l\u2019ambiance est d\u00e9crite comme festive et bienveillante. Ludovic Lataillade explique : \u00ab\u00a0Souvent les personnes qui ont l\u2019habitude des discoth\u00e8ques classiques sont surpris par l\u2019ambiance car tout le monde participe, chante, danse, crie. Les gens profitent vraiment beaucoup, c\u2019est assez incroyable \u00e0 voir\u00a0\u00bb.<\/p>\n<p>Drag, Lip Sync, DJ et goodies : une nuit pleine de surprises<\/p>\n<p class=\" wall-content\">De nombreuses surprises vous attendent lors de cette soir\u00e9e. Les drag Queen <b>Kam Hugh<\/b>, star de l\u2019\u00e9mission <a href=\"https:\/\/actu.fr\/tag\/drag-race-france\" target=\"_blank\" rel=\"noopener\">Drag Race France<\/a>, et <a href=\"https:\/\/actu.fr\/hauts-de-france\/lille_59350\/lille-la-drag-queen-stargirl-va-performer-avec-une-ancienne-candidate-de-rupauls-drag-race_60597398.html\" target=\"_blank\" rel=\"noopener\"><b>Stargirl<\/b><\/a>, bien connue de la sc\u00e8ne locale, seront pr\u00e9sentes pour vous faire le show. Une <b>l<\/b><b>ip-sync <\/b><b>battle<\/b> verra s\u2019affronter deux membres du public sur sc\u00e8ne avec \u00e0 la cl\u00e9 des cadeaux offerts par Deezer, partenaire de l\u2019\u00e9v\u00e8nement.<\/p>\n<p class=\" wall-content\"><b>NRJ Lille <\/b>aura \u00e9galement l\u2019honneur de faire gagner des places. Au platine, le DJ <b>Adrien Toma<\/b>, comptez sur lui pour faire vibrer les murs du Slalom jusqu\u2019au petit matin. Et pour les fans de Beyonc\u00e9, bien \u00e9videmment, des goodies seront distribu\u00e9s.<\/p>\n<p>Informations pratiques : Queer Bitch Party, du vendredi 13 juin \u00e0 23h59 au samedi 14 juin 6h. Au Slalom, 84 rue de Tr\u00e9vise \u00e0 Lille. Prix : entre 10,99\u20ac et 17,99\u20ac selon les tarifs. D\u00e9tails et r\u00e9servations sur <a href=\"https:\/\/shotgun.live\/en\/events\/slalom-it-s-bitch-party-kam-hugh\" target=\"_blank\" rel=\"noopener\">le site de la billetterie<\/a>.<\/p>\n<p class=\" wall-content\">Suivez toute l\u2019actualit\u00e9 de vos villes et m\u00e9dias favoris en vous inscrivant \u00e0 <a href=\"https:\/\/moncompte.actu.fr\" title=\"D\u00e9couvez Mon Actu\" rel=\"nofollow noopener\" data-trk=\"{&quot;cta&quot;:{&quot;action&quot;:&quot;https:\\\/\\\/moncompte.actu.fr&quot;,&quot;category&quot;:&quot;mon compte&quot;,&quot;from&quot;:&quot;article footer&quot;,&quot;name&quot;:&quot;Mon actu&quot;,&quot;type&quot;:&quot;cta&quot;}}\" target=\"_blank\">Mon Actu<\/a>.<\/p>\n<p>                    <script async src=\"\/\/www.instagram.com\/embed.js\"><\/script><\/p>\n","protected":false},"excerpt":{"rendered":"Par R\u00e9daction Lille Publi\u00e9 le 30 mai 2025 \u00e0 17h50 Depuis 15 ans, elle fait vibrer Paris dans&hellip;\n","protected":false},"author":2,"featured_media":139788,"comment_status":"","ping_status":"","sticky":false,"template":"","format":"standard","meta":{"footnotes":""},"categories":[2815],"tags":[1111,11,26643,1777,674,1011,27,811,9087,1307,1652,12,25],"class_list":{"0":"post-139787","1":"post","2":"type-post","3":"status-publish","4":"format-standard","5":"has-post-thumbnail","7":"category-lille","8":"tag-actu","9":"tag-actualites","10":"tag-drag-race-france","11":"tag-eu","12":"tag-europe","13":"tag-fr","14":"tag-france","15":"tag-hauts-de-france","16":"tag-lgbt","17":"tag-lille","18":"tag-loisirs-culture","19":"tag-news","20":"tag-republique-francaise"},"share_on_mastodon":{"url":"https:\/\/pubeurope.com\/@fr\/114598089539364749","error":""},"_links":{"self":[{"href":"https:\/\/www.europesays.com\/fr\/wp-json\/wp\/v2\/posts\/139787","targetHints":{"allow":["GET"]}}],"collection":[{"href":"https:\/\/www.europesays.com\/fr\/wp-json\/wp\/v2\/posts"}],"about":[{"href":"https:\/\/www.europesays.com\/fr\/wp-json\/wp\/v2\/types\/post"}],"author":[{"embeddable":true,"href":"https:\/\/www.europesays.com\/fr\/wp-json\/wp\/v2\/users\/2"}],"replies":[{"embeddable":true,"href":"https:\/\/www.europesays.com\/fr\/wp-json\/wp\/v2\/comments?post=139787"}],"version-history":[{"count":0,"href":"https:\/\/www.europesays.com\/fr\/wp-json\/wp\/v2\/posts\/139787\/revisions"}],"wp:featuredmedia":[{"embeddable":true,"href":"https:\/\/www.europesays.com\/fr\/wp-json\/wp\/v2\/media\/139788"}],"wp:attachment":[{"href":"https:\/\/www.europesays.com\/fr\/wp-json\/wp\/v2\/media?parent=139787"}],"wp:term":[{"taxonomy":"category","embeddable":true,"href":"https:\/\/www.europesays.com\/fr\/wp-json\/wp\/v2\/categories?post=139787"},{"taxonomy":"post_tag","embeddable":true,"href":"https:\/\/www.europesays.com\/fr\/wp-json\/wp\/v2\/tags?post=139787"}],"curies":[{"name":"wp","href":"https:\/\/api.w.org\/{rel}","templated":true}]}}