{"id":139809,"date":"2025-05-30T18:13:10","date_gmt":"2025-05-30T18:13:10","guid":{"rendered":"https:\/\/www.europesays.com\/fr\/139809\/"},"modified":"2025-05-30T18:13:10","modified_gmt":"2025-05-30T18:13:10","slug":"le-poids-economique-des-etudiants-etrangers-aux-etats-unis","status":"publish","type":"post","link":"https:\/\/www.europesays.com\/fr\/139809\/","title":{"rendered":"Le poids \u00e9conomique des \u00e9tudiants \u00e9trangers aux Etats-Unis"},"content":{"rendered":"<p>Aux Etats-Unis, le d\u00e9partement d&rsquo;\u00c9tat am\u00e9ricain a suspendu le traitement des visas pour les \u00e9tudiants \u00e9trangers sur ordre du secr\u00e9taire d&rsquo;Etat Marco Rubio. Celui-ci a promis de r\u00e9voquer \u00ab\u00a0avec fermet\u00e9\u00a0\u00bb les visas des \u00e9tudiants en provenance de Chine.<\/p>\n<p>Au-del\u00e0 de son bras de fer avec les grandes universit\u00e9s am\u00e9ricaines, notamment Harvard, accus\u00e9es d&rsquo;antis\u00e9mitisme, d&rsquo;\u00eatre \u00e0 gauche et de favoriser les \u00e9lites et les \u00e9trangers, l&rsquo;administration Trump encha\u00eene ainsi les mesures pour renforcer le contr\u00f4le de l&rsquo;immigration.<\/p>\n<p>Depuis l&rsquo;investiture de Donald Trump en janvier, l&rsquo;administration a mis en \u0153uvre des mesures radicales pour d\u00e9tenir et expulser les migrants et pour refuser l&rsquo;entr\u00e9e sur le territoire \u00e0 certains voyageurs, y compris les touristes. Plusieurs pays ont d&rsquo;ailleurs mis \u00e0 jour leurs avertissements aux voyageurs voulant se rendre aux Etats-Unis. Impensable encore il y a quelques mois.<\/p>\n<p>Dans le m\u00eame temps, le gouvernement cherche \u00e0 identifier et potentiellement arr\u00eater ou expulser les \u00e9tudiants qui se sont notamment engag\u00e9s dans les manifestations contre les op\u00e9rations militaires isra\u00e9liennes \u00e0 Gaza. Les tentatives des universit\u00e9s de r\u00e9sister aux exigences de l&rsquo;administration se sont sold\u00e9es par des gels de subventions et des coupes budg\u00e9taires.<\/p>\n<p>En mars, le gouvernement am\u00e9ricain a ainsi r\u00e9voqu\u00e9 plus de 300 visas, Marco Rubio affirmant que les \u00e9tudiants s&rsquo;\u00e9taient engag\u00e9s dans \u00ab\u00a0des activit\u00e9s qui vont \u00e0 l&rsquo;encontre de notre int\u00e9r\u00eat national, de notre politique \u00e9trang\u00e8re\u00a0\u00bb. <\/p>\n<p><img class=\"caas-img caas-lazy has-preview\" alt=\"L'universit\u00e9 de Harvard a d\u00e9cid\u00e9 de ne pas se plier aux demandes de l'administration am\u00e9ricaine et de porter plainte devant la justice&lt;span class=&quot;copyright&quot;&gt;Rick Friedman\/AFP&lt;\/span&gt;\" data-src=\"https:\/\/www.europesays.com\/fr\/wp-content\/uploads\/2025\/05\/54b54cb2700626648da3b29925f2058d.jpeg\"\/><\/p>\n<p>L&rsquo;universit\u00e9 de Harvard a d\u00e9cid\u00e9 de ne pas se plier aux demandes de l&rsquo;administration am\u00e9ricaine et de porter plainte devant la justiceRick Friedman\/AFP<\/p>\n<p>Les \u00e9tudiants internationaux, des acteurs \u00e9conomiques majeurs<\/p>\n<p>Plus de 1,1 million d&rsquo;\u00e9tudiants internationaux sont arriv\u00e9s aux \u00c9tats-Unis au cours de l&rsquo;ann\u00e9e universitaire 2023-24, dont 30 % en provenance d&rsquo;Inde et 25 % en provenance de Chine.<\/p>\n<p>Ces \u00e9tudiants repr\u00e9sentent une contribution financi\u00e8re majeure pour l&rsquo;\u00e9conomie am\u00e9ricaine.<\/p>\n<p>Selon l&rsquo;association d&rsquo;enseignants et d&rsquo;\u00e9tudiants \u00e9trangers NAFSA, les \u00e9tudiants internationaux ont inject\u00e9 43,8 milliards de dollars (42,8 milliards d&rsquo;euros) dans l&rsquo;\u00e9conomie am\u00e9ricaine sur l&rsquo;ann\u00e9e scolaire 2023-24.<\/p>\n<p>Michael Clemens, \u00e9conomiste de l&rsquo;immigration \u00e0 l&rsquo;Universit\u00e9 George Mason, dans l&rsquo;\u00c9tat de Virginie, estime que m\u00eame une suspension de courte dur\u00e9e de la d\u00e9livrance de visas pourrait avoir des r\u00e9percussions majeures dans tout le pays.<\/p>\n<p>\u00ab\u00a0Cette pause est extr\u00eamement dommageable, explique Michael Clemens. Cela cr\u00e9e un climat d&rsquo;incertitude extr\u00eame pour les \u00e9tudiants qui envisagent de faire l&rsquo;\u00e9norme investissement pour venir \u00e9tudier aux \u00c9tats-Unis. Dans de nombreux \u00c9tats, le syst\u00e8me universitaire est soit le plus grand employeur, comme dans l&rsquo;\u00c9tat de l&rsquo;Alabama, soit l&rsquo;un des plus grands\u00a0\u00bb.<\/p>\n<p>L&rsquo;expert ajoute qu&rsquo;une <a href=\"https:\/\/fr.news.yahoo.com\/harvard-interdite-d-accueillir-%C3%A9tudiants-165500344.html\" data-ylk=\"slk:baisse du nombre d&#039;\u00e9tudiants internationaux;elm:context_link;itc:0;sec:content-canvas;outcm:mb_qualified_link;_E:mb_qualified_link;ct:story;\" class=\"link  yahoo-link\" rel=\"nofollow noopener\" target=\"_blank\">baisse du nombre d&rsquo;\u00e9tudiants internationaux<\/a> pourrait r\u00e9duire le potentiel de cr\u00e9ation de nouvelles entreprises et \u00e9touffer l&rsquo;innovation am\u00e9ricaine. Selon lui, \u00ab\u00a015 % des start-ups \u00e0 forte croissance financ\u00e9es par du capital-risque en Am\u00e9rique \u2013 avec toute la cr\u00e9ation d&#8217;emplois, les investissements et les changements technologiques qu&rsquo;elles favorisent \u2013 d\u00e9pendent des \u00e9tudiants \u00e9trangers\u00a0\u00bb.<\/p>\n<p><img class=\"caas-img caas-lazy has-preview\" alt=\"Donald Trump accuse les universit\u00e9s am\u00e9ricaines de suivre une agenda &quot;woke&quot;, contraire aux valeurs traditionnelles du pays&lt;span class=&quot;copyright&quot;&gt;Manuel Balce Ceneta\/AP Photo\/picture alliance&lt;\/span&gt;\" data-src=\"https:\/\/www.europesays.com\/fr\/wp-content\/uploads\/2025\/05\/160075822e3af9f11856f63983c009f1.jpeg\"\/><\/p>\n<p>Donald Trump accuse les universit\u00e9s am\u00e9ricaines de suivre une agenda \u00ab\u00a0woke\u00a0\u00bb, contraire aux valeurs traditionnelles du paysManuel Balce Ceneta\/AP Photo\/picture alliance<\/p>\n<p>La r\u00e9putation des Etats-Unis s\u00e9v\u00e8rement \u00e9corn\u00e9e<\/p>\n<p>La suspension des proc\u00e9dures de visas pourrait \u00e9galement frapper durement les \u00e9conomies locales, puisque de nombreuses petites entreprises d\u00e9pendent de la main d&rsquo;\u0153uvre temporaire ou saisonni\u00e8re que repr\u00e9sentent les \u00e9tudiants \u00e9trangers.<\/p>\n<p>Plus largement, c&rsquo;est l&rsquo;image des Etats-Unis, qui est en train de subir des dommages colossaux. \u00ab\u00a0Les effets durables de la perte du statut des Etats-Unis pour des g\u00e9n\u00e9rations en tant que premi\u00e8re destination pour les talents du monde se feront sentir dans le monde rural et urbain partout dans le pays. Ces talents sont au c\u0153ur du dynamisme et de la croissance \u00e9conomique aux \u00c9tats-Unis, et personne n&rsquo;\u00e9chappera \u00e0 ces cons\u00e9quences\u00a0\u00bb.<\/p>\n<p>La suspension des visas est en effet synonyme d&rsquo;incertitudes et alimente de plus en plus la perte de confiance dans l&rsquo;\u00e9ducation aux \u00c9tats-Unis. Plus largement, avec la guerre aux subventions dans la recherche que m\u00e8ne l&rsquo;administration Trump, ce sont les perspectives de carri\u00e8re \u00e0 long terme aux Etats-Unis qui sont remises en question pour nombre d&rsquo;\u00e9tudiants.<\/p>\n<p>Pour l&rsquo;\u00e9conomiste Michael Clemens \u00ab\u00a0tant que le gouvernement am\u00e9ricain ne commencera pas \u00e0 essayer de r\u00e9tablir cette confiance, il me sera difficile, en toute conscience, de conseiller aux \u00e9tudiants de continuer \u00e0 venir aux \u00c9tats-Unis. C&rsquo;est d&rsquo;une tristesse indescriptible\u00a0\u00bb.<\/p>\n","protected":false},"excerpt":{"rendered":"Aux Etats-Unis, le d\u00e9partement d&rsquo;\u00c9tat am\u00e9ricain a suspendu le traitement des visas pour les \u00e9tudiants \u00e9trangers sur ordre&hellip;\n","protected":false},"author":2,"featured_media":139810,"comment_status":"","ping_status":"","sticky":false,"template":"","format":"standard","meta":{"footnotes":""},"categories":[1589],"tags":[11,73,1866,6898,666,26646,26645,12,467,1864,1865,26644,1863,308],"class_list":{"0":"post-139809","1":"post","2":"type-post","3":"status-publish","4":"format-standard","5":"has-post-thumbnail","7":"category-etats-unis","8":"tag-actualites","9":"tag-etats-unis","10":"tag-etats-unis-damerique","11":"tag-etudiants-etrangers","12":"tag-harvard","13":"tag-leconomie-americaine","14":"tag-michael-clemens","15":"tag-news","16":"tag-trump","17":"tag-united-states","18":"tag-united-states-of-america","19":"tag-universites-americaines","20":"tag-us","21":"tag-usa"},"share_on_mastodon":{"url":"https:\/\/pubeurope.com\/@fr\/114598144099451328","error":""},"_links":{"self":[{"href":"https:\/\/www.europesays.com\/fr\/wp-json\/wp\/v2\/posts\/139809","targetHints":{"allow":["GET"]}}],"collection":[{"href":"https:\/\/www.europesays.com\/fr\/wp-json\/wp\/v2\/posts"}],"about":[{"href":"https:\/\/www.europesays.com\/fr\/wp-json\/wp\/v2\/types\/post"}],"author":[{"embeddable":true,"href":"https:\/\/www.europesays.com\/fr\/wp-json\/wp\/v2\/users\/2"}],"replies":[{"embeddable":true,"href":"https:\/\/www.europesays.com\/fr\/wp-json\/wp\/v2\/comments?post=139809"}],"version-history":[{"count":0,"href":"https:\/\/www.europesays.com\/fr\/wp-json\/wp\/v2\/posts\/139809\/revisions"}],"wp:featuredmedia":[{"embeddable":true,"href":"https:\/\/www.europesays.com\/fr\/wp-json\/wp\/v2\/media\/139810"}],"wp:attachment":[{"href":"https:\/\/www.europesays.com\/fr\/wp-json\/wp\/v2\/media?parent=139809"}],"wp:term":[{"taxonomy":"category","embeddable":true,"href":"https:\/\/www.europesays.com\/fr\/wp-json\/wp\/v2\/categories?post=139809"},{"taxonomy":"post_tag","embeddable":true,"href":"https:\/\/www.europesays.com\/fr\/wp-json\/wp\/v2\/tags?post=139809"}],"curies":[{"name":"wp","href":"https:\/\/api.w.org\/{rel}","templated":true}]}}