{"id":139817,"date":"2025-05-30T18:17:09","date_gmt":"2025-05-30T18:17:09","guid":{"rendered":"https:\/\/www.europesays.com\/fr\/139817\/"},"modified":"2025-05-30T18:17:09","modified_gmt":"2025-05-30T18:17:09","slug":"lue-gagne-du-poids-dans-les-negociations-commerciales-alors-quun-tribunal-americain-remet-en-cause-les-droits-de-douane-selon-des-responsables-europeens","status":"publish","type":"post","link":"https:\/\/www.europesays.com\/fr\/139817\/","title":{"rendered":"L&rsquo;UE gagne du poids dans les n\u00e9gociations commerciales alors qu&rsquo;un tribunal am\u00e9ricain remet en cause les droits de douane, selon des responsables europ\u00e9ens"},"content":{"rendered":"<p>            L&rsquo;Union europ\u00e9enne a gagn\u00e9 en influence dans les n\u00e9gociations commerciales avec les \u00c9tats-Unis apr\u00e8s qu&rsquo;un tribunal am\u00e9ricain a remis en cause la l\u00e9galit\u00e9 des droits de douane \u00ab r\u00e9ciproques \u00bb impos\u00e9s par Washington, ont d\u00e9clar\u00e9 vendredi des responsables europ\u00e9ens.<\/p>\n<p>La Commission europ\u00e9enne a d\u00e9clar\u00e9 que les n\u00e9gociations commerciales entre Bruxelles et Washington se poursuivraient, l&rsquo;Europe maintenant sa proposition de droits de douane nuls sur les produits industriels.<\/p>\n<p>\u00ab Notre approche reste inchang\u00e9e, nous poursuivons comme pr\u00e9vu avec des r\u00e9unions techniques et politiques la semaine prochaine \u00bb, a d\u00e9clar\u00e9 un porte-parole de la Commission.<\/p>\n<p>Une cour d&rsquo;appel f\u00e9d\u00e9rale am\u00e9ricaine a temporairement r\u00e9tabli jeudi les droits de douane impos\u00e9s par le pr\u00e9sident Donald Trump, au lendemain d&rsquo;une d\u00e9cision d&rsquo;un tribunal commercial am\u00e9ricain qui avait jug\u00e9 que M. Trump avait outrepass\u00e9 ses pouvoirs en imposant ces droits et ordonn\u00e9 leur suspension imm\u00e9diate.<\/p>\n<p>\u00ab L&rsquo;incertitude quant \u00e0 la l\u00e9galit\u00e9 des droits de douane \u00ab r\u00e9ciproques \u00bb nous donne certainement un avantage suppl\u00e9mentaire \u00bb, a d\u00e9clar\u00e9 un responsable europ\u00e9en proche des n\u00e9gociations. \u00ab Les n\u00e9gociations se poursuivront, car officiellement, nous continuons \u00e0 rechercher des droits de douane nuls \u00bb, a ajout\u00e9 ce responsable.<\/p>\n<p>L&rsquo;UE \u00e9tait \u00e9galement dispos\u00e9e \u00e0 discuter avec les \u00c9tats-Unis de certaines barri\u00e8res non commerciales, ont indiqu\u00e9 des responsables, mais sans aborder le syst\u00e8me fiscal de l&rsquo;UE, notamment la taxe sur la valeur ajout\u00e9e ou la taxe num\u00e9rique, ni les normes de s\u00e9curit\u00e9 alimentaire.<\/p>\n<p>La Commission, qui m\u00e8ne toutes les n\u00e9gociations commerciales au nom des 27 \u00c9tats membres, n&rsquo;a pas souhait\u00e9 commenter ces d\u00e9cisions, car il s&rsquo;agit de proc\u00e9dures internes aux \u00c9tats-Unis.<\/p>\n<p>Le commissaire europ\u00e9en au commerce, Maros Sefcovic, a d\u00e9clar\u00e9 dans un message publi\u00e9 sur le r\u00e9seau social X qu&rsquo;il s&rsquo;\u00e9tait entretenu vendredi par t\u00e9l\u00e9phone avec le secr\u00e9taire am\u00e9ricain au commerce, Howard Lutnick.<\/p>\n<p>\u00ab Nous avons investi beaucoup de temps et d&rsquo;efforts, car trouver des solutions tourn\u00e9es vers l&rsquo;avenir reste une priorit\u00e9 absolue pour l&rsquo;UE. Nous restons en contact permanent \u00bb, a d\u00e9clar\u00e9 M. Sefcovic sur X.<\/p>\n<p>D&rsquo;autres n\u00e9gociations commerciales entre les \u00c9tats-Unis et l&rsquo;UE sont pr\u00e9vues la semaine prochaine, en marge de la r\u00e9union du Conseil minist\u00e9riel de l&rsquo;OCDE qui se tiendra \u00e0 Paris les 3 et 4 juin.<\/p>\n<p>Les responsables europ\u00e9ens ont d\u00e9clar\u00e9 que les d\u00e9cisions des tribunaux am\u00e9ricains confirmaient le point de vue de l&rsquo;UE selon lequel les droits de douane \u00ab r\u00e9ciproques \u00bb impos\u00e9s le 2 avril sur tous les produits en provenance de l&rsquo;UE et de nombreux autres pays \u00e0 travers le monde \u00e9taient injustifi\u00e9s.<\/p>\n<p>Les responsables ont \u00e9galement d\u00e9clar\u00e9 que, bien que les tribunaux am\u00e9ricains n&rsquo;aient pas remis en cause les droits de douane de 25 % impos\u00e9s par Washington sur l&rsquo;acier, l&rsquo;aluminium et les voitures europ\u00e9ens, ces d\u00e9cisions pourraient \u00e9galement jouer un r\u00f4le dans les efforts de l&rsquo;UE pour obtenir une r\u00e9duction ou une suppression de ces droits.<\/p>\n<p>Ils ont \u00e9galement d\u00e9clar\u00e9 que l&rsquo;incertitude cr\u00e9\u00e9e par les d\u00e9cisions de justice et la politique tarifaire de l&rsquo;administration Trump avait \u00e9galement un aspect positif pour l&rsquo;Europe, consid\u00e9r\u00e9e par les march\u00e9s comme une oasis de stabilit\u00e9 en comparaison.<\/p>\n<p>\u00ab Le mot d&rsquo;ordre est le suivant : incertitude. Il est impossible de savoir quelle sera la situation des droits de douane la semaine prochaine, sans parler du mois prochain ! \u00bb, a d\u00e9clar\u00e9 le responsable europ\u00e9en.<\/p>\n<p>\u00ab Si vous souhaitez un ordre rationnel, stable, voire ennuyeux, fond\u00e9 sur des r\u00e8gles et un environnement commercial pr\u00e9visible, l&rsquo;Europe est faite pour vous ! \u00bb, a d\u00e9clar\u00e9 le responsable. (Reportage suppl\u00e9mentaire de Julia Payne ; reportage de Jan Strupczewski. \u00c9dit\u00e9 par Jane Merriman)<\/p>\n","protected":false},"excerpt":{"rendered":"L&rsquo;Union europ\u00e9enne a gagn\u00e9 en influence dans les n\u00e9gociations commerciales avec les \u00c9tats-Unis apr\u00e8s qu&rsquo;un tribunal am\u00e9ricain a&hellip;\n","protected":false},"author":2,"featured_media":139818,"comment_status":"","ping_status":"","sticky":false,"template":"","format":"standard","meta":{"footnotes":""},"categories":[1586],"tags":[11,340,1777,674,1779,1011,27,12,25,1778,364],"class_list":{"0":"post-139817","1":"post","2":"type-post","3":"status-publish","4":"format-standard","5":"has-post-thumbnail","7":"category-europe","8":"tag-actualites","9":"tag-bourse","10":"tag-eu","11":"tag-europe","12":"tag-european-union","13":"tag-fr","14":"tag-france","15":"tag-news","16":"tag-republique-francaise","17":"tag-ue","18":"tag-union-europeenne"},"share_on_mastodon":{"url":"https:\/\/pubeurope.com\/@fr\/114598159561322851","error":""},"_links":{"self":[{"href":"https:\/\/www.europesays.com\/fr\/wp-json\/wp\/v2\/posts\/139817","targetHints":{"allow":["GET"]}}],"collection":[{"href":"https:\/\/www.europesays.com\/fr\/wp-json\/wp\/v2\/posts"}],"about":[{"href":"https:\/\/www.europesays.com\/fr\/wp-json\/wp\/v2\/types\/post"}],"author":[{"embeddable":true,"href":"https:\/\/www.europesays.com\/fr\/wp-json\/wp\/v2\/users\/2"}],"replies":[{"embeddable":true,"href":"https:\/\/www.europesays.com\/fr\/wp-json\/wp\/v2\/comments?post=139817"}],"version-history":[{"count":0,"href":"https:\/\/www.europesays.com\/fr\/wp-json\/wp\/v2\/posts\/139817\/revisions"}],"wp:featuredmedia":[{"embeddable":true,"href":"https:\/\/www.europesays.com\/fr\/wp-json\/wp\/v2\/media\/139818"}],"wp:attachment":[{"href":"https:\/\/www.europesays.com\/fr\/wp-json\/wp\/v2\/media?parent=139817"}],"wp:term":[{"taxonomy":"category","embeddable":true,"href":"https:\/\/www.europesays.com\/fr\/wp-json\/wp\/v2\/categories?post=139817"},{"taxonomy":"post_tag","embeddable":true,"href":"https:\/\/www.europesays.com\/fr\/wp-json\/wp\/v2\/tags?post=139817"}],"curies":[{"name":"wp","href":"https:\/\/api.w.org\/{rel}","templated":true}]}}