{"id":139821,"date":"2025-05-30T18:19:09","date_gmt":"2025-05-30T18:19:09","guid":{"rendered":"https:\/\/www.europesays.com\/fr\/139821\/"},"modified":"2025-05-30T18:19:09","modified_gmt":"2025-05-30T18:19:09","slug":"top-14-les-compositions-de-clermont-stade-francais-etienne-fourcade-titulaire-samuel-ezeala-prefere-a-lester-etien","status":"publish","type":"post","link":"https:\/\/www.europesays.com\/fr\/139821\/","title":{"rendered":"Top 14 &#8211; Les compositions de Clermont &#8211; Stade fran\u00e7ais : \u00c9tienne Fourcade titulaire, Samuel Ezeala pr\u00e9f\u00e9r\u00e9 \u00e0 Lester Etien"},"content":{"rendered":"<p>\n                Pour ouvrir le bal de cette 25e et avant-derni\u00e8re journ\u00e9e de Top 14 (samedi, 14h30), Clermont accueille le Stade fran\u00e7ais avec une solide \u00e9quipe o\u00f9 le talonneur \u00c9tienne Fourcade sera titulaire pour la premi\u00e8re fois de 2025. Les Soldats Roses, quant \u00e0 eux, \u00e9volueront avec Samuel Ezeala sur l&rsquo;aile gauche en lieu et place de Lester Etien, sur le banc.\n            <\/p>\n<p><strong>Le XV de d\u00e9part\u00a0de l&rsquo;ASM<\/strong>\u00a0:\u00a015. Newsome ; 14. Delguy, 13. Darricarr\u00e8re, 12. Simone, 11. Raka ; 10. Urdapilleta, 9. Jauneau (cap.) ; 7. Kremer, 8.Sowakula, 6. Tixeront ; 5. Ceyte, 4. Yato ; 3. Montagne, 2. Fourcade, 1. Akhaladze.<\/p>\n<p>Rempla\u00e7ants\u00a0:\u00a016. Massa, 17. Frisach, 18. Lanen, 19. Fischer, 20. B\u00e9zy, 21. Belleau , 22. Tauzin, 23. Montagne.<\/p>\n<p><strong>Le XV de d\u00e9part du Stade fran\u00e7ais<\/strong>\u00a0:\u00a015. Barr\u00e9\u2005; 14. Laloi, 13. Marchant, 12. Ward (cap), 11. Ezeala ; 10. Henry, 9. Foursans-Bourdette\u2005; 7. Briatte, 8.Macalou, 6. Halaifonua\u2005; 5. Pesenti, 4. Azagoh ; 3.P. Alo-Emile, 2. Peyresblanques, 1. M. Alo-Emile.<\/p>\n<blockquote data-class=\"twitter-tweet\">\n<p lang=\"fr\" dir=\"ltr\">\\ud83c\\udf38 ?? ?????<\/p>\n<p>D\u00e9couvrez les 23 Parisiens align\u00e9s pour la 25e journ\u00e9e de Top 14 face \u00e0 Clermont, samedi \u00e0 14:30 \\ud83d\\udca5<a href=\"https:\/\/twitter.com\/hashtag\/ASMSFP?src=hash&amp;ref_src=twsrc%5Etfw\" rel=\"nofollow noopener\" target=\"_blank\">#ASMSFP<\/a> | avec \u211d???? <a href=\"https:\/\/t.co\/hRaExezfnv\" rel=\"nofollow\">pic.twitter.com\/hRaExezfnv<\/a><\/p>\n<p>\u2014 Stade Fran\u00e7ais Paris (@SFParisRugby) <a href=\"https:\/\/twitter.com\/SFParisRugby\/status\/1928473978382762176?ref_src=twsrc%5Etfw\" rel=\"nofollow noopener\" target=\"_blank\">May 30, 2025<\/a><\/p><\/blockquote>\n<p>Rempla\u00e7ants\u00a0:\u00a016. Nicotera, 17. Castets, 18. Van der Mescht, 19. Gabrillagues, 20. Hirigoyen, 21. Motassi, 22. \u00c9tien, 23. Melikidze.<\/p>\n<p>                    <script async src=\"https:\/\/platform.twitter.com\/widgets.js\" charset=\"utf-8\"><\/script><\/p>\n","protected":false},"excerpt":{"rendered":"Pour ouvrir le bal de cette 25e et avant-derni\u00e8re journ\u00e9e de Top 14 (samedi, 14h30), Clermont accueille le&hellip;\n","protected":false},"author":2,"featured_media":139822,"comment_status":"","ping_status":"","sticky":false,"template":"","format":"standard","meta":{"footnotes":""},"categories":[2],"tags":[11,1011,27,12,25],"class_list":{"0":"post-139821","1":"post","2":"type-post","3":"status-publish","4":"format-standard","5":"has-post-thumbnail","7":"category-actualites","8":"tag-actualites","9":"tag-fr","10":"tag-france","11":"tag-news","12":"tag-republique-francaise"},"share_on_mastodon":{"url":"https:\/\/pubeurope.com\/@fr\/114598167401330931","error":""},"_links":{"self":[{"href":"https:\/\/www.europesays.com\/fr\/wp-json\/wp\/v2\/posts\/139821","targetHints":{"allow":["GET"]}}],"collection":[{"href":"https:\/\/www.europesays.com\/fr\/wp-json\/wp\/v2\/posts"}],"about":[{"href":"https:\/\/www.europesays.com\/fr\/wp-json\/wp\/v2\/types\/post"}],"author":[{"embeddable":true,"href":"https:\/\/www.europesays.com\/fr\/wp-json\/wp\/v2\/users\/2"}],"replies":[{"embeddable":true,"href":"https:\/\/www.europesays.com\/fr\/wp-json\/wp\/v2\/comments?post=139821"}],"version-history":[{"count":0,"href":"https:\/\/www.europesays.com\/fr\/wp-json\/wp\/v2\/posts\/139821\/revisions"}],"wp:featuredmedia":[{"embeddable":true,"href":"https:\/\/www.europesays.com\/fr\/wp-json\/wp\/v2\/media\/139822"}],"wp:attachment":[{"href":"https:\/\/www.europesays.com\/fr\/wp-json\/wp\/v2\/media?parent=139821"}],"wp:term":[{"taxonomy":"category","embeddable":true,"href":"https:\/\/www.europesays.com\/fr\/wp-json\/wp\/v2\/categories?post=139821"},{"taxonomy":"post_tag","embeddable":true,"href":"https:\/\/www.europesays.com\/fr\/wp-json\/wp\/v2\/tags?post=139821"}],"curies":[{"name":"wp","href":"https:\/\/api.w.org\/{rel}","templated":true}]}}