{"id":139823,"date":"2025-05-30T18:20:15","date_gmt":"2025-05-30T18:20:15","guid":{"rendered":"https:\/\/www.europesays.com\/fr\/139823\/"},"modified":"2025-05-30T18:20:15","modified_gmt":"2025-05-30T18:20:15","slug":"sur-quelle-chaine-et-a-quelle-heure-voir-le-match-de-football-france-suisse","status":"publish","type":"post","link":"https:\/\/www.europesays.com\/fr\/139823\/","title":{"rendered":"Sur quelle cha\u00eene et \u00e0 quelle heure voir le match de football France-Suisse ?"},"content":{"rendered":"<p>France-Suisse, \u00e0 20h55, sur France 3<\/p>\n<p>C\u2019est un match important de la Ligue des nations que l\u2019\u00e9quipe de France f\u00e9minine de football joue ce soir au stade Marcel-Picot de Nancy. Son adversaire ? La Suisse. Une rencontre comment\u00e9e par Fabien L\u00e9v\u00eaque et Louisa Necib, avec St\u00e9phane Lippert. <strong>Dur\u00e9e : 2h10.\u00a0<\/strong><\/p>\n<p><strong>On vous conseille aussi&#8230;\u00a0<\/strong><\/p>\n<p><strong>Le grand concert du Philharmonique de Vienne au Palais Garnier, \u00e0 21h05, sur France 5.<\/strong> Le mythique Orchestre philharmonique de Vienne se produit au palais Garnier, \u00e0 Paris. Durant cette soir\u00e9e in\u00e9dite, pr\u00e9sent\u00e9e par St\u00e9phane Bern, on entendra, sous la direction du chef d\u2019orchestre Yannick N\u00e9zet-S\u00e9guin et gr\u00e2ce \u00e0 de nombreux artistes, des merveilles musicales sign\u00e9es Ravel, Bizet ou encore Tcha\u00efkovski. <strong>Dur\u00e9e : 1 h 35.\u00a0<\/strong><\/p>\n","protected":false},"excerpt":{"rendered":"France-Suisse, \u00e0 20h55, sur France 3 C\u2019est un match important de la Ligue des nations que l\u2019\u00e9quipe de&hellip;\n","protected":false},"author":2,"featured_media":139824,"comment_status":"","ping_status":"","sticky":false,"template":"","format":"standard","meta":{"footnotes":""},"categories":[4],"tags":[11,1011,27,12,25],"class_list":{"0":"post-139823","1":"post","2":"type-post","3":"status-publish","4":"format-standard","5":"has-post-thumbnail","7":"category-france","8":"tag-actualites","9":"tag-fr","10":"tag-france","11":"tag-news","12":"tag-republique-francaise"},"share_on_mastodon":{"url":"https:\/\/pubeurope.com\/@fr\/114598171430124491","error":""},"_links":{"self":[{"href":"https:\/\/www.europesays.com\/fr\/wp-json\/wp\/v2\/posts\/139823","targetHints":{"allow":["GET"]}}],"collection":[{"href":"https:\/\/www.europesays.com\/fr\/wp-json\/wp\/v2\/posts"}],"about":[{"href":"https:\/\/www.europesays.com\/fr\/wp-json\/wp\/v2\/types\/post"}],"author":[{"embeddable":true,"href":"https:\/\/www.europesays.com\/fr\/wp-json\/wp\/v2\/users\/2"}],"replies":[{"embeddable":true,"href":"https:\/\/www.europesays.com\/fr\/wp-json\/wp\/v2\/comments?post=139823"}],"version-history":[{"count":0,"href":"https:\/\/www.europesays.com\/fr\/wp-json\/wp\/v2\/posts\/139823\/revisions"}],"wp:featuredmedia":[{"embeddable":true,"href":"https:\/\/www.europesays.com\/fr\/wp-json\/wp\/v2\/media\/139824"}],"wp:attachment":[{"href":"https:\/\/www.europesays.com\/fr\/wp-json\/wp\/v2\/media?parent=139823"}],"wp:term":[{"taxonomy":"category","embeddable":true,"href":"https:\/\/www.europesays.com\/fr\/wp-json\/wp\/v2\/categories?post=139823"},{"taxonomy":"post_tag","embeddable":true,"href":"https:\/\/www.europesays.com\/fr\/wp-json\/wp\/v2\/tags?post=139823"}],"curies":[{"name":"wp","href":"https:\/\/api.w.org\/{rel}","templated":true}]}}