{"id":139833,"date":"2025-05-30T18:27:12","date_gmt":"2025-05-30T18:27:12","guid":{"rendered":"https:\/\/www.europesays.com\/fr\/139833\/"},"modified":"2025-05-30T18:27:12","modified_gmt":"2025-05-30T18:27:12","slug":"voir-la-voiture-dalonso-avec-qui-jai-grandi-cest-incroyable-les-renault-f1-volent-la-vedette-aux-ferrari-au-vigeant","status":"publish","type":"post","link":"https:\/\/www.europesays.com\/fr\/139833\/","title":{"rendered":"\u00ab\u00a0Voir la voiture d\u2019Alonso avec qui j\u2019ai grandi, c\u2019est incroyable.\u00a0\u00bb Les Renault F1 volent la vedette aux Ferrari au Vigeant"},"content":{"rendered":"<p>\u00ab\u00a0Je n\u2019y connais rien mais moi Jabouille, \u00e7a me parle.\u00a0\u00bb Ces deux dames aux cheveux grisonnants n\u2019en reviennent pas de voir pour de vrai la voiture de Jean-Pierre Jabouille (d\u00e9c\u00e9d\u00e9 en 2023) qui est l\u2019artisan de la premi\u00e8re victoire de Renault en Formule 1. Cette <a title=\"Lien vers la NR 86 : &quot;Renault star de la 31e \u00e9dition de Sport et Collection au Vigeant&quot;\" target=\"_self\" href=\"https:\/\/www.lanouvellerepublique.fr\/poitiers\/renault-star-de-la-31e-edition-de-sport-et-collection-au-vigeant-1747842935\" rel=\"noopener\">exposition<\/a> de quinze Formule 1 (des Renault et des Williams \u00e9quip\u00e9es de moteur Renault) est un vrai mus\u00e9e vivant. Et m\u00eame si vous n\u2019\u00eates pas une pointure en sport automobile, \u00e7a vous fera quand m\u00eame quelque chose de d\u00e9couvrir l\u2019une des voitures avec le nom d\u2019Alain Prost inscrite dessus. Les souvenirs de dimanche apr\u00e8s-midi devant la t\u00e9l\u00e9 ne sont jamais tr\u00e8s loin.<\/p>\n<p>Cette exposition a \u00e9t\u00e9 mont\u00e9e pour f\u00eater le titre de champion du monde de Fernando Alonso en 2005. Et forc\u00e9ment la Formule 1 de l\u2019Espagnol est la vedette du week-end. Ce qui bouleverse Maxime, 31\u00a0ans\u00a0: \u00ab\u00a0Voir la voiture d\u2019Alonso avec qui j\u2019ai grandi, c\u2019est incroyable.\u00a0\u00bb Ce facteur de La\u00a0Rochelle porte une casquette Ferrari mais est un fan de Renault.<\/p>\n<p><img alt=\"La voiture de Fernando Alonso est la vedette de l\u2019exposition.\" loading=\"lazy\" width=\"980\" height=\"573\" decoding=\"async\" data-nimg=\"1\" class=\"img-responsive spinner-show\" style=\"color:transparent;background-size:cover;background-position:50% 50%;background-repeat:no-repeat;background-image:url(&quot;data:image\/svg+xml;charset=utf-8,%3Csvg xmlns=\" http:=\"\" viewbox=\"0 0 980 573\" id=\"b\" color-interpolation-filters=\"sRGB\" stddeviation=\"20\" values=\"1 0 0 0 0 0 1 0 0 0 0 0 1 0 0 0 0 0 100 -1\" result=\"s\" x=\"0\" y=\"0\" operator=\"out\" in=\"s\" in2=\"SourceGraphic\" preserveaspectratio=\"none\" href=\"https:\/\/images.lanouvellerepublique.fr\/image\/upload\/t_88w\/f_auto\/6839f6299d9936ee6f8b4591.jpg\"   src=\"https:\/\/www.europesays.com\/fr\/wp-content\/uploads\/2025\/05\/6839f6299d9936ee6f8b4591.jpg\"\/><\/p>\n<p style=\"background-color:#F2F2F2;padding:5px;margin-top:0px;margin-bottom:10px\">La voiture de Fernando Alonso est la vedette de l\u2019exposition.<br \/> \u00a9 (Photo NR-CP, Mathieu Herduin)<\/p>\n<p>\u00ab\u00a0Voir ces voitures comme \u00e7a, c\u2019est fabuleux. Ce sont des bijoux\u00a0\u00bb<\/p>\n<p>En vrai passionn\u00e9, il conna\u00eet toutes les voitures pr\u00e9sent\u00e9es, mais c\u2019est aussi un pilote de karting et \u00e9cume les kartings de <a title=\"Lien vers la NR et d&#039;autres articles concernant la commune\" target=\"_self\" href=\"https:\/\/www.lanouvellerepublique.fr\/loudun\" rel=\"noopener\">Loudun<\/a>, Nantes ou La\u00a0Rochelle. Il a m\u00eame pouss\u00e9 la passion \u00e0 se payer une journ\u00e9e pour piloter une Formule 3. Pas aussi f\u00e9ru que son neveu \u2013 m\u00eame si elle \u00ab\u00a0aime bien rouler\u00a0\u00bb \u2013 Annie qui habite <a title=\"Lien vers la NR 86 et d&#039;autres articles concernant la commune\" target=\"_self\" href=\"https:\/\/www.lanouvellerepublique.fr\/vienne\/commune\/neuville-de-poitou\" rel=\"noopener\">Neuville-de-Poitou<\/a>\u00a0\u00e9coute Maxime attentivement. Elle se dit m\u00eame impressionn\u00e9e par les avanc\u00e9es technologiques. \u00ab\u00a0L\u00e0, il y a le volant de Prost et l\u00e0, il y a l\u2019ordinateur d\u2019Alonso.\u00a0\u00bb<\/p>\n<p>Jacques et Bruno, 78 et 73\u00a0ans, sont venus de Limoges et d\u00e9couvrent pour la premi\u00e8re fois d\u2019aussi pr\u00e8s des Formule 1. \u00ab\u00a0Voir ces voitures comme \u00e7a, c\u2019est fabuleux. Ce sont des bijoux. On vient r\u00eaver.\u00a0\u00bb Fabrice de Lusignan parle de \u00ab\u00a0morceaux d\u2019histoire\u00a0\u00bb en d\u00e9couvrant ces quinze tableaux du sport fran\u00e7ais et \u00e9voque \u00ab\u00a0le g\u00e9nie\u00a0\u00bb des ing\u00e9nieurs de l\u2019\u00e9poque qui concevaient des voitures \u00ab\u00a0qui avaient de la gueule\u00a0\u00bb. Nostalgique de ce pass\u00e9, il regrette le c\u00f4t\u00e9 \u00ab\u00a0plus polic\u00e9\u00a0\u00bb de la Formule 1 de 2025.<\/p>\n<p><img alt=\"Outre les Renault Formule 1, on peut aussi d\u00e9couvrir quelques Williams \u00e9quip\u00e9es de moteur Renault.\" loading=\"lazy\" width=\"980\" height=\"573\" decoding=\"async\" data-nimg=\"1\" class=\"img-responsive spinner-show\" style=\"color:transparent;background-size:cover;background-position:50% 50%;background-repeat:no-repeat;background-image:url(&quot;data:image\/svg+xml;charset=utf-8,%3Csvg xmlns=\" http:=\"\" viewbox=\"0 0 980 573\" id=\"b\" color-interpolation-filters=\"sRGB\" stddeviation=\"20\" values=\"1 0 0 0 0 0 1 0 0 0 0 0 1 0 0 0 0 0 100 -1\" result=\"s\" x=\"0\" y=\"0\" operator=\"out\" in=\"s\" in2=\"SourceGraphic\" preserveaspectratio=\"none\" href=\"https:\/\/images.lanouvellerepublique.fr\/image\/upload\/t_88w\/f_auto\/6839f629eeb0611d738b4599.jpg\"   src=\"https:\/\/www.europesays.com\/fr\/wp-content\/uploads\/2025\/05\/6839f629eeb0611d738b4599.jpg\"\/><\/p>\n<p style=\"background-color:#F2F2F2;padding:5px;margin-top:0px;margin-bottom:10px\">Outre les Renault Formule 1, on peut aussi d\u00e9couvrir quelques Williams \u00e9quip\u00e9es de moteur Renault.<br \/> \u00a9 (Photo NR-CP, Mathieu Herduin)<\/p>\n<p>\u00a0<\/p>\n<p>Tony se montre aussi \u00ab\u00a0impressionn\u00e9\u00a0\u00bb par l\u2019exposition. Membre de l\u2019Automobile club de l\u2019Ouest, ce Lussacois de 52\u00a0ans est comme la plupart des visiteurs de Collections Passion un grand passionn\u00e9 de sport automobile. Il a m\u00eame eu la chance de monter dans une Formule Renault sur le circuit de Montlh\u00e9ry (Essonne) pour des pointes \u00e0 170\u00a0km\/h. Il en garde un souvenir \u00e9mu\u00a0: \u00ab\u00a0Quand on rentre un jour dans une formule Renault, on voit la vie diff\u00e9remment.\u00a0\u00bb Pour cette expo, les organisateurs ont aussi eu la bonne id\u00e9e de faire rouler deux Renault F1 sur le circuit du Vigeant. L\u2019une conduite par Ren\u00e9 Arnoux, l\u2019autre par Victor Jabouille, le fils de Jean-Pierre. Jabouille\u00a0? \u00c7a vous parle\u00a0?<\/p>\n<p>Samedi 31\u00a0mai 2025, d\u00e8s 14\u00a0h\u00a030, un meeting de l\u2019arm\u00e9e de l\u2019Air est organis\u00e9 avec la pr\u00e9sence d\u2019un Rafale. Deux heures plus tard, c\u2019est l\u2019heure du concours d\u2019\u00e9l\u00e9gance automobile au centre du circuit.<br \/>Pass circuit (acc\u00e8s enceintes g\u00e9n\u00e9rales)\u00a0: 13\u00a0\u20ac pour une journ\u00e9e\u00a0; 22\u00a0\u20ac entre deux et quatre jours. Pass circuit et paddock (acc\u00e8s enceintes g\u00e9n\u00e9rales et paddock)\u00a0: 27\u00a0\u20ac pour une journ\u00e9e\u00a0; 37\u00a0\u20ac entre deux et quatre jours. Bapt\u00eames (\u00e2ge minimum 16\u00a0ans)\u00a0: 40\u00a0\u20ac sur place uniquement\u00a0; gratuit pour les moins de 12\u00a0ans. Plus d\u2019infos sur sportetcollection.org<\/p>\n","protected":false},"excerpt":{"rendered":"\u00ab\u00a0Je n\u2019y connais rien mais moi Jabouille, \u00e7a me parle.\u00a0\u00bb Ces deux dames aux cheveux grisonnants n\u2019en reviennent&hellip;\n","protected":false},"author":2,"featured_media":139834,"comment_status":"","ping_status":"","sticky":false,"template":"","format":"standard","meta":{"footnotes":""},"categories":[1412],"tags":[1392,1976,646,1451,1452,1453,1454,1455,1011,27,26647,1393,4387,60,1584],"class_list":{"0":"post-139833","1":"post","2":"type-post","3":"status-publish","4":"format-standard","5":"has-post-thumbnail","7":"category-f1","8":"tag-a-la-une-local","9":"tag-auto-moto","10":"tag-automobile","11":"tag-f1","12":"tag-formula-1","13":"tag-formula1","14":"tag-formule-1","15":"tag-formule1","16":"tag-fr","17":"tag-france","18":"tag-le-vigeant","19":"tag-loisirs","20":"tag-loisirs-sportifs","21":"tag-sports","22":"tag-vienne"},"share_on_mastodon":{"url":"https:\/\/pubeurope.com\/@fr\/114598198941836482","error":""},"_links":{"self":[{"href":"https:\/\/www.europesays.com\/fr\/wp-json\/wp\/v2\/posts\/139833","targetHints":{"allow":["GET"]}}],"collection":[{"href":"https:\/\/www.europesays.com\/fr\/wp-json\/wp\/v2\/posts"}],"about":[{"href":"https:\/\/www.europesays.com\/fr\/wp-json\/wp\/v2\/types\/post"}],"author":[{"embeddable":true,"href":"https:\/\/www.europesays.com\/fr\/wp-json\/wp\/v2\/users\/2"}],"replies":[{"embeddable":true,"href":"https:\/\/www.europesays.com\/fr\/wp-json\/wp\/v2\/comments?post=139833"}],"version-history":[{"count":0,"href":"https:\/\/www.europesays.com\/fr\/wp-json\/wp\/v2\/posts\/139833\/revisions"}],"wp:featuredmedia":[{"embeddable":true,"href":"https:\/\/www.europesays.com\/fr\/wp-json\/wp\/v2\/media\/139834"}],"wp:attachment":[{"href":"https:\/\/www.europesays.com\/fr\/wp-json\/wp\/v2\/media?parent=139833"}],"wp:term":[{"taxonomy":"category","embeddable":true,"href":"https:\/\/www.europesays.com\/fr\/wp-json\/wp\/v2\/categories?post=139833"},{"taxonomy":"post_tag","embeddable":true,"href":"https:\/\/www.europesays.com\/fr\/wp-json\/wp\/v2\/tags?post=139833"}],"curies":[{"name":"wp","href":"https:\/\/api.w.org\/{rel}","templated":true}]}}