{"id":139835,"date":"2025-05-30T18:28:09","date_gmt":"2025-05-30T18:28:09","guid":{"rendered":"https:\/\/www.europesays.com\/fr\/139835\/"},"modified":"2025-05-30T18:28:09","modified_gmt":"2025-05-30T18:28:09","slug":"giro-tour-ditalie-isaac-del-toro-jai-regarde-simon-yates-il-ma-regarde-et","status":"publish","type":"post","link":"https:\/\/www.europesays.com\/fr\/139835\/","title":{"rendered":"Giro. Tour d&rsquo;Italie &#8211; Isaac Del Toro : \u00abJ&rsquo;ai regard\u00e9 Simon Yates, il m&rsquo;a regard\u00e9 et&#8230;\u00bb"},"content":{"rendered":"<p>Demain soir nous saurons qui remportera le <strong>Tour d&rsquo;Italie<\/strong> 2025. Ils sont encore plusieurs \u00e0 pouvoir r\u00eaver de victoire finale m\u00eame si on semble0 se diriger vers un match \u00e0 3 entre <strong><a href=\"https:\/\/www.cyclismactu.net\/..\/news-giro-route-tour-d-italie-simon-yates-notre-plan-on-va-devoir-revoir-ca-avec-equipe-88137.html\" target=\"_blank\" rel=\"nofollow noopener\">Simon Yates<\/a> <\/strong>(Team Visma | Lease a Bike), <strong>Richard Carapaz <\/strong>(EF Education-EasyPost) et <strong>Isaac Del Toro <\/strong>(UAE Team Emirates XRG). \u00c0 l&rsquo;attaque lors de cette 19\u00e8me \u00e9tape remport\u00e9e par le Fran\u00e7ais\u00a0<strong><a href=\"https:\/\/www.cyclismactu.net\/..\/news-giro-route-tour-d-italie-prodhomme-19e-etape-1ere-francaise-del-toro-pas-inquiete-88134.html\" target=\"_blank\" rel=\"nofollow noopener\">Nicolas Prodhomme<\/a>\u00a0<\/strong>(Decathlon AG2R La Mondiale) les deux Sud-Am\u00e9ricains ont repris une trentaine de secondes \u00e0 l&rsquo;Anglais. Une bonne op\u00e9ration pour le maillot rose <strong>Del Toro <\/strong>m\u00eame s&rsquo;il ne veut pas encore parler de victoire finale.<\/p>\n<p>Vid\u00e9o &#8211; La conf\u00e9rence de presse d&rsquo;Isaac Del Toro apr\u00e8s la 19e \u00e9tape Lire la suite de l&rsquo;article&#13;<\/p>\n<p>\u00a0<\/p>\n<p>&#13;<br \/>\nPas de prises de risques avant l&rsquo;\u00e9tape de demain&#13;<\/p>\n<p><strong>Del Toro <\/strong>a tout d&rsquo;abord f\u00e9licit\u00e9 le \u00ab\u00a0fantastique travail\u00a0\u00bb de ses \u00e9quipiers et notamment celui d&rsquo;un <strong>Rafal Majka <\/strong>omnipr\u00e9sent. Il a ensuite expliqu\u00e9 comment il a contenu les assauts de son dauphin au classement g\u00e9n\u00e9ral <strong>Richard Carapaz <\/strong>:\u00a0\u00ab\u00a0La premi\u00e8re fois que Carapaz a attaqu\u00e9, j&rsquo;ai regard\u00e9 Simon Yates et il m&rsquo;a regard\u00e9 un peu pour se demander \u00e0 qui c&rsquo;\u00e9tait le tour d&rsquo;y aller. Finalement j&rsquo;y suis all\u00e9 et puis Rafa Majka est revenu. Et puis dans le dernier col il a attaqu\u00e9 plus fort. Il allait vite parce que ce n&rsquo;\u00e9tait pas si pentu que \u00e7a mais j&rsquo;avais les jambes pour le suivre. Aujourd&rsquo;hui on avait d\u00e9cid\u00e9 de jouer la s\u00e9curit\u00e9 et d&rsquo;\u00e9viter les chutes donc je n&rsquo;ai pas pris de risques.\u00a0\u00bb<\/p>\n<p>&#13;<\/p>\n<p>\u00a0<\/p>\n<p>&#13;<br \/>\nUne popularit\u00e9 grandissante dans son pays&#13;<\/p>\n<p>Comme l&rsquo;a fait remarqu\u00e9 un journaliste, la pr\u00e9sidente du Mexique en personne a f\u00e9licit\u00e9 <strong>Del Toro<\/strong>. Un soutien inattendu pour le jeune homme : \u00ab\u00a0Le soutien que je re\u00e7ois des Mexicains est formidable. Ils d\u00e9couvrent ce sport petit \u00e0 petit et \u00e0 quel point c&rsquo;est dur. Je ne peux pas croire que je suis celui qui repr\u00e9sente tous ces gens. Mes chances de remporter le Giro n&rsquo;ont pas chang\u00e9. Nous allons rentrer \u00e0 l&rsquo;h\u00f4tel et demain sera un nouveau jour.\u00a0\u00bb<\/p>\n<p>Tour d&rsquo;Italie &#8211; Classement de la 19\u00e8 \u00e9tape Tour d&rsquo;Italie &#8211; Classement g\u00e9n\u00e9ral provisoire apr\u00e8s la 19\u00e8 \u00e9tape<\/p>\n","protected":false},"excerpt":{"rendered":"Demain soir nous saurons qui remportera le Tour d&rsquo;Italie 2025. Ils sont encore plusieurs \u00e0 pouvoir r\u00eaver de&hellip;\n","protected":false},"author":2,"featured_media":139836,"comment_status":"","ping_status":"","sticky":false,"template":"","format":"standard","meta":{"footnotes":""},"categories":[1411],"tags":[1154,207,1011,27,209,60,3318,208],"class_list":{"0":"post-139835","1":"post","2":"type-post","3":"status-publish","4":"format-standard","5":"has-post-thumbnail","7":"category-cyclisme","8":"tag-cycling","9":"tag-cyclisme","10":"tag-fr","11":"tag-france","12":"tag-route","13":"tag-sports","14":"tag-tour-d","15":"tag-velo"},"share_on_mastodon":{"url":"https:\/\/pubeurope.com\/@fr\/114598202826086651","error":""},"_links":{"self":[{"href":"https:\/\/www.europesays.com\/fr\/wp-json\/wp\/v2\/posts\/139835","targetHints":{"allow":["GET"]}}],"collection":[{"href":"https:\/\/www.europesays.com\/fr\/wp-json\/wp\/v2\/posts"}],"about":[{"href":"https:\/\/www.europesays.com\/fr\/wp-json\/wp\/v2\/types\/post"}],"author":[{"embeddable":true,"href":"https:\/\/www.europesays.com\/fr\/wp-json\/wp\/v2\/users\/2"}],"replies":[{"embeddable":true,"href":"https:\/\/www.europesays.com\/fr\/wp-json\/wp\/v2\/comments?post=139835"}],"version-history":[{"count":0,"href":"https:\/\/www.europesays.com\/fr\/wp-json\/wp\/v2\/posts\/139835\/revisions"}],"wp:featuredmedia":[{"embeddable":true,"href":"https:\/\/www.europesays.com\/fr\/wp-json\/wp\/v2\/media\/139836"}],"wp:attachment":[{"href":"https:\/\/www.europesays.com\/fr\/wp-json\/wp\/v2\/media?parent=139835"}],"wp:term":[{"taxonomy":"category","embeddable":true,"href":"https:\/\/www.europesays.com\/fr\/wp-json\/wp\/v2\/categories?post=139835"},{"taxonomy":"post_tag","embeddable":true,"href":"https:\/\/www.europesays.com\/fr\/wp-json\/wp\/v2\/tags?post=139835"}],"curies":[{"name":"wp","href":"https:\/\/api.w.org\/{rel}","templated":true}]}}