{"id":139841,"date":"2025-05-30T18:31:13","date_gmt":"2025-05-30T18:31:13","guid":{"rendered":"https:\/\/www.europesays.com\/fr\/139841\/"},"modified":"2025-05-30T18:31:13","modified_gmt":"2025-05-30T18:31:13","slug":"ce-varois-est-nomme-parmi-les-25-photographes-de-la-voie-lactee-de-lannee-grace-a-un-cliche-pris-a-saint-raphael","status":"publish","type":"post","link":"https:\/\/www.europesays.com\/fr\/139841\/","title":{"rendered":"Ce Varois est nomm\u00e9 parmi les 25 \u00ab\u00a0photographes de la voie lact\u00e9e\u00a0\u00bb de l&rsquo;ann\u00e9e gr\u00e2ce \u00e0 un clich\u00e9 pris \u00e0 Saint-Rapha\u00ebl"},"content":{"rendered":"<p>Anthony Lopez photographie la voie lact\u00e9e dans de nombreuses r\u00e9gions, du Mercantour aux Pyr\u00e9n\u00e9es en passant par La Palma (Les Canaries). Mais la photo pour laquelle le Varois a \u00e9t\u00e9 distingu\u00e9 provient de Saint-Rapha\u00ebl&#8230; \u00ab\u00a0La ville est repr\u00e9sent\u00e9e aux c\u00f4t\u00e9s de la Patagonie, du Chili et d\u2019autres, je suis content\u00a0\u00bb, exprime le Rapha\u00eblois.<\/p>\n<p>Le site sp\u00e9cialis\u00e9 dans le voyage et la photographie, Capture the Atlas, a nomm\u00e9 Anthony dans les 25 \u2018\u2018photographes de la voie lact\u00e9e\u2019\u2019 de l\u2019ann\u00e9e 2025. C\u2019est le seul Fran\u00e7ais \u00e0 en faire partie cette ann\u00e9e. Une vision sur la Corniche d\u2019Or depuis la grotte de Saint-Barth\u00e9lemy, c\u2019est ce qui a conquis Dan Zafra, fondateur du groupe et son \u00e9quipe de Capture the Atlas.<\/p>\n<p>\u00ab\u00a0Le jour o\u00f9 j\u2019ai publi\u00e9 la photo, Dan m\u2019a envoy\u00e9 un message pour me dire qu\u2019il n\u2019avait jamais vu une photo prise de cette mani\u00e8re, avec ce point de vue. Il trouvait cela tr\u00e8s original. C\u2019\u00e9tait tr\u00e8s flatteur\u00a0\u00bb, explique fi\u00e8rement Anthony Lopez. Sa premi\u00e8re photo de la voie lact\u00e9e remonte \u00e0 plus de sept ans. Elle avait \u00e9t\u00e9 prise non loin de la grotte, \u00e0 la pointe de l\u2019observatoire.<\/p>\n<p><strong>Une trentaine de sorties par an<\/strong><\/p>\n<p>Adepte de photos de paysages, Anthony Lopez a commenc\u00e9 \u00e0 s\u2019int\u00e9resser, par hasard, \u00e0 l\u2019astrophotographie, lors d\u2019une sortie. \u00ab\u00a0Je me baladais, je regardais le ciel et j\u2019ai vu des sortes de nuages. J\u2019ai pens\u00e9 \u00e0 la voie lact\u00e9e. J\u2019ai sorti mon appareil photo pour confirmer. Ensuite, j\u2019ai voulu la prendre en photo dans d\u2019autres endroits\u00a0\u00bb. Une passion a \u00e9merg\u00e9.<\/p>\n<p>Depuis, il r\u00e9alise une trentaine de sorties par an, poste ses productions sur son compte Instagram, gr\u00e2ce \u00e0 quoi il se fait conna\u00eetre. \u00ab\u00a0Mon travail est respect\u00e9 par de grands photographes qui commentent mes publications. \u00c7a fait plaisir\u00a0\u00bb.<\/p>\n<p>Cette nomination aux c\u00f4t\u00e9s de professionnels qu\u2019il qualifie de \u00ab\u00a0grands noms\u00a0\u00bb est une cons\u00e9cration pour lui. \u00ab\u00a0C\u2019est un privil\u00e8ge\u00a0\u00bb, insiste-t-il.<\/p>\n<p><strong>Un long processus<\/strong><\/p>\n<p>Pour la photo pl\u00e9biscit\u00e9e, Anthony Lopez a consacr\u00e9 plus de dix heures de travail, de la pr\u00e9paration au traitement des images. Selon lui, la meilleure p\u00e9riode pour l\u2019astrophotographie sur la C\u00f4te d\u2019Azur correspond aux mois qui pr\u00e9c\u00e8dent l\u2019\u00e9t\u00e9. \u00ab\u00a0Plus on s\u2019avance dans la saison estivale, plus le centre galactique se l\u00e8ve du c\u00f4t\u00e9 du sud-ouest, vers la pollution des villes\u00a0\u00bb, explique le photographe professionnel.<\/p>\n<p>En effet, la proximit\u00e9 avec la lumi\u00e8re citadine est d\u00e9l\u00e9t\u00e8re pour obtenir une image de qualit\u00e9, tout comme celle de la lune. \u00ab\u00a0Je cherche \u00e0 avoir le maximum de temps sans lune \u00ab\u00a0, poursuit-il.<\/p>\n<p>Sur place, Anthony Lopez doit calculer plusieurs \u00e9l\u00e9ments pour ses prises. \u00ab\u00a0Je prends le temps de m\u2019installer, de voir mes diff\u00e9rentes possibilit\u00e9s en termes de cadrage. Il existe des applications pour voir le placement de la voie lact\u00e9e selon l\u2019heure. Je commence \u00e0 faire mes premiers plans. D\u00e8s que le ciel est bien positionn\u00e9 par rapport \u00e0 mon plan, je d\u00e9marre.\u00a0\u00bb<\/p>\n<p><strong>Assemblage d\u2019images<\/strong><\/p>\n<p>              <img ci-src=\"https:\/\/www.varmatin.com\/vie-locale\/protec\/DATA_ART_15615612-Bbhvpe9y.jpg?vh=58b7ba&amp;ci_seal=2cde140151\" alt=\"\"\/><br \/>\n        La photo prim\u00e9e par le site Internet Capture the Atlas. <strong>Photo Anthony Lopez.<\/strong> <\/p>\n<p>Le processus n\u2019est pas termin\u00e9 apr\u00e8s la prise, il reste encore l\u2019\u00e9tape de la retouche et du traitement. \u00ab\u00a0Pour la photo de la grotte, j\u2019ai assembl\u00e9 entre cinq et sept images afin d\u2019accentuer les d\u00e9tails et d\u2019am\u00e9liorer la qualit\u00e9. Ensuite, avec Photoshop, j\u2019essaie de faire ressortir tous les \u00e9l\u00e9ments.\u00a0\u00bb<\/p>\n<p>En parall\u00e8le, Anthony Lopez d\u00e9veloppe son r\u00e9seau avec diff\u00e9rentes activit\u00e9s, telles que la vente de vid\u00e9os tutoriels ou, bient\u00f4t, la r\u00e9alisation de stages d\u2019astrophotographie dans le Verdon.<\/p>\n<p>Et le Rapha\u00eblois pourrait \u00eatre de nouveau prim\u00e9. Il attend le r\u00e9sultat du concours Capture the dark, organis\u00e9 par Darksky international qui sera annonc\u00e9 en novembre.<\/p>\n","protected":false},"excerpt":{"rendered":"Anthony Lopez photographie la voie lact\u00e9e dans de nombreuses r\u00e9gions, du Mercantour aux Pyr\u00e9n\u00e9es en passant par La&hellip;\n","protected":false},"author":2,"featured_media":139842,"comment_status":"","ping_status":"","sticky":false,"template":"","format":"standard","meta":{"footnotes":""},"categories":[1358],"tags":[1348,1384,1385,1386,58,59,1011,27,3366],"class_list":{"0":"post-139841","1":"post","2":"type-post","3":"status-publish","4":"format-standard","5":"has-post-thumbnail","7":"category-arts-et-design","8":"tag-arts","9":"tag-arts-and-design","10":"tag-arts-et-design","11":"tag-design","12":"tag-divertissement","13":"tag-entertainment","14":"tag-fr","15":"tag-france","16":"tag-vie-locale"},"share_on_mastodon":{"url":"https:\/\/pubeurope.com\/@fr\/114598214807417764","error":""},"_links":{"self":[{"href":"https:\/\/www.europesays.com\/fr\/wp-json\/wp\/v2\/posts\/139841","targetHints":{"allow":["GET"]}}],"collection":[{"href":"https:\/\/www.europesays.com\/fr\/wp-json\/wp\/v2\/posts"}],"about":[{"href":"https:\/\/www.europesays.com\/fr\/wp-json\/wp\/v2\/types\/post"}],"author":[{"embeddable":true,"href":"https:\/\/www.europesays.com\/fr\/wp-json\/wp\/v2\/users\/2"}],"replies":[{"embeddable":true,"href":"https:\/\/www.europesays.com\/fr\/wp-json\/wp\/v2\/comments?post=139841"}],"version-history":[{"count":0,"href":"https:\/\/www.europesays.com\/fr\/wp-json\/wp\/v2\/posts\/139841\/revisions"}],"wp:featuredmedia":[{"embeddable":true,"href":"https:\/\/www.europesays.com\/fr\/wp-json\/wp\/v2\/media\/139842"}],"wp:attachment":[{"href":"https:\/\/www.europesays.com\/fr\/wp-json\/wp\/v2\/media?parent=139841"}],"wp:term":[{"taxonomy":"category","embeddable":true,"href":"https:\/\/www.europesays.com\/fr\/wp-json\/wp\/v2\/categories?post=139841"},{"taxonomy":"post_tag","embeddable":true,"href":"https:\/\/www.europesays.com\/fr\/wp-json\/wp\/v2\/tags?post=139841"}],"curies":[{"name":"wp","href":"https:\/\/api.w.org\/{rel}","templated":true}]}}