{"id":139847,"date":"2025-05-30T18:34:09","date_gmt":"2025-05-30T18:34:09","guid":{"rendered":"https:\/\/www.europesays.com\/fr\/139847\/"},"modified":"2025-05-30T18:34:09","modified_gmt":"2025-05-30T18:34:09","slug":"la-pauvre-vitaa-bientot-la-fin","status":"publish","type":"post","link":"https:\/\/www.europesays.com\/fr\/139847\/","title":{"rendered":"\u00ab\u00a0La pauvre\u2026\u00a0\u00bb : Vitaa, bient\u00f4t la fin ?"},"content":{"rendered":"<p>      R\u00e9sum\u00e9<\/p>\n<p>Vitaa envisage de ralentir sa carri\u00e8re pour privil\u00e9gier sa vie de famille, tout en explorant une r\u00e9invention artistique centr\u00e9e sur l\u2019\u00e9criture, loin des projecteurs.<\/p>\n<p>        Sommaire<\/p>\n<p>\u00c0 l\u2019aube d\u2019un nouveau chapitre de sa vie, Vitaa, l\u2019une des voix les plus embl\u00e9matiques de la sc\u00e8ne fran\u00e7aise, s\u2019est r\u00e9cemment livr\u00e9e avec franchise sur <strong>ses envies de changement.<\/strong><\/p>\n<p>Dans une interview \u00e9mouvante et sinc\u00e8re, l\u2019artiste revient sur son rapport \u00e0 la musique, son d\u00e9sir de se retirer progressivement de la lumi\u00e8re, et l\u2019importance croissante qu\u2019elle accorde \u00e0 sa vie de famille.<\/p>\n<p>Vitaa : bient\u00f4t la fin ? <\/p>\n<p><a href=\"https:\/\/www.public.fr\/vitaa-de-la-musique-a-la-comedie-elle-debarque-sur-netflix\" target=\"_blank\" rel=\"noopener\">Vitaa a commenc\u00e9 sa carri\u00e8re au d\u00e9but des ann\u00e9es 2000<\/a> et a connu le succ\u00e8s en 2007 avec son album \u00ab\u00a0A Fleur de Toi\u00a0\u00bb. Au fil des ann\u00e9es, la chanteuse a encha\u00een\u00e9 les tourn\u00e9es, les albums \u00e0 succ\u00e8s et les collaborations prestigieuses. Une vie de strass, certes, mais aussi de course permanente.<\/p>\n<p>Aujourd\u2019hui m\u00e8re de famille et \u00e2g\u00e9e de 41 ans, <strong>Vitaa ressent le besoin de faire une pause, de ralentir le rythme pour se recentrer sur l\u2019essentiel.<\/strong> \u00ab\u00a0Cette vie de fast, de courir partout\u2026 Des fois, tu rentres chez toi et tu te demandes si tu n\u2019as pas rat\u00e9 ce moment-l\u00e0 avec les enfants\u00a0\u00bb, vient-elle de confier dans une interview accord\u00e9e \u00e0 Gala. <\/p>\n<p>Cette remise en question, nourrie par le temps qui passe, l\u2019am\u00e8ne \u00e0 s\u2019interroger sur la suite de sa carri\u00e8re. \u00ab\u00a0Quand tu passes la quarantaine, tu te demandes si tu vas faire \u00e7a toute ta vie\u00a0\u00bb, admet-elle. Car au-del\u00e0 de la fatigue physique, c\u2019est aussi la volont\u00e9 de ne pas rater les moments pr\u00e9cieux avec ses proches qui motive cette envie de retrait.<\/p>\n<p>Un amour intact pour la musique, mais autrement<\/p>\n<p>Si <strong><a href=\"https:\/\/www.public.fr\/vitaa-fait-une-proposition-surprenante-a-pierre-garnier-quand-tu-veux\" target=\"_blank\" rel=\"noopener\">Vitaa \u00e9voque la possibilit\u00e9 de mettre un jour un terme \u00e0 sa carri\u00e8re de chanteuse<\/a><\/strong>, ce n\u2019est pas par d\u00e9samour pour la musique, bien au contraire. Elle confie au contraire ressentir un besoin de r\u00e9invention, de renouer avec une facette plus discr\u00e8te, mais tout aussi essentielle de son art : l\u2019\u00e9criture.<\/p>\n<p>\u00ab\u00a0Moi, par exemple, je suis auteure pour moi et pour plein d\u2019autres gens, et c\u2019est un exercice dans lequel je m\u2019\u00e9panouis \u00e9norm\u00e9ment depuis toujours, dans l\u2019ombre\u00a0\u00bb, explique-t-elle.<\/p>\n<p>Loin des feux de la rampe, Vitaa envisage de se consacrer davantage \u00e0 cette activit\u00e9, qu\u2019elle pratique depuis ses d\u00e9buts. \u00ab\u00a0C\u2019est un truc vers lequel je vais aller de plus en plus aussi, en sortant de la lumi\u00e8re\u00a0\u00bb, poursuit-elle. <strong>Cette volont\u00e9 de se retirer progressivement de la sc\u00e8ne <\/strong>ne sonne donc pas comme un adieu, mais comme une transformation, une fa\u00e7on diff\u00e9rente de vivre sa passion pour la musique.<\/p>\n<p>      Mentionn\u00e9s dans cet article<\/p>\n<p>\u00c0 lire aussi<\/p>\n","protected":false},"excerpt":{"rendered":"R\u00e9sum\u00e9 Vitaa envisage de ralentir sa carri\u00e8re pour privil\u00e9gier sa vie de famille, tout en explorant une r\u00e9invention&hellip;\n","protected":false},"author":2,"featured_media":139848,"comment_status":"","ping_status":"","sticky":false,"template":"","format":"standard","meta":{"footnotes":""},"categories":[1355],"tags":[58,59,1011,27,2173,1361,873,10598,26648],"class_list":{"0":"post-139847","1":"post","2":"type-post","3":"status-publish","4":"format-standard","5":"has-post-thumbnail","7":"category-musique","8":"tag-divertissement","9":"tag-entertainment","10":"tag-fr","11":"tag-france","12":"tag-interview","13":"tag-music","14":"tag-musique","15":"tag-musique-francaise","16":"tag-vitaa"},"share_on_mastodon":{"url":"https:\/\/pubeurope.com\/@fr\/114598226405689123","error":""},"_links":{"self":[{"href":"https:\/\/www.europesays.com\/fr\/wp-json\/wp\/v2\/posts\/139847","targetHints":{"allow":["GET"]}}],"collection":[{"href":"https:\/\/www.europesays.com\/fr\/wp-json\/wp\/v2\/posts"}],"about":[{"href":"https:\/\/www.europesays.com\/fr\/wp-json\/wp\/v2\/types\/post"}],"author":[{"embeddable":true,"href":"https:\/\/www.europesays.com\/fr\/wp-json\/wp\/v2\/users\/2"}],"replies":[{"embeddable":true,"href":"https:\/\/www.europesays.com\/fr\/wp-json\/wp\/v2\/comments?post=139847"}],"version-history":[{"count":0,"href":"https:\/\/www.europesays.com\/fr\/wp-json\/wp\/v2\/posts\/139847\/revisions"}],"wp:featuredmedia":[{"embeddable":true,"href":"https:\/\/www.europesays.com\/fr\/wp-json\/wp\/v2\/media\/139848"}],"wp:attachment":[{"href":"https:\/\/www.europesays.com\/fr\/wp-json\/wp\/v2\/media?parent=139847"}],"wp:term":[{"taxonomy":"category","embeddable":true,"href":"https:\/\/www.europesays.com\/fr\/wp-json\/wp\/v2\/categories?post=139847"},{"taxonomy":"post_tag","embeddable":true,"href":"https:\/\/www.europesays.com\/fr\/wp-json\/wp\/v2\/tags?post=139847"}],"curies":[{"name":"wp","href":"https:\/\/api.w.org\/{rel}","templated":true}]}}